{"id":117116,"date":"2021-10-11T12:00:59","date_gmt":"2021-10-11T15:00:59","guid":{"rendered":"https:\/\/grandepremio.com\/br\/noticias\/com-acordo-iminente-imola-desponta-como-substituta-da-china-no-calendario-da-f1-2022\/"},"modified":"2021-10-11T12:01:10","modified_gmt":"2021-10-11T15:01:10","slug":"com-acordo-iminente-imola-desponta-como-substituta-da-china-no-calendario-da-f1-2022","status":"publish","type":"post","link":"https:\/\/grandepremio.com\/br\/f1\/com-acordo-iminente-imola-desponta-como-substituta-da-china-no-calendario-da-f1-2022\/","title":{"rendered":"Com acordo iminente, \u00cdmola desponta como substituta da China no calend\u00e1rio da F1 2022"},"content":{"rendered":"\n<figure class=\"wp-block-embed is-type-video is-provider-youtube wp-block-embed-youtube wp-embed-aspect-16-9 wp-has-aspect-ratio\"><div class=\"wp-block-embed__wrapper\">\n<iframe loading=\"lazy\" title=\"F1 NA TURQUIA: BOTTAS VENCE E VERSTAPPEN RECUPERA A LIDERAN\u00c7A DO CAMPEONATO | Briefing\" width=\"500\" height=\"281\" src=\"https:\/\/www.youtube.com\/embed\/bkq8w0_CwlM?feature=oembed\" frameborder=\"0\" allow=\"accelerometer; autoplay; clipboard-write; encrypted-media; gyroscope; picture-in-picture; web-share\" referrerpolicy=\"strict-origin-when-cross-origin\" allowfullscreen><\/iframe>\n<\/div><figcaption>F1 NA TURQUIA: BOTTAS VENCE E VERSTAPPEN RECUPERA A LIDERAN\u00c7A DO CAMPEONATO | Briefing<\/figcaption><\/figure>\n\n\n\n<p class=\"wp-block-paragraph\">O calend\u00e1rio de 2022 da F\u00f3rmula 1 vai ser confirmado nesta pr\u00f3xima sexta, 15 de outubro, em reuni\u00e3o do Conselho Mundial do Esporte a Motor da FIA (Federa\u00e7\u00e3o Internacional de Automobilismo). <a href=\"https:\/\/www.grandepremio.com\/br\/f1\/noticias\/23-gps-3-rodadas-triplas-fim-novembro-como-formula-1-planeja-calendario-2022\/\">Recentemente, o site brit\u00e2nico RaceFans publicou um esbo\u00e7o do cronograma com 23 GPs<\/a>, mas algumas mudan\u00e7as tendem a ser realizadas sobre a programa\u00e7\u00e3o oficial. O GP da China \u2014 palco da mil\u00e9sima corrida do Mundial de F\u00f3rmula 1, mas ausente dos dois \u00faltimos anos do calend\u00e1rio em raz\u00e3o da pandemia de Covid-19 \u2014 caminha para seguir ausente por mais um ano do calend\u00e1rio. A <a href=\"https:\/\/www.grandepremio.com\/br\/f1\/noticias\/imola-negocia-acordo-historico-para-manter-gp-emilia-romanha-formula-1-ate-2025\/\">tend\u00eancia \u00e9 que, com acordo iminente a ser assinado com o Liberty Media, \u00cdmola<\/a> volte em 2022 como palco da quarta etapa do campeonato, entre o GP da Austr\u00e1lia e o novato GP de Miami. A informa\u00e7\u00e3o \u00e9 do site holand\u00eas RacingNews365.<\/p>\n\n\n\n<p class=\"wp-block-paragraph\">Uma das grandes preocupa\u00e7\u00f5es das autoridades chinesas ainda \u00e9 sobre a pandemia de Covid-19. Recentemente, o governo local anunciou que apenas espectadores oriundos do pa\u00eds v\u00e3o ter acesso liberado \u00e0s arquibancadas dos Jogos Ol\u00edmpicos de Inverno de Pequim, evento marcado para 7 a 20 de fevereiro.<\/p>\n\n\n\n<p class=\"wp-block-paragraph\">O planejamento da F1 para o calend\u00e1rio de 2022 \u00e9 ter 23 corridas, come\u00e7ando em mar\u00e7o, com o GP do Bahrein, e terminando no dia 20 de novembro com o GP de Abu Dhabi, um dia antes da abertura da Copa do Mundo do Catar. O GP da Em\u00edlia-Romanha, em \u00cdmola, despontava como alternativa ao GP da Fran\u00e7a, em Paul Ricard. <\/p>\n\n\n\n<p class=\"wp-block-paragraph\"><strong>\u25b6\ufe0f&nbsp;Inscreva-se nos dois canais do GRANDE PR\u00caMIO no YouTube:&nbsp;<a href=\"https:\/\/www.youtube.com\/channel\/UC9OlHEgxoaY6QY6nWPoiqQg?sub_confirmation=1\" target=\"_blank\" rel=\"noreferrer noopener\">GP<\/a>&nbsp;|&nbsp;<a href=\"https:\/\/www.youtube.com\/channel\/UC9csiS6q_C3C0FYhyr1rnFA?sub_confirmation=1\" target=\"_blank\" rel=\"noreferrer noopener\">GP2<\/a><\/strong><\/p>\n\n\n\n<figure class=\"wp-block-image size-large\"><img decoding=\"async\" src=\"https:\/\/www.grandepremio.com\/br\/wp-content\/uploads\/2021\/10\/190044_cina-1024x683.jpg\" alt=\"GP DA CHINA; GP DA CHINA DE F1;\" class=\"wp-image-516660\"\/><figcaption>Por restri\u00e7\u00f5es no pa\u00eds, o GP da China deve seguir fora da F1 em 2022 (Foto: Scuderia Ferrari)<\/figcaption><\/figure>\n\n\n\n<p class=\"wp-block-paragraph\">De acordo com a publica\u00e7\u00e3o europeia, a etapa gaulesa vai permanecer no pr\u00f3ximo calend\u00e1rio, mas com uma mudan\u00e7a de datas: a prova vai ser disputada em 24 de julho, uma semana antes do GP da Hungria, prova que marca o desfecho da primeira parte do campeonato e da consequente abertura das f\u00e9rias de ver\u00e3o.<\/p>\n\n\n\n<p class=\"wp-block-paragraph\"><strong>Conhe\u00e7a o canal do Grande Pr\u00eamio no YouTube! Clique&nbsp;<a target=\"_blank\" href=\"https:\/\/youtube.com\/GrandePremioTV\" rel=\"noreferrer noopener\">aqui<\/a>.<br>Siga o Grande Pr\u00eamio no&nbsp;<a target=\"_blank\" href=\"https:\/\/twitter.com\/grandepremio\" rel=\"noreferrer noopener\">Twitter&nbsp;<\/a>e no&nbsp;<a target=\"_blank\" href=\"https:\/\/instagram.com\/grandepremio\" rel=\"noreferrer noopener\">Instagram<\/a>!<\/strong><\/p>\n\n\n\n<p class=\"wp-block-paragraph\">Ainda de acordo com o site, o GP de Singapura, outra prova ausente nos dois \u00faltimos anos por conta da pandemia, vai voltar ao calend\u00e1rio, A corrida em Marina Bay ser\u00e1 agendada para o dia 2 de outubro, em rodada tripla com os GPs da R\u00fassia, uma semana antes, e do Jap\u00e3o, sete dias depois.<\/p>\n\n\n\n<figure class=\"wp-block-embed is-type-rich is-provider-spotify wp-block-embed-spotify wp-embed-aspect-21-9 wp-has-aspect-ratio\"><div class=\"wp-block-embed__wrapper\">\n<iframe title=\"Spotify Embed: Paddockast #124: Quem \u00e9 favorito em cada pista que resta na F1 2021?\" style=\"border-radius: 12px\" width=\"100%\" height=\"152\" frameborder=\"0\" allowfullscreen allow=\"autoplay; clipboard-write; encrypted-media; fullscreen; picture-in-picture\" loading=\"lazy\" src=\"https:\/\/open.spotify.com\/embed\/episode\/0nShkAMS0Zl7IQCX1wQ0bG?utm_source=oembed\"><\/iframe>\n<\/div><\/figure>\n","protected":false},"excerpt":{"rendered":"<p>Com medidas de restri\u00e7\u00e3o devido \u00e0 pandemia de Covid-19, a China tende a ficar mais uma temporada sem receber a F\u00f3rmula 1, dando lugar a \u00cdmola em 2022<\/p>\n","protected":false},"author":0,"featured_media":1000432134,"comment_status":"closed","ping_status":"closed","sticky":false,"template":"","format":"standard","meta":{"42wp_featured_image_caption":"","42wp_featured_image_credits":"","42wp_featured_video":"","42wp_featured_image_hidden":false,"42wp_authors_list":[],"footnotes":""},"categories":[2],"tags":[24893,441,26134,147,156,1357,24837,222,29611,1397,158,25027,87,203,82,204],"42wp_author":[47142],"class_list":["post-117116","post","type-post","status-publish","format-standard","has-post-thumbnail","hentry","category-f1","tag-calendario","tag-china","tag-emilia-romanha","tag-f1","tag-f1-2021","tag-f1-2022","tag-formula-1-2","tag-gp-da-china","tag-gp-de-imola","tag-gp-de-singapura","tag-horarios-da-formula-1","tag-imola-2","tag-lewis-hamilton","tag-max-verstappen","tag-mercedes","tag-red-bull","42wp_author-jp-nascimento"],"_links":{"self":[{"href":"https:\/\/grandepremio.com\/br\/wp-json\/wp\/v2\/posts\/117116","targetHints":{"allow":["GET"]}}],"collection":[{"href":"https:\/\/grandepremio.com\/br\/wp-json\/wp\/v2\/posts"}],"about":[{"href":"https:\/\/grandepremio.com\/br\/wp-json\/wp\/v2\/types\/post"}],"replies":[{"embeddable":true,"href":"https:\/\/grandepremio.com\/br\/wp-json\/wp\/v2\/comments?post=117116"}],"version-history":[{"count":0,"href":"https:\/\/grandepremio.com\/br\/wp-json\/wp\/v2\/posts\/117116\/revisions"}],"wp:featuredmedia":[{"embeddable":true,"href":"https:\/\/grandepremio.com\/br\/wp-json\/wp\/v2\/media\/1000432134"}],"wp:attachment":[{"href":"https:\/\/grandepremio.com\/br\/wp-json\/wp\/v2\/media?parent=117116"}],"wp:term":[{"taxonomy":"category","embeddable":true,"href":"https:\/\/grandepremio.com\/br\/wp-json\/wp\/v2\/categories?post=117116"},{"taxonomy":"post_tag","embeddable":true,"href":"https:\/\/grandepremio.com\/br\/wp-json\/wp\/v2\/tags?post=117116"},{"taxonomy":"42wp_author","embeddable":true,"href":"https:\/\/grandepremio.com\/br\/wp-json\/wp\/v2\/42wp_author?post=117116"}],"curies":[{"name":"wp","href":"https:\/\/api.w.org\/{rel}","templated":true}]}}