{"id":117149,"date":"2021-10-10T07:26:01","date_gmt":"2021-10-10T10:26:01","guid":{"rendered":"https:\/\/grandepremio.com\/br\/noticias\/mclaren-troca-pecas-motor-faz-daniel-ricciardo-largar-ultimo-gp-da-turquia\/"},"modified":"2021-10-10T07:26:07","modified_gmt":"2021-10-10T10:26:07","slug":"mclaren-troca-pecas-motor-faz-daniel-ricciardo-largar-ultimo-gp-da-turquia","status":"publish","type":"post","link":"https:\/\/grandepremio.com\/br\/f1\/mclaren-troca-pecas-motor-faz-daniel-ricciardo-largar-ultimo-gp-da-turquia\/","title":{"rendered":"McLaren troca componentes de motor e faz Ricciardo largar em \u00faltimo no GP da Turquia"},"content":{"rendered":"\n<figure class=\"wp-block-embed is-type-video is-provider-youtube wp-block-embed-youtube wp-embed-aspect-16-9 wp-has-aspect-ratio\"><div class=\"wp-block-embed__wrapper\">\n<iframe loading=\"lazy\" title=\"BOTTAS HERDA POLE E VERSTAPPEN SAI EM 2\u00b0: A CLASSIFICA\u00c7\u00c3O DA F1 NA TURQUIA\" width=\"500\" height=\"281\" src=\"https:\/\/www.youtube.com\/embed\/OnYM6pVOQcI?feature=oembed\" frameborder=\"0\" allow=\"accelerometer; autoplay; clipboard-write; encrypted-media; gyroscope; picture-in-picture; web-share\" referrerpolicy=\"strict-origin-when-cross-origin\" allowfullscreen><\/iframe>\n<\/div><figcaption>BOTTAS HERDA POLE E VERSTAPPEN SAI EM 2\u00b0: A CLASSIFICA\u00c7\u00c3O DA F1 NA TURQUIA<\/figcaption><\/figure>\n\n\n\n<p class=\"wp-block-paragraph\">Ser\u00e1 Daniel Ricciardo, e n\u00e3o Carlos Sainz, o piloto que vai fechar o grid de largada do GP da Turquia de logo mais, a partir de 9h (de Bras\u00edlia, GMT-3), com transmiss\u00e3o ao vivo da Band e do servi\u00e7o de streaming F1 TV Pro. A McLaren decidiu trocar componentes da unidade de pot\u00eancia da Mercedes que empurra o carro do australiano depois de uma classifica\u00e7\u00e3o ruim no \u00faltimo s\u00e1bado.<\/p>\n\n\n\n<p class=\"wp-block-paragraph\">Ricciardo foi o primeiro dentre os eliminados no Q1 em Istambul Park. O dono do carro #3, vencedor do GP da It\u00e1lia, em setembro, largaria em 15\u00ba em raz\u00e3o da puni\u00e7\u00e3o imposta a Carlos Sainz, da Ferrari, tamb\u00e9m por troca de todos os componentes de motor.<\/p>\n\n\n\n<p class=\"wp-block-paragraph\"><strong>\u25b6\ufe0f\u00a0Inscreva-se nos dois canais do GRANDE PR\u00caMIO no YouTube:\u00a0<a href=\"https:\/\/www.youtube.com\/channel\/UC9OlHEgxoaY6QY6nWPoiqQg?sub_confirmation=1\" target=\"_blank\" rel=\"noreferrer noopener\">GP<\/a>\u00a0|\u00a0<a href=\"https:\/\/www.youtube.com\/channel\/UC9csiS6q_C3C0FYhyr1rnFA?sub_confirmation=1\" target=\"_blank\" rel=\"noreferrer noopener\">GP2<\/a><\/strong><\/p>\n\n\n\n<figure class=\"wp-block-image size-large\"><img decoding=\"async\" src=\"https:\/\/www.grandepremio.com\/br\/wp-content\/uploads\/2021\/10\/mclaren-danielricciardo-01-1-1024x683.jpg\" alt=\"\" class=\"wp-image-516195\"\/><figcaption>Daniel Ricciardo vai largar no fim do grid logo mais em Istambul (Foto: McLaren)<\/figcaption><\/figure>\n\n\n\n<p class=\"wp-block-paragraph\">Mas a McLaren viu na posi\u00e7\u00e3o obtida por Ricciardo no grid uma oportunidade para trocar pe\u00e7as da unidade motriz do carro e oferecer uma tranquilidade maior para a reta final da temporada. A equipe de Woking decidiu instalar novos motor de combust\u00e3o interna, turbocompressor e MGU-H.<\/p>\n\n\n\n<p class=\"wp-block-paragraph\">Curiosamente, no s\u00e1bado, <a href=\"https:\/\/www.grandepremio.com\/br\/f1\/noticias\/confira-declaracoes-pilotos-classificacao-gp-da-turquia-f1-2021\/\">Sainz revelou que um dos motivos de ter feito a classifica\u00e7\u00e3o, mesmo sabendo que largaria em \u00faltimo<\/a>, foi para tentar eliminar um dos carros da rival McLaren, com quem a Ferrari luta diretamente pelo top-3 do Mundial de Construtores.<\/p>\n\n\n\n<p class=\"wp-block-paragraph\">\u201cO plano sempre foi o mesmo. Fazer o Q1 para eliminar algu\u00e9m do Q2. Eliminamos Ricciardo, que \u00e9 nosso concorrente direto na luta pelo terceiro lugar do Mundial de Construtores, e conseguimos mant\u00ea-lo atr\u00e1s\u201d, disse o espanhol pouco depois da classifica\u00e7\u00e3o.<\/p>\n\n\n\n<p class=\"wp-block-paragraph\">Sainz classificou-se uma posi\u00e7\u00e3o \u00e0 frente de Ricciardo no s\u00e1bado. Desta forma, \u00e9 Daniel quem fecha o grid.<\/p>\n\n\n\n<p class=\"wp-block-paragraph\">A largada do GP da Turquia \u00e9 logo mais, \u00e0s 9h (de Bras\u00edlia, GMT-3). O <strong>GRANDE PR\u00caMIO<\/strong> acompanha tudo <strong><a href=\"https:\/\/www.grandepremio.com\/br\/ao-vivo\/f1\/\">AO VIVO e em TEMPO REAL<\/a><\/strong>. Uma hora antes, a GP TV, o canal do <strong>GRANDE PR\u00caMIO<\/strong> no YouTube, abre a transmiss\u00e3o do Briefing pr\u00e9-corrida, com todas as \u00faltimas informa\u00e7\u00f5es antes do in\u00edcio da prova em Istambul Park.<\/p>\n\n\n\n<figure class=\"wp-block-video\"><video class=\"video-js vjs-big-play-centered\" data-gp-vjs=\"1\" controls src=\"https:\/\/www.grandepremio.com\/br\/wp-content\/uploads\/2021\/10\/MI202110050486_h264_1080p.mp4\"><\/video><figcaption>Carros de Red Bull e AlphaTauri v\u00e3o contar com layout especial na Turquia (V\u00ecdeo: Red Bull)<\/figcaption><\/figure>\n","protected":false},"excerpt":{"rendered":"<p>Eliminado ainda no Q1 no s\u00e1bado em Istambul Park, Daniel Ricciardo vai largar em 20\u00ba e \u00faltimo depois de a McLaren ter optado por trocar pe\u00e7as da unidade de pot\u00eancia que empurra seu carro<\/p>\n","protected":false},"author":0,"featured_media":1000515974,"comment_status":"closed","ping_status":"closed","sticky":false,"template":"","format":"standard","meta":{"42wp_featured_image_caption":"","42wp_featured_image_credits":"","42wp_featured_video":"","42wp_featured_image_hidden":false,"42wp_authors_list":[],"footnotes":""},"categories":[2],"tags":[211,147,156,24837,25536,15288,24836,15287,3758],"42wp_author":[47110],"class_list":["post-117149","post","type-post","status-publish","format-standard","has-post-thumbnail","hentry","category-f1","tag-daniel-ricciardo","tag-f1","tag-f1-2021","tag-formula-1-2","tag-formula-1-2021-2","tag-gp-da-turquia","tag-grande-premio-2","tag-istambul","tag-troca-de-motor","42wp_author-fernando-silva"],"_links":{"self":[{"href":"https:\/\/grandepremio.com\/br\/wp-json\/wp\/v2\/posts\/117149","targetHints":{"allow":["GET"]}}],"collection":[{"href":"https:\/\/grandepremio.com\/br\/wp-json\/wp\/v2\/posts"}],"about":[{"href":"https:\/\/grandepremio.com\/br\/wp-json\/wp\/v2\/types\/post"}],"replies":[{"embeddable":true,"href":"https:\/\/grandepremio.com\/br\/wp-json\/wp\/v2\/comments?post=117149"}],"version-history":[{"count":0,"href":"https:\/\/grandepremio.com\/br\/wp-json\/wp\/v2\/posts\/117149\/revisions"}],"wp:featuredmedia":[{"embeddable":true,"href":"https:\/\/grandepremio.com\/br\/wp-json\/wp\/v2\/media\/1000515974"}],"wp:attachment":[{"href":"https:\/\/grandepremio.com\/br\/wp-json\/wp\/v2\/media?parent=117149"}],"wp:term":[{"taxonomy":"category","embeddable":true,"href":"https:\/\/grandepremio.com\/br\/wp-json\/wp\/v2\/categories?post=117149"},{"taxonomy":"post_tag","embeddable":true,"href":"https:\/\/grandepremio.com\/br\/wp-json\/wp\/v2\/tags?post=117149"},{"taxonomy":"42wp_author","embeddable":true,"href":"https:\/\/grandepremio.com\/br\/wp-json\/wp\/v2\/42wp_author?post=117149"}],"curies":[{"name":"wp","href":"https:\/\/api.w.org\/{rel}","templated":true}]}}