{"id":117158,"date":"2021-10-09T14:16:23","date_gmt":"2021-10-09T17:16:23","guid":{"rendered":"https:\/\/grandepremio.com\/br\/noticias\/fernando-alonso-empolga-rendimento-alpine-turquia-melhor-sabado-ano\/"},"modified":"2021-10-09T14:16:30","modified_gmt":"2021-10-09T17:16:30","slug":"fernando-alonso-empolga-rendimento-alpine-turquia-melhor-sabado-ano","status":"publish","type":"post","link":"https:\/\/grandepremio.com\/br\/f1\/fernando-alonso-empolga-rendimento-alpine-turquia-melhor-sabado-ano\/","title":{"rendered":"Alonso se empolga com rendimento da Alpine na Turquia: &#8220;Melhor s\u00e1bado do ano&#8221;"},"content":{"rendered":"\n<figure class=\"wp-block-embed is-type-video is-provider-youtube wp-block-embed-youtube wp-embed-aspect-16-9 wp-has-aspect-ratio\"><div class=\"wp-block-embed__wrapper\">\n<iframe loading=\"lazy\" title=\"F1 NA TURQUIA: HAMILTON SOBRA E POLE FICA COM BOTTAS. VERSTAPPEN LARGA NA SEGUNDA POSI\u00c7\u00c3O | Briefing\" width=\"500\" height=\"281\" src=\"https:\/\/www.youtube.com\/embed\/-tk1DSyc2G8?feature=oembed\" frameborder=\"0\" allow=\"accelerometer; autoplay; clipboard-write; encrypted-media; gyroscope; picture-in-picture; web-share\" referrerpolicy=\"strict-origin-when-cross-origin\" allowfullscreen><\/iframe>\n<\/div><figcaption>F1 na Turquia: Hamilton sobra e pole fica com Bottas. Verstappen larga na segunda posi\u00e7\u00e3o<\/figcaption><\/figure>\n\n\n\n<p class=\"wp-block-paragraph\">Fernando Alonso conseguiu fazer o sexto melhor tempo da classifica\u00e7\u00e3o para o GP da Turquia, neste s\u00e1bado (9), e vai largar em quinto devido \u00e0 <a href=\"https:\/\/www.grandepremio.com\/br\/f1\/noticias\/valtteri-bottas-aproveita-punicao-lewis-hamilton-larga-na-frente-gp-da-turquia\/\" target=\"_blank\" rel=\"noreferrer noopener\">puni\u00e7\u00e3o que Lewis Hamilton recebeu pela troca do motor de combust\u00e3o interna<\/a>. Ap\u00f3s a sess\u00e3o, o espanhol declarou que foi o melhor s\u00e1bado do ano para ele e n\u00e3o escondeu a felicidade com o desempenho na pista, melhorando ainda mais depois de um bom fim de semana na R\u00fassia, quando se mostrou competitivo e fechou no sexto lugar.<\/p>\n\n\n\n<p class=\"wp-block-paragraph\">Assim, o bicampe\u00e3o mundial garante que Istambul marca a melhor classifica\u00e7\u00e3o que fez no retorno \u00e0 F\u00f3rmula 1.<\/p>\n\n\n\n<p class=\"wp-block-paragraph\">&#8220;Foi com certeza o melhor s\u00e1bado do ano&#8221;, disse o espanhol \u00e0 vers\u00e3o local do servi\u00e7o de streaming DAZN. &#8220;Viemos da melhor corrida em S\u00f3chi no que diz respeito \u00e0 competitividade e agora estou me sentindo bem tamb\u00e9m. Em condi\u00e7\u00f5es de umidade m\u00e9dia, fomos quarto, quinto ou sexto colocados. No Q3, geralmente ca\u00edmos para nono ou d\u00e9cimo, e hoje nos mantivemos em sexto. Com a puni\u00e7\u00e3o ao Hamilton, sairemos em quinto pela parte limpa da pista e com os [pneus] m\u00e9dios do Q2. Vamos ver como o trabalho termina amanh\u00e3&#8221;, afirmou.<\/p>\n\n\n\n<p class=\"wp-block-paragraph\"><strong>\u25b6\ufe0f&nbsp;Inscreva-se nos dois canais do GRANDE PR\u00caMIO no YouTube:&nbsp;<a href=\"https:\/\/www.youtube.com\/channel\/UC9OlHEgxoaY6QY6nWPoiqQg?sub_confirmation=1\" target=\"_blank\" rel=\"noreferrer noopener\">GP<\/a>&nbsp;|&nbsp;<a href=\"https:\/\/www.youtube.com\/channel\/UC9csiS6q_C3C0FYhyr1rnFA?sub_confirmation=1\" target=\"_blank\" rel=\"noreferrer noopener\">GP2<\/a><\/strong><\/p>\n\n\n\n<figure class=\"wp-block-image size-large\"><img decoding=\"async\" src=\"https:\/\/www.grandepremio.com\/br\/wp-content\/uploads\/2021\/09\/alpine-fernandoalonso-01-8-1024x683.jpg\" alt=\"\" class=\"wp-image-512874\"\/><figcaption>Alonso teve desempenho de destaque no GP da R\u00fassia, e espera repetir a f\u00f3rmula na Turquia (Foto: Alpine)<\/figcaption><\/figure>\n\n\n\n<p class=\"wp-block-paragraph\"><strong>Conhe\u00e7a o canal do Grande Pr\u00eamio no YouTube! Clique&nbsp;<a target=\"_blank\" href=\"https:\/\/youtube.com\/GrandePremioTV\" rel=\"noreferrer noopener\">aqui<\/a>.<br>Siga o Grande Pr\u00eamio no&nbsp;<a target=\"_blank\" href=\"https:\/\/twitter.com\/grandepremio\" rel=\"noreferrer noopener\">Twitter&nbsp;<\/a>e no&nbsp;<a target=\"_blank\" href=\"https:\/\/instagram.com\/grandepremio\" rel=\"noreferrer noopener\">Instagram<\/a>!<\/strong><\/p>\n\n\n\n<p class=\"wp-block-paragraph\">Alonso, que escapou de uma puni\u00e7\u00e3o dos comiss\u00e1rios por ter ignorado duas bandeiras amarelas na primeira volta no Q1, espera que os pneus macios sejam pouco \u00fateis na corrida. O piloto ainda cr\u00ea em certa confus\u00e3o na largada, apesar de acreditar que isso n\u00e3o traz benef\u00edcios \u00e0 Alpine. Fora do Q3, o companheiro de Alonso, Esteban Ocon, largar\u00e1 em 12\u00ba, logo atr\u00e1s de Hamilton.<\/p>\n\n\n\n<p class=\"wp-block-paragraph\">&#8220;As voltas que demos ontem n\u00e3o deram resultados claros, a degrada\u00e7\u00e3o foi diferente para todos. Acreditamos que os macios ser\u00e3o bem ruins na corrida&#8221;, previu. &#8220;Classificamos com os amarelos [m\u00e9dios] e teremos dois brancos [duros] que guardamos para a corrida. Amanh\u00e3 deve chover e ter uma largada maluca, justamente quando n\u00e3o precisamos. Imposs\u00edvel largar melhor posicionado, ent\u00e3o esperamos que seja uma corrida normal&#8221;, encerrou.<\/p>\n\n\n\n<p class=\"wp-block-paragraph\">A Alpine ocupa, no momento, a quinta posi\u00e7\u00e3o no campeonato entre os Construtores, 19 pontos \u00e0 frente da AlphaTauri. Com 13 pontos conquistados nas \u00faltimas duas corridas contra zero dos concorrentes, a escuderia francesa busca aumentar a diferen\u00e7a para a irm\u00e3 da Red Bull.<\/p>\n\n\n\n<p class=\"wp-block-paragraph\">O GP da Turquia tem largada marcada para 9h (de Bras\u00edlia, GMT-3) deste domingo e vai ter transmiss\u00e3o ao vivo do canal em TV aberta Band e do servi\u00e7o de streaming&nbsp;<a href=\"https:\/\/www.grandepremio.com\/br\/f1\/\" target=\"_blank\" rel=\"noreferrer noopener\">F1&nbsp;<\/a>TV Pro. O&nbsp;<strong>GRANDE PR\u00caMIO<\/strong>&nbsp;acompanha tudo&nbsp;<strong><a href=\"https:\/\/www.grandepremio.com\/br\/ao-vivo\/f1\/\">AO VIVO e em TEMPO REAL<\/a><\/strong>.<\/p>\n\n\n\n<figure class=\"wp-block-embed is-type-rich is-provider-spotify wp-block-embed-spotify wp-embed-aspect-21-9 wp-has-aspect-ratio\"><div class=\"wp-block-embed__wrapper\">\n<iframe title=\"Spotify Embed: Paddockast #124: Quem \u00e9 favorito em cada pista que resta na F1 2021?\" style=\"border-radius: 12px\" width=\"100%\" height=\"152\" frameborder=\"0\" allowfullscreen allow=\"autoplay; clipboard-write; encrypted-media; fullscreen; picture-in-picture\" loading=\"lazy\" src=\"https:\/\/open.spotify.com\/embed\/episode\/0nShkAMS0Zl7IQCX1wQ0bG?utm_source=oembed\"><\/iframe>\n<\/div><\/figure>\n","protected":false},"excerpt":{"rendered":"<p>Piloto espanhol v\u00ea classifica\u00e7\u00e3o no Istambul Park como a melhor que teve pela Alpine e torce por largada calma para manter posi\u00e7\u00e3o; Ocon larga em 12\u00ba<\/p>\n","protected":false},"author":0,"featured_media":1000512876,"comment_status":"closed","ping_status":"closed","sticky":false,"template":"","format":"standard","meta":{"42wp_featured_image_caption":"","42wp_featured_image_credits":"","42wp_featured_video":"","42wp_featured_image_hidden":false,"42wp_authors_list":[],"footnotes":""},"categories":[2],"tags":[20491,302,147,176,24837,25536,15288,22915],"42wp_author":[47142],"class_list":["post-117158","post","type-post","status-publish","format-standard","has-post-thumbnail","hentry","category-f1","tag-alpine","tag-esteban-ocon","tag-f1","tag-fernando-alonso","tag-formula-1-2","tag-formula-1-2021-2","tag-gp-da-turquia","tag-istambul-park","42wp_author-jp-nascimento"],"_links":{"self":[{"href":"https:\/\/grandepremio.com\/br\/wp-json\/wp\/v2\/posts\/117158","targetHints":{"allow":["GET"]}}],"collection":[{"href":"https:\/\/grandepremio.com\/br\/wp-json\/wp\/v2\/posts"}],"about":[{"href":"https:\/\/grandepremio.com\/br\/wp-json\/wp\/v2\/types\/post"}],"replies":[{"embeddable":true,"href":"https:\/\/grandepremio.com\/br\/wp-json\/wp\/v2\/comments?post=117158"}],"version-history":[{"count":0,"href":"https:\/\/grandepremio.com\/br\/wp-json\/wp\/v2\/posts\/117158\/revisions"}],"wp:featuredmedia":[{"embeddable":true,"href":"https:\/\/grandepremio.com\/br\/wp-json\/wp\/v2\/media\/1000512876"}],"wp:attachment":[{"href":"https:\/\/grandepremio.com\/br\/wp-json\/wp\/v2\/media?parent=117158"}],"wp:term":[{"taxonomy":"category","embeddable":true,"href":"https:\/\/grandepremio.com\/br\/wp-json\/wp\/v2\/categories?post=117158"},{"taxonomy":"post_tag","embeddable":true,"href":"https:\/\/grandepremio.com\/br\/wp-json\/wp\/v2\/tags?post=117158"},{"taxonomy":"42wp_author","embeddable":true,"href":"https:\/\/grandepremio.com\/br\/wp-json\/wp\/v2\/42wp_author?post=117158"}],"curies":[{"name":"wp","href":"https:\/\/api.w.org\/{rel}","templated":true}]}}