{"id":117176,"date":"2021-10-08T15:33:07","date_gmt":"2021-10-08T18:33:07","guid":{"rendered":"https:\/\/grandepremio.com\/br\/noticias\/red-bull-admite-problemas-carro-max-verstappen-turquia\/"},"modified":"2021-10-08T15:35:52","modified_gmt":"2021-10-08T18:35:52","slug":"red-bull-admite-problemas-carro-max-verstappen-turquia","status":"publish","type":"post","link":"https:\/\/grandepremio.com\/br\/f1\/red-bull-admite-problemas-carro-max-verstappen-turquia\/","title":{"rendered":"Red Bull admite problemas com carro de Verstappen na Turquia: &#8220;Confuso para n\u00f3s&#8221;"},"content":{"rendered":"\n<figure class=\"wp-block-embed is-type-video is-provider-youtube wp-block-embed-youtube wp-embed-aspect-16-9 wp-has-aspect-ratio\"><div class=\"wp-block-embed__wrapper\">\n<iframe loading=\"lazy\" title=\"F1 NA TURQUIA: HAMILTON LIDERA E TROCA PE\u00c7AS DO MOTOR + ANDRETTI E ALFA ROMEO | Briefing\" width=\"500\" height=\"281\" src=\"https:\/\/www.youtube.com\/embed\/RyHxZiPPih8?feature=oembed\" frameborder=\"0\" allow=\"accelerometer; autoplay; clipboard-write; encrypted-media; gyroscope; picture-in-picture; web-share\" referrerpolicy=\"strict-origin-when-cross-origin\" allowfullscreen><\/iframe>\n<\/div><figcaption>F1 NA TURQUIA: HAMILTON LIDERA TREINOS LIVRES, TROCA PE\u00c7AS DO MOTOR E PERDE 10 POSI\u00c7\u00d5ES | Briefing<br><\/figcaption><\/figure>\n\n\n\n<p class=\"wp-block-paragraph\">A <a href=\"https:\/\/www.grandepremio.com\/br\/f1\/noticias\/lewis-hamilton-consolida-dominio-fecha-na-frente-sexta-feira-treinos-formula-1-turquia\/\">sexta-feira de treinos livres<\/a> n\u00e3o foi f\u00e1cil para a Red Bull na Turquia. A equipe austr\u00edaca lutou para encontrar o equil\u00edbrio do RB16B, usando estrat\u00e9gias diferentes com seus pilotos. E quem n\u00e3o foi t\u00e3o bem foi Max Verstappen. Com um quinto lugar no TL2, a 0s635 de Lewis Hamilton, que foi dominante nas duas sess\u00f5es, o holand\u00eas <a href=\"https:\/\/www.grandepremio.com\/br\/f1\/noticias\/max-verstappen-se-preocupa-apos-dia-dificil-turquia-vamos-trabalhar-muito-a-noite\/\" target=\"_blank\" rel=\"noreferrer noopener\">mostrou preocupa\u00e7\u00e3o com os resultados.<\/a> Christian Horner, chefe dos taurinos, admitiu os problemas, mas mant\u00e9m a confian\u00e7a de que ir\u00e3o acertar a configura\u00e7\u00e3o do carro de Max para o fim de semana. <\/p>\n\n\n\n<p class=\"wp-block-paragraph\">&#8220;Temos um pouco de equil\u00edbrio, mas \u00e9 ainda um pouco confuso para n\u00f3s. A pista do circuito est\u00e1 mais aderente se comparada ao ano passado&#8221;, explicou Horner, em entrevista \u00e0 emissora brit\u00e2nica Sky Sports.<\/p>\n\n\n\n<p class=\"wp-block-paragraph\">&#8220;Estamos um pouco fora da janela para a configura\u00e7\u00e3o correta do carro do Max, ent\u00e3o hoje vai ser uma noite agitada. Vamos estudar bastante com a equipe e os engenheiros em Milton Keynes tamb\u00e9m. Acho que s\u00f3 precisamos entender o problema. Sabemos que temos um bom carro, ent\u00e3o \u00e9 s\u00f3 uma quest\u00e3o de entrar na janela certa, mas n\u00e3o acho que chegaremos a isso hoje&#8221;, acrescentou.<\/p>\n\n\n\n<p class=\"wp-block-paragraph\"><strong>\u25b6\ufe0f\u00a0Inscreva-se nos dois canais do GRANDE PR\u00caMIO no YouTube:\u00a0<a href=\"https:\/\/www.youtube.com\/channel\/UC9OlHEgxoaY6QY6nWPoiqQg?sub_confirmation=1\" target=\"_blank\" rel=\"noreferrer noopener\">GP<\/a>\u00a0|\u00a0<a href=\"https:\/\/www.youtube.com\/channel\/UC9csiS6q_C3C0FYhyr1rnFA?sub_confirmation=1\" target=\"_blank\" rel=\"noreferrer noopener\">GP2<\/a><\/strong><\/p>\n\n\n\n<figure class=\"wp-block-image size-large\"><img decoding=\"async\" src=\"https:\/\/www.grandepremio.com\/br\/wp-content\/uploads\/2021\/10\/redbull-maxverstappen-01-1024x657.jpg\" alt=\"\" class=\"wp-image-515979\"\/><figcaption>Max Verstappen foi o quinto colocado no TL2 desta sexta-feira (8) (Foto: Getty Images\/Red BulL Content Pool)<\/figcaption><\/figure>\n\n\n\n<p class=\"wp-block-paragraph\">Embora o dono do carro #33 n\u00e3o tenha conseguido seu melhor desempenho nos treinos, Sergio P\u00e9rez, seu companheiro de equipe, encontrou caminhos melhores. Ele chegou a apenas a d\u00e9cima coloca\u00e7\u00e3o na primeira sess\u00e3o, mas subiu para o quarto lugar no TL2, um degrau acima de Verstappen, e parecendo muito mais confort\u00e1vel no comando de seu carro.<\/p>\n\n\n\n<figure class=\"wp-block-embed is-type-rich is-provider-spotify wp-block-embed-spotify wp-embed-aspect-21-9 wp-has-aspect-ratio\"><div class=\"wp-block-embed__wrapper\">\n<iframe title=\"Spotify Embed: Paddockast #124: Quem \u00e9 favorito em cada pista que resta na F1 2021?\" style=\"border-radius: 12px\" width=\"100%\" height=\"152\" frameborder=\"0\" allowfullscreen allow=\"autoplay; clipboard-write; encrypted-media; fullscreen; picture-in-picture\" loading=\"lazy\" src=\"https:\/\/open.spotify.com\/embed\/episode\/0nShkAMS0Zl7IQCX1wQ0bG?utm_source=oembed\"><\/iframe>\n<\/div><\/figure>\n\n\n\n<p class=\"wp-block-paragraph\">Horner explicou, ent\u00e3o, que a marca dos energ\u00e9ticos optou por seguir t\u00e1ticas diferentes com os pilotos. A de &#8216;Checo&#8217;, obviamente, deu mais certo: &#8220;Tentamos obter o m\u00e1ximo de informa\u00e7\u00f5es, ent\u00e3o dividimos as estrat\u00e9gias. Foi um bom dia para o P\u00e9rez, ent\u00e3o j\u00e1 temos alguns bons resultados, o que \u00e9 \u00fatil para decidirmos qual plano seguir amanh\u00e3&#8221;, concluiu.<\/p>\n\n\n\n<p class=\"wp-block-paragraph\">Vale lembrar que, ainda que tenha mostrado um bom ritmo de corrida nos treinos, Lewis Hamilton tem uma puni\u00e7\u00e3o de 10 posi\u00e7\u00f5es no grid de largada para cumprir. H\u00e1, por isso, uma boa chance de Verstappen aproveitar desta situa\u00e7\u00e3o \u2014 sobretudo pelas grandes chances de chuva no fim de semana \u2014 para virar o jogo no Mundial de Pilotos, em que o brit\u00e2nico est\u00e1 \u00e0 frente por m\u00edseros dois pontos. <\/p>\n\n\n\n<p class=\"wp-block-paragraph\">A F\u00f3rmula 1 volta a acelerar em\u00a0<a href=\"https:\/\/www.grandepremio.com\/br\/etapa\/f1\/gp-da-turquia-formula-1-2020\/\" target=\"_blank\" rel=\"noreferrer noopener\">Istambul Park<\/a>\u00a0neste s\u00e1bado. O treino livre 3 ter\u00e1 in\u00edcio \u00e0s 6h (de Bras\u00edlia, GMT-3), enquanto a classifica\u00e7\u00e3o est\u00e1 marcada para 9h. O\u00a0<strong>GRANDE PR\u00caMIO<\/strong>\u00a0acompanha tudo\u00a0<strong><a href=\"https:\/\/www.grandepremio.com\/br\/ao-vivo\/f1\/\">AO VIVO e em TEMPO REAL<\/a><\/strong>.<\/p>\n\n\n\n<figure class=\"wp-block-embed is-type-video is-provider-youtube wp-block-embed-youtube wp-embed-aspect-16-9 wp-has-aspect-ratio\"><div class=\"wp-block-embed__wrapper\">\n<iframe loading=\"lazy\" title=\"NORRIS TRAZ CONVERSA FUNDAMENTAL SOBRE PREPARO PSICOL\u00d3GICO NA F1 | GP \u00e0s 10\" width=\"500\" height=\"281\" src=\"https:\/\/www.youtube.com\/embed\/WdLAv6ERw2Y?start=11&amp;feature=oembed\" frameborder=\"0\" allow=\"accelerometer; autoplay; clipboard-write; encrypted-media; gyroscope; picture-in-picture; web-share\" referrerpolicy=\"strict-origin-when-cross-origin\" allowfullscreen><\/iframe>\n<\/div><figcaption>NORRIS TRAZ CONVERSA FUNDAMENTAL SOBRE PREPARO PSICOL\u00d3GICO NA F1 | GP \u00e0s 10<br><\/figcaption><\/figure>\n\n\n\n<p class=\"wp-block-paragraph\"><\/p>\n\n\n\n<p class=\"wp-block-paragraph\"><\/p>\n\n\n\n<p class=\"wp-block-paragraph\"> <\/p>\n","protected":false},"excerpt":{"rendered":"<p>Christian Horner, chefe de equipe da Red Bull, afirmou que os problemas com o carro de Max Verstappen ainda s\u00e3o confusos, mas mant\u00e9m a confian\u00e7a de que ir\u00e3o melhor\u00e1-lo para o fim de semana <\/p>\n","protected":false},"author":0,"featured_media":1000515980,"comment_status":"closed","ping_status":"closed","sticky":false,"template":"","format":"standard","meta":{"42wp_featured_image_caption":"","42wp_featured_image_credits":"","42wp_featured_video":"","42wp_featured_image_hidden":false,"42wp_authors_list":[],"footnotes":""},"categories":[2],"tags":[655,156,24837,15288,24836,203,26416,204],"42wp_author":[47139],"class_list":["post-117176","post","type-post","status-publish","format-standard","has-post-thumbnail","hentry","category-f1","tag-christian-horner","tag-f1-2021","tag-formula-1-2","tag-gp-da-turquia","tag-grande-premio-2","tag-max-verstappen","tag-rb16b","tag-red-bull","42wp_author-ana-cerveira"],"_links":{"self":[{"href":"https:\/\/grandepremio.com\/br\/wp-json\/wp\/v2\/posts\/117176","targetHints":{"allow":["GET"]}}],"collection":[{"href":"https:\/\/grandepremio.com\/br\/wp-json\/wp\/v2\/posts"}],"about":[{"href":"https:\/\/grandepremio.com\/br\/wp-json\/wp\/v2\/types\/post"}],"replies":[{"embeddable":true,"href":"https:\/\/grandepremio.com\/br\/wp-json\/wp\/v2\/comments?post=117176"}],"version-history":[{"count":0,"href":"https:\/\/grandepremio.com\/br\/wp-json\/wp\/v2\/posts\/117176\/revisions"}],"wp:featuredmedia":[{"embeddable":true,"href":"https:\/\/grandepremio.com\/br\/wp-json\/wp\/v2\/media\/1000515980"}],"wp:attachment":[{"href":"https:\/\/grandepremio.com\/br\/wp-json\/wp\/v2\/media?parent=117176"}],"wp:term":[{"taxonomy":"category","embeddable":true,"href":"https:\/\/grandepremio.com\/br\/wp-json\/wp\/v2\/categories?post=117176"},{"taxonomy":"post_tag","embeddable":true,"href":"https:\/\/grandepremio.com\/br\/wp-json\/wp\/v2\/tags?post=117176"},{"taxonomy":"42wp_author","embeddable":true,"href":"https:\/\/grandepremio.com\/br\/wp-json\/wp\/v2\/42wp_author?post=117176"}],"curies":[{"name":"wp","href":"https:\/\/api.w.org\/{rel}","templated":true}]}}