{"id":117179,"date":"2021-10-08T13:13:55","date_gmt":"2021-10-08T16:13:55","guid":{"rendered":"https:\/\/grandepremio.com\/br\/noticias\/sebastian-vettel-aprova-dia-turquia-aston-martin-explorou-limites-tl2\/"},"modified":"2021-10-08T13:14:01","modified_gmt":"2021-10-08T16:14:01","slug":"sebastian-vettel-aprova-dia-turquia-aston-martin-explorou-limites-tl2","status":"publish","type":"post","link":"https:\/\/grandepremio.com\/br\/f1\/sebastian-vettel-aprova-dia-turquia-aston-martin-explorou-limites-tl2\/","title":{"rendered":"Vettel aprova dia na Turquia e diz que Aston Martin &#8220;explorou limites&#8221; no TL2"},"content":{"rendered":"\n<figure class=\"wp-block-embed is-type-video is-provider-youtube wp-block-embed-youtube wp-embed-aspect-16-9 wp-has-aspect-ratio\"><div class=\"wp-block-embed__wrapper\">\n<iframe loading=\"lazy\" title=\"F1 NA TURQUIA: HAMILTON LIDERA E TROCA PE\u00c7AS DO MOTOR + ANDRETTI E ALFA ROMEO | Briefing\" width=\"500\" height=\"281\" src=\"https:\/\/www.youtube.com\/embed\/RyHxZiPPih8?feature=oembed\" frameborder=\"0\" allow=\"accelerometer; autoplay; clipboard-write; encrypted-media; gyroscope; picture-in-picture; web-share\" referrerpolicy=\"strict-origin-when-cross-origin\" allowfullscreen><\/iframe>\n<\/div><figcaption>F1 NA TURQUIA: HAMILTON LIDERA TREINOS LIVRES, TROCA PE\u00c7AS DO MOTOR E PERDE 10 POSI\u00c7\u00d5ES | Briefing<\/figcaption><\/figure>\n\n\n\n<p class=\"wp-block-paragraph\">O come\u00e7o do fim de semana da Aston Martin n\u00e3o foi grande coisa quando se olha para o resultado do <a href=\"https:\/\/www.grandepremio.com\/br\/f1\/noticias\/lewis-hamilton-consolida-dominio-fecha-na-frente-sexta-feira-treinos-formula-1-turquia\/\">segundo treino livre<\/a>: Lance Stroll ficou com a 13\u00aa coloca\u00e7\u00e3o e Sebastian Vettel foi 16\u00ba, \u00e0 frente somente das Williams e das Haas. Segundo o tetracampe\u00e3o, esta sexta-feira (8) foi boa mesmo assim e o desempenho foi fruto de riscos que a equipe assumiu.<\/p>\n\n\n\n<p class=\"wp-block-paragraph\">Vettel, <a href=\"https:\/\/www.grandepremio.com\/br\/f1\/noticias\/lewis-hamilton-abre-0s4-para-max-verstappen-e-lidera-treino-livre-1-gp-da-turquia\/\">que foi 13\u00ba no TL1<\/a> &#8211; com Stroll em 17\u00ba -, avaliou que \u00e9 poss\u00edvel entender melhor o carro no \u00faltimo treino livre, mas aprovou um come\u00e7o que parecia conturbado dos ingleses. Por fim, reconheceu a melhora das condi\u00e7\u00f5es de ader\u00eancia.<\/p>\n\n\n\n<p class=\"wp-block-paragraph\"><strong>\u25b6\ufe0f\u00a0Inscreva-se nos dois canais do GRANDE PR\u00caMIO no YouTube:\u00a0<a href=\"https:\/\/www.youtube.com\/channel\/UC9OlHEgxoaY6QY6nWPoiqQg?sub_confirmation=1\" target=\"_blank\" rel=\"noreferrer noopener\">GP<\/a>\u00a0|\u00a0<a href=\"https:\/\/www.youtube.com\/channel\/UC9csiS6q_C3C0FYhyr1rnFA?sub_confirmation=1\" target=\"_blank\" rel=\"noreferrer noopener\">GP2<\/a><\/strong><\/p>\n\n\n\n<figure class=\"wp-block-image size-large\"><img decoding=\"async\" src=\"https:\/\/www.grandepremio.com\/br\/wp-content\/uploads\/2021\/10\/000_9PA4PB-1024x683.jpg\" alt=\"\" class=\"wp-image-515705\"\/><figcaption>Sebastian Vettel foi 16\u00ba colocado no TL2 (Foto: AFP)<\/figcaption><\/figure>\n\n\n\n<figure class=\"wp-block-embed is-type-rich is-provider-spotify wp-block-embed-spotify wp-embed-aspect-21-9 wp-has-aspect-ratio\"><div class=\"wp-block-embed__wrapper\">\n<iframe title=\"Spotify Embed: Paddockast #124: Quem \u00e9 favorito em cada pista que resta na F1 2021?\" style=\"border-radius: 12px\" width=\"100%\" height=\"152\" frameborder=\"0\" allowfullscreen allow=\"autoplay; clipboard-write; encrypted-media; fullscreen; picture-in-picture\" loading=\"lazy\" src=\"https:\/\/open.spotify.com\/embed\/episode\/0nShkAMS0Zl7IQCX1wQ0bG?utm_source=oembed\"><\/iframe>\n<\/div><figcaption>Paddockast #124: Quem \u00e9 favorito em cada pista que resta na F1 2021?<\/figcaption><\/figure>\n\n\n\n<p class=\"wp-block-paragraph\">&#8220;No geral, creio que come\u00e7amos bem o fim de semana. Encontramos uma base no TL1 e, na parte da tarde, exploramos os limites e tentamos coisas diferentes. H\u00e1 mais coisa que podemos aprender no TL3 de amanh\u00e3 antes da classifica\u00e7\u00e3o, o que \u00e9 positivo&#8221;, disse.<\/p>\n\n\n\n<p class=\"wp-block-paragraph\">&#8220;Depois do trabalho recente aqui, ainda parece o mesmo circuito, mas com condi\u00e7\u00f5es diferentes de ader\u00eancia, ent\u00e3o as metas n\u00e3o mudaram muito. Por exemplo, sabemos que \u00e9 muito importante ter uma frente forte. ou pode custar muito ao longo de uma volta. Nossa tarefa agora \u00e9 otimizar o que aprendemos nos dois treinos e ter uma classifica\u00e7\u00e3o forte amanh\u00e3&#8221;, finalizou.<\/p>\n\n\n\n<p class=\"wp-block-paragraph\">No s\u00e1bado, o terceiro treino livre est\u00e1 marcado para as 6h (de Bras\u00edlia), enquanto a classifica\u00e7\u00e3o inicia \u00e0s 9h. O <strong>GRANDE PR\u00caMIO<\/strong> acompanha as atividades <a href=\"https:\/\/www.grandepremio.com\/br\/f1\/ao-vivo\"><strong>AO VIVO<\/strong> e <strong>EM TEMPO REAL<\/strong><\/a>.<\/p>\n\n\n\n<p class=\"wp-block-paragraph\"><strong>Conhe\u00e7a o canal do Grande Pr\u00eamio no YouTube! Clique\u00a0<a rel=\"noreferrer noopener\" href=\"https:\/\/youtube.com\/GrandePremioTV\" target=\"_blank\">aqui<\/a>.<br>Siga o Grande Pr\u00eamio no\u00a0<a rel=\"noreferrer noopener\" href=\"https:\/\/twitter.com\/grandepremio\" target=\"_blank\">Twitter\u00a0<\/a>e no\u00a0<a rel=\"noreferrer noopener\" href=\"https:\/\/instagram.com\/grandepremio\" target=\"_blank\">Instagram<\/a>!<\/strong><\/p>\n\n\n\n<figure class=\"wp-block-embed is-type-video is-provider-youtube wp-block-embed-youtube wp-embed-aspect-16-9 wp-has-aspect-ratio\"><div class=\"wp-block-embed__wrapper\">\n<iframe loading=\"lazy\" title=\"F1 NA TURQUIA: RED BULL CONTRA MALDI\u00c7\u00c3O DA PINTURA ESPECIAL + HAMILTON X VERSTAPPEN | WGP\" width=\"500\" height=\"281\" src=\"https:\/\/www.youtube.com\/embed\/0TZhWCpL0y4?feature=oembed\" frameborder=\"0\" allow=\"accelerometer; autoplay; clipboard-write; encrypted-media; gyroscope; picture-in-picture; web-share\" referrerpolicy=\"strict-origin-when-cross-origin\" allowfullscreen><\/iframe>\n<\/div><figcaption>F1 NA TURQUIA: RED BULL CONTRA MALDI\u00c7\u00c3O DA PINTURA ESPECIAL + HAMILTON X VERSTAPPEN | WGP<\/figcaption><\/figure>\n","protected":false},"excerpt":{"rendered":"<p>O resultado da Aston Martin no primeiro dia de atividades na Turquia n\u00e3o foi bom, mas foi o suficiente para agradar Sebastian Vettel<\/p>\n","protected":false},"author":0,"featured_media":1000512880,"comment_status":"closed","ping_status":"closed","sticky":false,"template":"","format":"standard","meta":{"42wp_featured_image_caption":"","42wp_featured_image_credits":"","42wp_featured_video":"","42wp_featured_image_hidden":false,"42wp_authors_list":[],"footnotes":""},"categories":[2],"tags":[309,156,25536,15288,24836,28285,15287,485,210],"42wp_author":[47120],"class_list":["post-117179","post","type-post","status-publish","format-standard","has-post-thumbnail","hentry","category-f1","tag-aston-martin","tag-f1-2021","tag-formula-1-2021-2","tag-gp-da-turquia","tag-grande-premio-2","tag-grandepremio","tag-istambul","tag-lance-stroll","tag-sebastian-vettel","42wp_author-pedro-henrique-marum"],"_links":{"self":[{"href":"https:\/\/grandepremio.com\/br\/wp-json\/wp\/v2\/posts\/117179","targetHints":{"allow":["GET"]}}],"collection":[{"href":"https:\/\/grandepremio.com\/br\/wp-json\/wp\/v2\/posts"}],"about":[{"href":"https:\/\/grandepremio.com\/br\/wp-json\/wp\/v2\/types\/post"}],"replies":[{"embeddable":true,"href":"https:\/\/grandepremio.com\/br\/wp-json\/wp\/v2\/comments?post=117179"}],"version-history":[{"count":0,"href":"https:\/\/grandepremio.com\/br\/wp-json\/wp\/v2\/posts\/117179\/revisions"}],"wp:featuredmedia":[{"embeddable":true,"href":"https:\/\/grandepremio.com\/br\/wp-json\/wp\/v2\/media\/1000512880"}],"wp:attachment":[{"href":"https:\/\/grandepremio.com\/br\/wp-json\/wp\/v2\/media?parent=117179"}],"wp:term":[{"taxonomy":"category","embeddable":true,"href":"https:\/\/grandepremio.com\/br\/wp-json\/wp\/v2\/categories?post=117179"},{"taxonomy":"post_tag","embeddable":true,"href":"https:\/\/grandepremio.com\/br\/wp-json\/wp\/v2\/tags?post=117179"},{"taxonomy":"42wp_author","embeddable":true,"href":"https:\/\/grandepremio.com\/br\/wp-json\/wp\/v2\/42wp_author?post=117179"}],"curies":[{"name":"wp","href":"https:\/\/api.w.org\/{rel}","templated":true}]}}