{"id":117183,"date":"2021-10-08T12:28:49","date_gmt":"2021-10-08T15:28:49","guid":{"rendered":"https:\/\/grandepremio.com\/br\/noticias\/charles-leclerc-ferrari-nao-deve-se-deixar-levar-com-segundo-lugar-treinos-turquia\/"},"modified":"2021-10-08T12:28:55","modified_gmt":"2021-10-08T15:28:55","slug":"charles-leclerc-ferrari-nao-deve-se-deixar-levar-com-segundo-lugar-treinos-turquia","status":"publish","type":"post","link":"https:\/\/grandepremio.com\/br\/f1\/charles-leclerc-ferrari-nao-deve-se-deixar-levar-com-segundo-lugar-treinos-turquia\/","title":{"rendered":"Leclerc sorri, mas diz que Ferrari \u201cn\u00e3o deve se deixar levar\u201d com 2\u00ba em treinos na Turquia"},"content":{"rendered":"\n<figure class=\"wp-block-embed is-type-video is-provider-youtube wp-block-embed-youtube wp-embed-aspect-16-9 wp-has-aspect-ratio\"><div class=\"wp-block-embed__wrapper\">\n<iframe loading=\"lazy\" title=\"F1 NA TURQUIA: HAMILTON LIDERA E TROCA PE\u00c7AS DO MOTOR + ANDRETTI E ALFA ROMEO | Briefing\" width=\"500\" height=\"281\" src=\"https:\/\/www.youtube.com\/embed\/RyHxZiPPih8?feature=oembed\" frameborder=\"0\" allow=\"accelerometer; autoplay; clipboard-write; encrypted-media; gyroscope; picture-in-picture; web-share\" referrerpolicy=\"strict-origin-when-cross-origin\" allowfullscreen><\/iframe>\n<\/div><figcaption>TUDO SOBRE OS TREINOS LIVRES DO GP DA TURQUIA DE F1 | BRIEFING <\/figcaption><\/figure>\n\n\n\n<p class=\"wp-block-paragraph\">A sexta-feira (8) de treinos livres foi muito positiva para a Ferrari e Charles Leclerc em Istambul, palco do GP da Turquia deste fim de semana. O monegasco esteve no top-3 nas duas sess\u00f5es do dia, <a href=\"https:\/\/www.grandepremio.com\/br\/f1\/noticias\/lewis-hamilton-abre-0s4-para-max-verstappen-e-lidera-treino-livre-1-gp-da-turquia\/\">sendo o terceiro colocado na atividade pela manh\u00e3<\/a> e ficou s\u00f3 atr\u00e1s de Lewis Hamilton e Max Verstappen, distante 0s476 da lideran\u00e7a. <a href=\"https:\/\/www.grandepremio.com\/br\/f1\/noticias\/lewis-hamilton-consolida-dominio-fecha-na-frente-sexta-feira-treinos-formula-1-turquia\/\">J\u00e1 no per\u00edodo da tarde, Leclerc melhorou ainda mais e foi o segundo, apenas 0s166 mais lento que Lewis Hamilton<\/a>.<\/p>\n\n\n\n<p class=\"wp-block-paragraph\">Mas quando se trata da sequ\u00eancia do fim de semana em Istambul Park, o dono do carro #16 prefere manter os p\u00e9s no ch\u00e3o e avisa: a Ferrari n\u00e3o deve se empolgar com o que mostrou nesta sexta-feira.<\/p>\n\n\n\n<p class=\"wp-block-paragraph\"><strong>\u25b6\ufe0f\u00a0Inscreva-se nos dois canais do GRANDE PR\u00caMIO no YouTube:\u00a0<a href=\"https:\/\/www.youtube.com\/channel\/UC9OlHEgxoaY6QY6nWPoiqQg?sub_confirmation=1\" target=\"_blank\" rel=\"noreferrer noopener\">GP<\/a>\u00a0|\u00a0<a href=\"https:\/\/www.youtube.com\/channel\/UC9csiS6q_C3C0FYhyr1rnFA?sub_confirmation=1\" target=\"_blank\" rel=\"noreferrer noopener\">GP2<\/a><\/strong><\/p>\n\n\n\n<figure class=\"wp-block-image size-large\"><img decoding=\"async\" src=\"https:\/\/www.grandepremio.com\/br\/wp-content\/uploads\/2021\/10\/FBKi2cjWQAc81cY-1024x683.jpg\" alt=\"CHARLES LECLERC; FERRARI;\" class=\"wp-image-515900\"\/><figcaption>Charles Leclerc manteve os p\u00e9s no ch\u00e3o ap\u00f3s bom dia na Turquia (Foto: Scuderia Ferrari)<\/figcaption><\/figure>\n\n\n\n<p class=\"wp-block-paragraph\">Com seu melhor tempo em 1min23s970, Leclerc sorriu quando falou sobre o bom desempenho apresentado nesta sexta-feira, mas disse que h\u00e1 muito mais pela frente das equipes de ponta, leia-se Mercedes e Red Bull.<\/p>\n\n\n\n<p class=\"wp-block-paragraph\">\u201cA sensa\u00e7\u00e3o foi boa durante o dia todo, mas, novamente, n\u00e3o devemos nos deixar levar. Ainda acho que as equipes da frente t\u00eam mais a mostrar\u201d, declarou o piloto em entrevista ao site oficial da F\u00f3rmula 1.<\/p>\n\n\n\n<p class=\"wp-block-paragraph\">Quando questionado sobre as condi\u00e7\u00f5es do asfalto e a compara\u00e7\u00e3o com a situa\u00e7\u00e3o ca\u00f3tica vista no ano passado, Leclerc tra\u00e7ou um comparativo, mas, novamente, evitou se empolgar. \u201cH\u00e1 muito mais ader\u00eancia, mas a sensa\u00e7\u00e3o \u00e9 relativamente similar. Ainda escorregando um pouco para fazer a volta\u201d.<\/p>\n\n\n\n<p class=\"wp-block-paragraph\">No fim das contas, a avalia\u00e7\u00e3o sobre o dia como um todo foi bastante positiva, at\u00e9 mesmo em ritmo de corrida. Mas o dono do carro #16 entende que \u00e9 preciso seguir trabalhando.<\/p>\n\n\n\n<figure class=\"wp-block-embed is-type-rich is-provider-spotify wp-block-embed-spotify wp-embed-aspect-21-9 wp-has-aspect-ratio\"><div class=\"wp-block-embed__wrapper\">\n<iframe title=\"Spotify Embed: Paddockast #124: Quem \u00e9 favorito em cada pista que resta na F1 2021?\" style=\"border-radius: 12px\" width=\"100%\" height=\"152\" frameborder=\"0\" allowfullscreen allow=\"autoplay; clipboard-write; encrypted-media; fullscreen; picture-in-picture\" loading=\"lazy\" src=\"https:\/\/open.spotify.com\/embed\/episode\/0nShkAMS0Zl7IQCX1wQ0bG?si=l6y8jiesQMCQx0n_jG9ofg&amp;dl_branch=1&amp;utm_source=oembed\"><\/iframe>\n<\/div><figcaption>Quem \u00e9 o favorito em cada pista que resta na temporada 2021 da F\u00f3rmula 1? Ou\u00e7a j\u00e1 no Paddockast #124<\/figcaption><\/figure>\n\n\n\n<p class=\"wp-block-paragraph\">\u201cParece bom mesmo com tanque cheio. Tudo parece bem at\u00e9 agora. Mas, novamente, \u00e9 somente sexta-feira, e por enquanto quero manter focado e seguir trabalhando como for poss\u00edvel para tentar fazer o melhor ajuste do carro e ter uma classifica\u00e7\u00e3o perfeita amanh\u00e3\u201d, concluiu.<\/p>\n\n\n\n<p class=\"wp-block-paragraph\">A\u00a0<a href=\"https:\/\/www.grandepremio.com\/br\/f1\/\" target=\"_blank\" rel=\"noreferrer noopener\">F\u00f3rmula 1<\/a>\u00a0volta a acelerar em\u00a0<a href=\"https:\/\/www.grandepremio.com\/br\/etapa\/f1\/gp-da-turquia-formula-1-2020\/\" target=\"_blank\" rel=\"noreferrer noopener\">Istambul Park<\/a>\u00a0neste s\u00e1bado. O treino livre 3 ter\u00e1 in\u00edcio \u00e0s 6h (de Bras\u00edlia, GMT-3), enquanto a classifica\u00e7\u00e3o est\u00e1 marcada para 9h. O\u00a0<strong>GRANDE PR\u00caMIO<\/strong>\u00a0acompanha tudo\u00a0<strong><a href=\"https:\/\/www.grandepremio.com\/br\/ao-vivo\/f1\/\">AO VIVO e em TEMPO REAL<\/a><\/strong>.<\/p>\n","protected":false},"excerpt":{"rendered":"<p>Charles Leclerc surpreendeu e finalizou a sexta-feira de treinos livres em segundo lugar, a apenas 0s166 do tempo estabelecido por Lewis Hamilton. Mas o monegasco n\u00e3o se ilude<\/p>\n","protected":false},"author":0,"featured_media":1000515841,"comment_status":"closed","ping_status":"closed","sticky":false,"template":"","format":"standard","meta":{"42wp_featured_image_caption":"","42wp_featured_image_credits":"","42wp_featured_video":"","42wp_featured_image_hidden":false,"42wp_authors_list":[],"footnotes":""},"categories":[2],"tags":[209,147,156,207,24837,25536,15288,24836,87,2148],"42wp_author":[47110],"class_list":["post-117183","post","type-post","status-publish","format-standard","has-post-thumbnail","hentry","category-f1","tag-charles-leclerc","tag-f1","tag-f1-2021","tag-ferrari","tag-formula-1-2","tag-formula-1-2021-2","tag-gp-da-turquia","tag-grande-premio-2","tag-lewis-hamilton","tag-sexta-feira","42wp_author-fernando-silva"],"_links":{"self":[{"href":"https:\/\/grandepremio.com\/br\/wp-json\/wp\/v2\/posts\/117183","targetHints":{"allow":["GET"]}}],"collection":[{"href":"https:\/\/grandepremio.com\/br\/wp-json\/wp\/v2\/posts"}],"about":[{"href":"https:\/\/grandepremio.com\/br\/wp-json\/wp\/v2\/types\/post"}],"replies":[{"embeddable":true,"href":"https:\/\/grandepremio.com\/br\/wp-json\/wp\/v2\/comments?post=117183"}],"version-history":[{"count":0,"href":"https:\/\/grandepremio.com\/br\/wp-json\/wp\/v2\/posts\/117183\/revisions"}],"wp:featuredmedia":[{"embeddable":true,"href":"https:\/\/grandepremio.com\/br\/wp-json\/wp\/v2\/media\/1000515841"}],"wp:attachment":[{"href":"https:\/\/grandepremio.com\/br\/wp-json\/wp\/v2\/media?parent=117183"}],"wp:term":[{"taxonomy":"category","embeddable":true,"href":"https:\/\/grandepremio.com\/br\/wp-json\/wp\/v2\/categories?post=117183"},{"taxonomy":"post_tag","embeddable":true,"href":"https:\/\/grandepremio.com\/br\/wp-json\/wp\/v2\/tags?post=117183"},{"taxonomy":"42wp_author","embeddable":true,"href":"https:\/\/grandepremio.com\/br\/wp-json\/wp\/v2\/42wp_author?post=117183"}],"curies":[{"name":"wp","href":"https:\/\/api.w.org\/{rel}","templated":true}]}}