{"id":117186,"date":"2021-10-08T11:04:28","date_gmt":"2021-10-08T14:04:28","guid":{"rendered":"https:\/\/grandepremio.com\/br\/noticias\/max-verstappen-se-preocupa-apos-dia-dificil-turquia-vamos-trabalhar-muito-a-noite\/"},"modified":"2021-10-08T11:04:36","modified_gmt":"2021-10-08T14:04:36","slug":"max-verstappen-se-preocupa-apos-dia-dificil-turquia-vamos-trabalhar-muito-a-noite","status":"publish","type":"post","link":"https:\/\/grandepremio.com\/br\/f1\/max-verstappen-se-preocupa-apos-dia-dificil-turquia-vamos-trabalhar-muito-a-noite\/","title":{"rendered":"Verstappen se preocupa ap\u00f3s dia dif\u00edcil na Turquia: \u201cVamos trabalhar muito \u00e0 noite\u201d"},"content":{"rendered":"\n<figure class=\"wp-block-embed is-type-video is-provider-youtube wp-block-embed-youtube wp-embed-aspect-16-9 wp-has-aspect-ratio\"><div class=\"wp-block-embed__wrapper\">\n<iframe loading=\"lazy\" title=\"F1 NA TURQUIA: HAMILTON LIDERA E TROCA PE\u00c7AS DO MOTOR + ANDRETTI E ALFA ROMEO | Briefing\" width=\"500\" height=\"281\" src=\"https:\/\/www.youtube.com\/embed\/RyHxZiPPih8?feature=oembed\" frameborder=\"0\" allow=\"accelerometer; autoplay; clipboard-write; encrypted-media; gyroscope; picture-in-picture; web-share\" referrerpolicy=\"strict-origin-when-cross-origin\" allowfullscreen><\/iframe>\n<\/div><figcaption>F1 NA TURQUIA: HAMILTON LIDERA TREINOS LIVRES, TROCA PE\u00c7AS DO MOTOR E PERDE 10 POSI\u00c7\u00d5ES | Briefing<\/figcaption><\/figure>\n\n\n\n<p class=\"wp-block-paragraph\">Ao mesmo tempo em que teve uma boa not\u00edcia com a confirma\u00e7\u00e3o da puni\u00e7\u00e3o imposta a Lewis Hamilton \u2014 que vai perder dez posi\u00e7\u00f5es no grid do GP da Turquia por conta da troca para o quarto motor de combust\u00e3o interna (ICE) \u2014, Max Verstappen tamb\u00e9m teve de lidar com a dureza de uma sexta-feira (8) de treinos livres bastante complicada em Istambul. Nas duas sess\u00f5es, o vice-l\u00edder do Mundial de Pilotos teve de lidar com a falta de equil\u00edbrio no carro da Red Bull.<\/p>\n\n\n\n<p class=\"wp-block-paragraph\">O holand\u00eas n\u00e3o escondeu a preocupa\u00e7\u00e3o com a falta de performance. <a href=\"https:\/\/www.grandepremio.com\/br\/f1\/noticias\/lewis-hamilton-abre-0s4-para-max-verstappen-e-lidera-treino-livre-1-gp-da-turquia\/\">No treino livre 1, Max terminou em segundo, mas foi superado em 0s425 por Lewis Hamilton<\/a>, o dono da sexta-feira em Istambul Park.<a href=\"https:\/\/www.grandepremio.com\/br\/f1\/noticias\/lewis-hamilton-consolida-dominio-fecha-na-frente-sexta-feira-treinos-formula-1-turquia\/\"> J\u00e1 no treino livre 2, Verstappen foi superado at\u00e9 pelo companheiro de equipe, Sergio P\u00e9rez, e foi somente o quinto mais r\u00e1pido, sendo 0s635 mais lento que o rival<\/a>.<\/p>\n\n\n\n<p class=\"wp-block-paragraph\"><strong>\u25b6\ufe0f\u00a0Inscreva-se nos dois canais do GRANDE PR\u00caMIO no YouTube:\u00a0<a href=\"https:\/\/www.youtube.com\/channel\/UC9OlHEgxoaY6QY6nWPoiqQg?sub_confirmation=1\" target=\"_blank\" rel=\"noreferrer noopener\">GP<\/a>\u00a0|\u00a0<a href=\"https:\/\/www.youtube.com\/channel\/UC9csiS6q_C3C0FYhyr1rnFA?sub_confirmation=1\" target=\"_blank\" rel=\"noreferrer noopener\">GP2<\/a><\/strong><\/p>\n\n\n\n<figure class=\"wp-block-image size-large\"><img decoding=\"async\" src=\"https:\/\/www.grandepremio.com\/br\/wp-content\/uploads\/2021\/10\/SI202110080518_news-1024x683.jpg\" alt=\"MAX VERSTAPPEN; RED BULL; GP DA TURQUIA; F\u00d3RMULA 1; TREINO LIVRE;\" class=\"wp-image-515859\"\/><figcaption>Max Verstappen est\u00e1 preocupado com o desempenho da Red Bull (Foto: Mark Thompson\/Getty Images\/Red Bull Content Pool)<\/figcaption><\/figure>\n\n\n\n<p class=\"wp-block-paragraph\">Questionado pela emissora brit\u00e2nica Sky Sports sobre a puni\u00e7\u00e3o imposta a Hamilton neste fim de semana, Verstappen novamente adotou o discurso de foco nele pr\u00f3prio e nos trabalhos om a Red Bull.<\/p>\n\n\n\n<p class=\"wp-block-paragraph\">\u201cN\u00e3o estamos preocupados com o motor de Hamilton, estamos focados em n\u00f3s mesmos. Vamos trabalhar muito nesta noite. Temos de trabalhar e ver se estamos em condi\u00e7\u00f5es de encontrar algo\u201d, avisou.<\/p>\n\n\n\n<p class=\"wp-block-paragraph\">A grande preocupa\u00e7\u00e3o de Max est\u00e1 mesmo nos problemas enfrentados ao longo do dia. Ainda n\u00e3o est\u00e1 confirmado se a falta de performance do carro de Verstappen \u00e9 resultado dos fortes ventos que atingiram a regi\u00e3o de Tuzla, nas cercanias de Istambul. Foram registradas rajadas acima dos 30 km\/h no per\u00edodo da tarde.<\/p>\n\n\n\n<p class=\"wp-block-paragraph\">\u201cMudamos algumas coisas para o segundo treino porque tamb\u00e9m n\u00e3o fomos muito bem no primeiro. Temos de entender melhor algumas coisas, j\u00e1 que temos poucas informa\u00e7\u00f5es desse circuito\u201d, salientou o piloto, que lembrou que no ano passado, em raz\u00e3o de as atividades terem sido feitas todas na chuva, n\u00e3o h\u00e1 dados do circuito com pista seca na atual configura\u00e7\u00e3o dos carros.<\/p>\n\n\n\n<figure class=\"wp-block-embed is-type-rich is-provider-spotify wp-block-embed-spotify wp-embed-aspect-21-9 wp-has-aspect-ratio\"><div class=\"wp-block-embed__wrapper\">\n<iframe title=\"Spotify Embed: Paddockast #124: Quem \u00e9 favorito em cada pista que resta na F1 2021?\" style=\"border-radius: 12px\" width=\"100%\" height=\"152\" frameborder=\"0\" allowfullscreen allow=\"autoplay; clipboard-write; encrypted-media; fullscreen; picture-in-picture\" loading=\"lazy\" src=\"https:\/\/open.spotify.com\/embed\/episode\/0nShkAMS0Zl7IQCX1wQ0bG?si=l6y8jiesQMCQx0n_jG9ofg&amp;dl_branch=1&amp;utm_source=oembed\"><\/iframe>\n<\/div><figcaption>Quem \u00e9 o favorito em cada pista que resta na temporada 2021 da F\u00f3rmula 1? Ou\u00e7a j\u00e1 no Paddockast #124<br><\/figcaption><\/figure>\n\n\n\n<p class=\"wp-block-paragraph\">Longe de estar satisfeito, Verstappen sabe que vai ter de trabalhar junto com a equipe nas pr\u00f3ximas horas para melhorar muito diante do s\u00e1bado de classifica\u00e7\u00e3o na Turquia. \u201cVamos ter uma longa noite pela frente. A pista em si est\u00e1 em boas condi\u00e7\u00f5es e h\u00e1 mais ader\u00eancia, mas esperamos que as coisas possam melhorar para n\u00f3s\u201d, concluiu.<\/p>\n\n\n\n<p class=\"wp-block-paragraph\">A F\u00f3rmula 1 volta a acelerar em\u00a0<a href=\"https:\/\/www.grandepremio.com\/br\/etapa\/f1\/gp-da-turquia-formula-1-2020\/\" target=\"_blank\" rel=\"noreferrer noopener\">Istambul Park<\/a>\u00a0neste s\u00e1bado. O treino livre 3 ter\u00e1 in\u00edcio \u00e0s 6h (de Bras\u00edlia, GMT-3), enquanto a classifica\u00e7\u00e3o est\u00e1 marcada para 9h. O\u00a0<strong>GRANDE PR\u00caMIO<\/strong>\u00a0acompanha tudo\u00a0<strong><a href=\"https:\/\/www.grandepremio.com\/br\/ao-vivo\/f1\/\">AO VIVO e em TEMPO REAL<\/a><\/strong>.<\/p>\n\n\n\n<figure class=\"wp-block-video\"><video class=\"video-js vjs-big-play-centered\" data-gp-vjs=\"1\" controls src=\"https:\/\/www.grandepremio.com\/br\/wp-content\/uploads\/2021\/10\/MI202110050486_h264_1080p.mp4\"><\/video><figcaption>Carros de Red Bull e AlphaTauri v\u00e3o contar com layout especial na Turquia (V\u00ecdeo: Red Bull)<\/figcaption><\/figure>\n","protected":false},"excerpt":{"rendered":"<p>Em Istambul, Max Verstappen foi perguntado tamb\u00e9m sobre seu grande rival na luta pelo t\u00edtulo: \u201cN\u00e3o estamos preocupados com o motor de Lewis Hamilton\u201d, disparou<\/p>\n","protected":false},"author":0,"featured_media":1000515859,"comment_status":"closed","ping_status":"closed","sticky":false,"template":"","format":"standard","meta":{"42wp_featured_image_caption":"","42wp_featured_image_credits":"","42wp_featured_video":"","42wp_featured_image_hidden":false,"42wp_authors_list":[],"footnotes":""},"categories":[2],"tags":[147,156,24837,25536,15288,24836,15287,87,203],"42wp_author":[47110],"class_list":["post-117186","post","type-post","status-publish","format-standard","has-post-thumbnail","hentry","category-f1","tag-f1","tag-f1-2021","tag-formula-1-2","tag-formula-1-2021-2","tag-gp-da-turquia","tag-grande-premio-2","tag-istambul","tag-lewis-hamilton","tag-max-verstappen","42wp_author-fernando-silva"],"_links":{"self":[{"href":"https:\/\/grandepremio.com\/br\/wp-json\/wp\/v2\/posts\/117186","targetHints":{"allow":["GET"]}}],"collection":[{"href":"https:\/\/grandepremio.com\/br\/wp-json\/wp\/v2\/posts"}],"about":[{"href":"https:\/\/grandepremio.com\/br\/wp-json\/wp\/v2\/types\/post"}],"replies":[{"embeddable":true,"href":"https:\/\/grandepremio.com\/br\/wp-json\/wp\/v2\/comments?post=117186"}],"version-history":[{"count":0,"href":"https:\/\/grandepremio.com\/br\/wp-json\/wp\/v2\/posts\/117186\/revisions"}],"wp:featuredmedia":[{"embeddable":true,"href":"https:\/\/grandepremio.com\/br\/wp-json\/wp\/v2\/media\/1000515859"}],"wp:attachment":[{"href":"https:\/\/grandepremio.com\/br\/wp-json\/wp\/v2\/media?parent=117186"}],"wp:term":[{"taxonomy":"category","embeddable":true,"href":"https:\/\/grandepremio.com\/br\/wp-json\/wp\/v2\/categories?post=117186"},{"taxonomy":"post_tag","embeddable":true,"href":"https:\/\/grandepremio.com\/br\/wp-json\/wp\/v2\/tags?post=117186"},{"taxonomy":"42wp_author","embeddable":true,"href":"https:\/\/grandepremio.com\/br\/wp-json\/wp\/v2\/42wp_author?post=117186"}],"curies":[{"name":"wp","href":"https:\/\/api.w.org\/{rel}","templated":true}]}}