{"id":117187,"date":"2021-10-08T10:48:18","date_gmt":"2021-10-08T13:48:18","guid":{"rendered":"https:\/\/grandepremio.com\/br\/noticias\/chefe-alphatauri-defende-calendario-f1-23-etapas-que-insatisfeitos-devem-sair\/"},"modified":"2021-10-08T10:48:24","modified_gmt":"2021-10-08T13:48:24","slug":"chefe-alphatauri-defende-calendario-f1-23-etapas-que-insatisfeitos-devem-sair","status":"publish","type":"post","link":"https:\/\/grandepremio.com\/br\/f1\/chefe-alphatauri-defende-calendario-f1-23-etapas-que-insatisfeitos-devem-sair\/","title":{"rendered":"Chefe da AlphaTauri defende calend\u00e1rio com 23 etapas e que insatisfeitos &#8220;devem sair&#8221;"},"content":{"rendered":"\n<figure class=\"wp-block-embed is-type-video is-provider-youtube wp-block-embed-youtube wp-embed-aspect-16-9 wp-has-aspect-ratio\"><div class=\"wp-block-embed__wrapper\">\n<iframe loading=\"lazy\" title=\"F1 NA TURQUIA: HAMILTON LIDERA E TROCA PE\u00c7AS DO MOTOR + ANDRETTI E ALFA ROMEO | Briefing\" width=\"500\" height=\"281\" src=\"https:\/\/www.youtube.com\/embed\/RyHxZiPPih8?feature=oembed\" frameborder=\"0\" allow=\"accelerometer; autoplay; clipboard-write; encrypted-media; gyroscope; picture-in-picture; web-share\" referrerpolicy=\"strict-origin-when-cross-origin\" allowfullscreen><\/iframe>\n<\/div><\/figure>\n\n\n\n<p class=\"wp-block-paragraph\">A F\u00f3rmula 1 se encaminha para contar com 23 etapas na temporada 2022. O alto n\u00famero de provas levanta um debate sobre o desgaste que o excesso de viagens pode causar para quem trabalha nas equipes e na categoria. Enquanto alguns defendem uma redu\u00e7\u00e3o, Franz Tost, chefe da AlphaTauri tem uma posi\u00e7\u00e3o forte sobre o assunto.<\/p>\n\n\n\n<p class=\"wp-block-paragraph\">As 23 corridas j\u00e1 eram esperadas para 2021, mas a F1 deve realizar 22 at\u00e9 o fim do ano. Com isso, o calend\u00e1rio da pr\u00f3xima temporada, que deve ser revelado na semana que vem, ser\u00e1 o maior da hist\u00f3ria. Mesmo assim, Tost defende com afinco a decis\u00e3o.<\/p>\n\n\n\n<p class=\"wp-block-paragraph\"><strong>\u25b6\ufe0f\u00a0Inscreva-se nos dois canais do GRANDE PR\u00caMIO no YouTube:\u00a0<a href=\"https:\/\/www.youtube.com\/channel\/UC9OlHEgxoaY6QY6nWPoiqQg?sub_confirmation=1\" target=\"_blank\" rel=\"noreferrer noopener\">GP<\/a>\u00a0|\u00a0<a href=\"https:\/\/www.youtube.com\/channel\/UC9csiS6q_C3C0FYhyr1rnFA?sub_confirmation=1\" target=\"_blank\" rel=\"noreferrer noopener\">GP2<\/a><\/strong><\/p>\n\n\n\n<figure class=\"wp-block-image size-large\"><img decoding=\"async\" src=\"https:\/\/www.grandepremio.com\/br\/wp-content\/uploads\/2021\/01\/SI202002150309_hires_jpeg_24bit_rgb-1024x683.jpg\" alt=\"\" class=\"wp-image-446555\"\/><figcaption>Franz Tost, chefe da AlphaTauri (Foto: Red Bull Content Pool)<\/figcaption><\/figure>\n\n\n\n<p class=\"wp-block-paragraph\">&#8220;Sabemos que v\u00e3o ser 23 corridas, \u00e9 fant\u00e1stico, um \u00f3timo trabalho da F1. Em rela\u00e7\u00e3o ao pessoal nos aut\u00f3dromos, eles deveriam ficar felizes com tantas corridas. N\u00f3s cuidamos dos funcion\u00e1rios. Por exemplo, os mec\u00e2nicos, depois das corridas, ganham tr\u00eas ou quatro dias de folga em casa&#8221;, disse o dirigente.<\/p>\n\n\n\n<p class=\"wp-block-paragraph\">&#8220;O pessoal da imprensa e do marketing tamb\u00e9m [ganha folgas]. Todo mundo que vai para os circuitos recebe esses tr\u00eas dias depois dos finais de semana. Para os engenheiros, \u00e9 mais dif\u00edcil. Todos deveriam estar felizes por estar na F1 com 23 corridas. Se algu\u00e9m n\u00e3o gostar, deve sair&#8221;, pontuou.<\/p>\n\n\n\n<p class=\"wp-block-paragraph\">Apesar da posi\u00e7\u00e3o contundente, Tost vai de encontro com a opini\u00e3o de outros integrantes do paddock. Christian Horner, chefe da Red Bull, <a href=\"https:\/\/www.grandepremio.com\/br\/f1\/noticias\/red-bull-critica-calendario-cansativo-e-diz-f1-faria-35-corridas-se-pudesse\/\">mostrou preocupa\u00e7\u00e3o sobre o \u00edmpeto<\/a> da F\u00f3rmula 1 em sobrecarregar o calend\u00e1rio da categoria. Sebastian Vettel, piloto da Aston Martin, <a href=\"https:\/\/www.grandepremio.com\/br\/f1\/noticias\/sebastian-vettel-alerta-f1-para-calendario-inchado-23-gps-maioria-das-pessoas-possui-familia\/\">alertou para os funcion\u00e1rios fora de casa por tanto tempo sendo que muitos possuem fam\u00edlia<\/a>.<\/p>\n\n\n\n<p class=\"wp-block-paragraph\">O segundo treino livre do GP da Turquia tem in\u00edcio marcado para 9h (de Bras\u00edlia, GMT-3). O&nbsp;<strong>GRANDE PR\u00caMIO<\/strong>&nbsp;acompanha tudo&nbsp;<strong><a href=\"https:\/\/www.grandepremio.com\/br\/ao-vivo\/f1\/gp-da-turquia-de-f1-2021-treinos-livres-ao-vivo-online-gratis-tempo-real-hoje\/\">AO VIVO e em TEMPO REAL<\/a><\/strong>.<\/p>\n\n\n\n<figure class=\"wp-block-embed is-type-video is-provider-youtube wp-block-embed-youtube wp-embed-aspect-16-9 wp-has-aspect-ratio\"><div class=\"wp-block-embed__wrapper\">\n<iframe loading=\"lazy\" title=\"F1 NA TURQUIA: RED BULL CONTRA MALDI\u00c7\u00c3O DA PINTURA ESPECIAL + HAMILTON X VERSTAPPEN | WGP\" width=\"500\" height=\"281\" src=\"https:\/\/www.youtube.com\/embed\/0TZhWCpL0y4?feature=oembed\" frameborder=\"0\" allow=\"accelerometer; autoplay; clipboard-write; encrypted-media; gyroscope; picture-in-picture; web-share\" referrerpolicy=\"strict-origin-when-cross-origin\" allowfullscreen><\/iframe>\n<\/div><\/figure>\n","protected":false},"excerpt":{"rendered":"<p>A F\u00f3rmula 1 planeja aumentar o calend\u00e1rio de 2022 e realizar 23 corridas. Enquanto muitas vozes no paddock s\u00e3o contra a decis\u00e3o, Franz Tost, da AlphaTauri, defendeu com unhas e dentes<\/p>\n","protected":false},"author":0,"featured_media":1000515853,"comment_status":"closed","ping_status":"closed","sticky":false,"template":"","format":"standard","meta":{"42wp_featured_image_caption":"","42wp_featured_image_credits":"","42wp_featured_video":"","42wp_featured_image_hidden":false,"42wp_authors_list":[],"footnotes":""},"categories":[2],"tags":[524,147,156,24837,25536,525,27179],"42wp_author":[47135],"class_list":["post-117187","post","type-post","status-publish","format-standard","has-post-thumbnail","hentry","category-f1","tag-alphatauri","tag-f1","tag-f1-2021","tag-formula-1-2","tag-formula-1-2021-2","tag-franz-tost","tag-temporada-f1-2021","42wp_author-pedro-luis-cuenca"],"_links":{"self":[{"href":"https:\/\/grandepremio.com\/br\/wp-json\/wp\/v2\/posts\/117187","targetHints":{"allow":["GET"]}}],"collection":[{"href":"https:\/\/grandepremio.com\/br\/wp-json\/wp\/v2\/posts"}],"about":[{"href":"https:\/\/grandepremio.com\/br\/wp-json\/wp\/v2\/types\/post"}],"replies":[{"embeddable":true,"href":"https:\/\/grandepremio.com\/br\/wp-json\/wp\/v2\/comments?post=117187"}],"version-history":[{"count":0,"href":"https:\/\/grandepremio.com\/br\/wp-json\/wp\/v2\/posts\/117187\/revisions"}],"wp:featuredmedia":[{"embeddable":true,"href":"https:\/\/grandepremio.com\/br\/wp-json\/wp\/v2\/media\/1000515853"}],"wp:attachment":[{"href":"https:\/\/grandepremio.com\/br\/wp-json\/wp\/v2\/media?parent=117187"}],"wp:term":[{"taxonomy":"category","embeddable":true,"href":"https:\/\/grandepremio.com\/br\/wp-json\/wp\/v2\/categories?post=117187"},{"taxonomy":"post_tag","embeddable":true,"href":"https:\/\/grandepremio.com\/br\/wp-json\/wp\/v2\/tags?post=117187"},{"taxonomy":"42wp_author","embeddable":true,"href":"https:\/\/grandepremio.com\/br\/wp-json\/wp\/v2\/42wp_author?post=117187"}],"curies":[{"name":"wp","href":"https:\/\/api.w.org\/{rel}","templated":true}]}}