{"id":117199,"date":"2021-10-07T15:47:18","date_gmt":"2021-10-07T18:47:18","guid":{"rendered":"https:\/\/grandepremio.com\/br\/noticias\/jimmie-johnson-indica-participacao-ovais-indy-2022-mais-pert-nunca\/"},"modified":"2021-10-07T15:47:24","modified_gmt":"2021-10-07T18:47:24","slug":"jimmie-johnson-indica-participacao-ovais-indy-2022-mais-pert-nunca","status":"publish","type":"post","link":"https:\/\/grandepremio.com\/br\/indy\/jimmie-johnson-indica-participacao-ovais-indy-2022-mais-pert-nunca\/","title":{"rendered":"Johnson indica participa\u00e7\u00e3o em ovais da Indy em 2022: &#8220;Mais perto do que nunca&#8221;"},"content":{"rendered":"\n<figure class=\"wp-block-embed is-type-video is-provider-youtube wp-block-embed-youtube wp-embed-aspect-16-9 wp-has-aspect-ratio\"><div class=\"wp-block-embed__wrapper\">\n<iframe loading=\"lazy\" title=\"GP DA TURQUIA DE F1: HAMILTON COM NOVO MOTOR? RED BULL DE PINTURA NOVA? | Paddock GP #259\" width=\"500\" height=\"281\" src=\"https:\/\/www.youtube.com\/embed\/02UJ0KC9c_M?feature=oembed\" frameborder=\"0\" allow=\"accelerometer; autoplay; clipboard-write; encrypted-media; gyroscope; picture-in-picture; web-share\" referrerpolicy=\"strict-origin-when-cross-origin\" allowfullscreen><\/iframe>\n<\/div><figcaption>Paddock GP #259 faz pr\u00e9via do GP da Turquia de F1<\/figcaption><\/figure>\n\n\n\n<p class=\"wp-block-paragraph\">Com 20 temporadas de Nascar no curr\u00edculo e sete t\u00edtulos conquistados, Jimmie Jonhson continua em seu objetivo de participar dos circuitos ovais na Indy. Na \u00faltima quarta-feira (06), o piloto participou do Rookie Orientation Program (ROP), programa direcionado aos estreantes da Indy 500. E apesar de n\u00e3o ter conseguido completar o teste por causa da chuva, o americano da Ganassi declarou estar com mais vontade ainda de entrar para os ovais em 2022.<\/p>\n\n\n\n<p class=\"wp-block-paragraph\">&#8220;Definitivamente, aumentou [a vontade]. Acho que a vista que eu tive no Texas aumentou a vontade e me trouxe aqui&#8221;, disse o piloto de 46 anos ao portal da revista brit\u00e2nica Autosport, relembrando a orienta\u00e7\u00e3o que fez em agosto, no Texas Motor Speedway. &#8220;Meu interesse est\u00e1 no n\u00edvel mais alto, certamente meu conforto [no carro] est\u00e1 no mais alto n\u00edvel que j\u00e1 esteve. Dito isso, ainda tem muito trabalho entre agora e realmente ter sucesso nisso&#8221;, afirmou.<\/p>\n\n\n\n<p class=\"wp-block-paragraph\">Para completar o programa de treinamento, os pilotos precisam passar por tr\u00eas fases: na primeira, devem fazer 10 voltas entre 329 e 337km\/h; na segunda, outras 15 entre 337 e 346km\/h; e na terceira, outras 15 voltas acima de 346km\/h. O veterano concluiu as duas primeiras, mas a chuva que caiu no circuito impediu que Johnson passasse pela terceira etapa.<\/p>\n\n\n\n<p class=\"wp-block-paragraph\">Em 2021, o piloto n\u00e3o disputou os circuitos ovais da Indy, algo que ele considera mudar para o ano que vem. Em seu lugar, quem assumiu o cockpit do carro #48 foi o brasileiro Tony Kanaan, campe\u00e3o da Indy em 2004. Inclusive, o americano afirmou anteriormente que o acordo com o baiano seria por dois anos, o que inclui a temporada 2022. Assim, caso o veterano decida correr nos ovais, Kanaan teria outro carro, nas palavras do pr\u00f3prio Johnson.  No entanto, o heptacampe\u00e3o da Nascar n\u00e3o garantiu estar pronto para efetuar a mudan\u00e7a ainda.<\/p>\n\n\n\n<p class=\"wp-block-paragraph\">&#8220;Ainda n\u00e3o posso. Tenho que sair daqui hoje, ir para casa, sentar, abrir uma boa garrafa de vinho, talvez at\u00e9 pegar uma das garrafas do [Jimmy] Vasser que est\u00e3o na prateleira&#8221;, brincou, citando o chefe de equipe da antiga KV Racing. &#8220;Estou mais perto do que nunca. O piloto em mim est\u00e1 avaliando isso seriamente, mas ainda preciso sentar e ter essa conversa em casa&#8221;, ressaltou.<\/p>\n\n\n\n<p class=\"wp-block-paragraph\"><strong>\u25b6\ufe0f&nbsp;Inscreva-se nos dois canais do GRANDE PR\u00caMIO no YouTube:&nbsp;<a href=\"https:\/\/www.youtube.com\/channel\/UC9OlHEgxoaY6QY6nWPoiqQg?sub_confirmation=1\" target=\"_blank\" rel=\"noreferrer noopener\">GP<\/a>&nbsp;|&nbsp;<a href=\"https:\/\/www.youtube.com\/channel\/UC9csiS6q_C3C0FYhyr1rnFA?sub_confirmation=1\" target=\"_blank\" rel=\"noreferrer noopener\">GP2<\/a><\/strong><\/p>\n\n\n\n<figure class=\"wp-block-image size-large is-resized\"><img loading=\"lazy\" decoding=\"async\" src=\"https:\/\/www.grandepremio.com\/br\/wp-content\/uploads\/2021\/09\/Jimmie-Johnson-1024x683.jpg\" alt=\"\" class=\"wp-image-510590\" width=\"840\" height=\"560\"\/><figcaption>Jimmie Johnson em sua temporada de estreia na Indy (Foto: IndyCar)<\/figcaption><\/figure>\n\n\n\n<p class=\"wp-block-paragraph\"><strong>Conhe\u00e7a o canal do Grande Pr\u00eamio no YouTube! Clique&nbsp;<a target=\"_blank\" href=\"https:\/\/youtube.com\/GrandePremioTV\" rel=\"noreferrer noopener\">aqui<\/a>.<br>Siga o Grande Pr\u00eamio no&nbsp;<a target=\"_blank\" href=\"https:\/\/twitter.com\/grandepremio\" rel=\"noreferrer noopener\">Twitter&nbsp;<\/a>e no&nbsp;<a target=\"_blank\" href=\"https:\/\/instagram.com\/grandepremio\" rel=\"noreferrer noopener\">Instagram<\/a>!<\/strong><\/p>\n\n\n\n<p class=\"wp-block-paragraph\">O piloto chegou a afirmar que teria sido mais f\u00e1cil tomar a decis\u00e3o de correr nos ovais na temporada 2021, pois hoje teria mais informa\u00e7\u00f5es. Al\u00e9m disso, lembrou do acidente em Nashville &#8211; <a href=\"https:\/\/www.grandepremio.com\/br\/indy\/noticias\/novo-acidente-jimmie-johnson-marca-warm-up-indy-antes-gp-nashville\/\" target=\"_blank\" rel=\"noreferrer noopener\">quando atingiu o muro em alta velocidade no <\/a>warm-up &#8211; para ressaltar que a experi\u00eancia lhe trouxe mais informa\u00e7\u00f5es sobre a categoria, que Johnson afirma conhecer melhor agora.<\/p>\n\n\n\n<p class=\"wp-block-paragraph\">&#8220;Agora que estou vendo, tem muito trabalho a ser feito. Mesmo que eu diga &#8216;ei, todo mundo, estou dentro&#8217;, ainda teremos muito trabalho a fazer para estarmos prontos. Por esse aspecto, teria sido mais f\u00e1cil tomar essa decis\u00e3o um ano antes. Mas eu precisei passar pelo que passei para ficar confort\u00e1vel no carro, acertar algumas paredes&#8221;, disse.<\/p>\n\n\n\n<p class=\"wp-block-paragraph\">&#8220;Acertar o muro e a 290km\/h em Nashville &#8211; por mais que eu tenha odiado &#8211; me deu boas informa\u00e7\u00f5es. Ver algumas batidas esse ano tamb\u00e9m, como o aeroscreen protegendo Ryan Hunter-Reay em Barber&#8221;, revelou.<\/p>\n\n\n\n<p class=\"wp-block-paragraph\">Johnson ainda disse estar conhecendo melhor o carro e suas caracter\u00edsticas. Segundo ele, foi dentro da pista que o piloto come\u00e7ou a ter no\u00e7\u00f5es melhores do carro e de seus ajustes, que mudam a forma de pilotagem. O americano disse n\u00e3o se concentrar apenas em ser r\u00e1pido, mas tamb\u00e9m em perceber na pista as altera\u00e7\u00f5es que foram feitas na configura\u00e7\u00e3o do carro.<\/p>\n\n\n\n<p class=\"wp-block-paragraph\">&#8220;Uma vez que eu peguei a no\u00e7\u00e3o de passar marcha e reduzir marcha no decorrer da volta, a velocidade dos carros, a linha de dire\u00e7\u00e3o, a t\u00e9cnica, at\u00e9 o comportamento do carro em diferentes curvas, se tornou tudo familiar para mim&#8221;, afirmou. &#8220;Acho que corri umas 55 voltas, n\u00e3o s\u00f3 me preocupando em fazer os tempos mas percebendo as mudan\u00e7as do carro. A diferen\u00e7a que faz uma altera\u00e7\u00e3o na asa traseira, na asa dianteira&#8221;, encerrou.<\/p>\n\n\n\n<p class=\"wp-block-paragraph\"><strong>LEIA TAMB\u00c9M<br><\/strong><a href=\"https:\/\/www.grandepremio.com\/br\/f1\/noticias\/lando-norris-revela-problemas-de-saude-mental-em-ano-de-estreia-na-f1-me-sentia-depressivo\/\" target=\"_blank\" rel=\"noreferrer noopener\"><strong>Norris revela problemas de sa\u00fade mental em ano de estreia na F1: \u201cMe sentia depressivo\u201d<\/strong><br><\/a><a href=\"https:\/\/www.grandepremio.com\/br\/indy\/noticias\/romain-grosjean-se-diz-apaixonado-pela-indy-em-primeira-temporada-e-ressalta-liberdade\/\" target=\"_blank\" rel=\"noreferrer noopener\"><strong>Grosjean se diz \u201capaixonado\u201d por carro da Indy em primeira temporada e ressalta \u201cliberdade\u201d<\/strong><br><\/a><strong><a href=\"https:\/\/www.grandepremio.com\/br\/f1\/noticias\/lando-norris-diz-que-conselhos-de-idolo-lewis-hamilton-significam-mais-que-de-outros-pilotos\/\" target=\"_blank\" rel=\"noreferrer noopener\">Norris diz que conselhos de \u201c\u00eddolo\u201d Hamilton \u201csignificam mais\u201d que de outros pilotos<\/a><\/strong><\/p>\n\n\n\n<figure class=\"wp-block-embed is-type-rich is-provider-spotify wp-block-embed-spotify wp-embed-aspect-21-9 wp-has-aspect-ratio\"><div class=\"wp-block-embed__wrapper\">\n<iframe title=\"Spotify Embed: Paddockast #124: Quem \u00e9 favorito em cada pista que resta na F1 2021?\" style=\"border-radius: 12px\" width=\"100%\" height=\"152\" frameborder=\"0\" allowfullscreen allow=\"autoplay; clipboard-write; encrypted-media; fullscreen; picture-in-picture\" loading=\"lazy\" src=\"https:\/\/open.spotify.com\/embed\/episode\/0nShkAMS0Zl7IQCX1wQ0bG?utm_source=oembed\"><\/iframe>\n<\/div><\/figure>\n","protected":false},"excerpt":{"rendered":"<p>Multicampe\u00e3o pela Nascar, Jimmie Johnson quer participar das corridas ovais da Indy na temporada 2022, mas ainda busca adapta\u00e7\u00e3o \u00e0 categoria<\/p>\n","protected":false},"author":0,"featured_media":1000463065,"comment_status":"closed","ping_status":"closed","sticky":false,"template":"","format":"standard","meta":{"42wp_featured_image_caption":"","42wp_featured_image_credits":"","42wp_featured_video":"","42wp_featured_image_hidden":false,"42wp_authors_list":[],"footnotes":""},"categories":[3],"tags":[2591,24881,1595,24978,93,5601,232,330,94,29495,2198,120],"42wp_author":[47142],"class_list":["post-117199","post","type-post","status-publish","format-standard","has-post-thumbnail","hentry","category-indy","tag-chip-ganassi","tag-formula-indy-2","tag-ganassi","tag-indianapolis-2","tag-indy","tag-indy-2021","tag-indy-500","tag-indy-lights","tag-indycar","tag-indycar-2022","tag-jimmie-johnson","tag-romain-grosjean","42wp_author-jp-nascimento"],"_links":{"self":[{"href":"https:\/\/grandepremio.com\/br\/wp-json\/wp\/v2\/posts\/117199","targetHints":{"allow":["GET"]}}],"collection":[{"href":"https:\/\/grandepremio.com\/br\/wp-json\/wp\/v2\/posts"}],"about":[{"href":"https:\/\/grandepremio.com\/br\/wp-json\/wp\/v2\/types\/post"}],"replies":[{"embeddable":true,"href":"https:\/\/grandepremio.com\/br\/wp-json\/wp\/v2\/comments?post=117199"}],"version-history":[{"count":0,"href":"https:\/\/grandepremio.com\/br\/wp-json\/wp\/v2\/posts\/117199\/revisions"}],"wp:featuredmedia":[{"embeddable":true,"href":"https:\/\/grandepremio.com\/br\/wp-json\/wp\/v2\/media\/1000463065"}],"wp:attachment":[{"href":"https:\/\/grandepremio.com\/br\/wp-json\/wp\/v2\/media?parent=117199"}],"wp:term":[{"taxonomy":"category","embeddable":true,"href":"https:\/\/grandepremio.com\/br\/wp-json\/wp\/v2\/categories?post=117199"},{"taxonomy":"post_tag","embeddable":true,"href":"https:\/\/grandepremio.com\/br\/wp-json\/wp\/v2\/tags?post=117199"},{"taxonomy":"42wp_author","embeddable":true,"href":"https:\/\/grandepremio.com\/br\/wp-json\/wp\/v2\/42wp_author?post=117199"}],"curies":[{"name":"wp","href":"https:\/\/api.w.org\/{rel}","templated":true}]}}