{"id":117209,"date":"2021-10-07T11:30:00","date_gmt":"2021-10-07T14:30:00","guid":{"rendered":"https:\/\/grandepremio.com\/br\/noticias\/gp-as-10-valtteri-bottas-sergio-perez-vao-mal-seguem-decisivos-luta-pelo-titulo-formula-1\/"},"modified":"2021-10-07T11:34:46","modified_gmt":"2021-10-07T14:34:46","slug":"gp-as-10-valtteri-bottas-sergio-perez-vao-mal-seguem-decisivos-luta-pelo-titulo-formula-1","status":"publish","type":"post","link":"https:\/\/grandepremio.com\/br\/f1\/gp-as-10-valtteri-bottas-sergio-perez-vao-mal-seguem-decisivos-luta-pelo-titulo-formula-1\/","title":{"rendered":"GP \u00e0s 10: Bottas e P\u00e9rez v\u00e3o mal, mas seguem decisivos na luta pelo t\u00edtulo da F1"},"content":{"rendered":"\n<figure class=\"wp-block-embed is-type-video is-provider-youtube wp-block-embed-youtube wp-embed-aspect-16-9 wp-has-aspect-ratio\"><div class=\"wp-block-embed__wrapper\">\n<iframe loading=\"lazy\" title=\"BOTTAS E P\u00c9REZ V\u00c3O MAL? OK, MAS S\u00c3O DECISIVOS NA LUTA PELO T\u00cdTULO DA F1 2021 | GP \u00e0s 10\" width=\"500\" height=\"281\" src=\"https:\/\/www.youtube.com\/embed\/sJ_yXnq8Rvs?feature=oembed\" frameborder=\"0\" allow=\"accelerometer; autoplay; clipboard-write; encrypted-media; gyroscope; picture-in-picture; web-share\" referrerpolicy=\"strict-origin-when-cross-origin\" allowfullscreen><\/iframe>\n<\/div><\/figure>\n\n\n\n<p class=\"wp-block-paragraph\">Ningu\u00e9m pode dizer que a temporada 2021 da F1 \u00e9 boa tanto para Valtteri Bottas quanto para Sergio P\u00e9rez. Mas os pilotos de Mercedes e Red Bull enfrentam uma reta final decisiva em que devem ajudar suas equipes e companheiros na luta pelo t\u00edtulo da F1.<\/p>\n\n\n\n<p class=\"wp-block-paragraph\">Em suas \u00faltimas corridas pela Mercedes, Bottas ainda \u00e9 elemento importante da equipe para ajudar Lewis Hamilton na luta pelo t\u00edtulo do Mundial de Pilotos. Com boas atua\u00e7\u00f5es nas \u00faltimas provas, o finland\u00eas tem sido o fiel da balan\u00e7a na compara\u00e7\u00e3o com Sergio P\u00e9rez na disputa pela ta\u00e7a do Mundial de Construtores entre Mercedes e Red Bull.<\/p>\n\n\n\n<p class=\"wp-block-paragraph\"><strong>LEIA TAMB\u00c9M<\/strong><br><strong><a href=\"https:\/\/www.grandepremio.com\/br\/f1\/noticias\/valtteri-bottas-sergio-perez-abaixo-sarrafo-ainda-parte-luta-titulo\/\">+AN\u00c1LISE: Bottas e P\u00e9rez fazem 2021 abaixo do sarrafo, mas ainda s\u00e3o parte de luta por t\u00edtulo<\/a><\/strong><\/p>\n\n\n\n<p class=\"wp-block-paragraph\">\u2018Checo\u2019, por sua vez, j\u00e1 venceu corrida, no Azerbaij\u00e3o, mas marcou somente dois p\u00f3dios e tem estado bem abaixo do seu companheiro de equipe, Max Verstappen. Longe de exibir uma grande performance em classifica\u00e7\u00f5es e nas \u00faltimas corridas, o mexicano, que j\u00e1 teve seu contrato renovado para 2022, n\u00e3o tem conseguido ajudar o holand\u00eas e tampouco a Red Bull no confronto direto contra a Mercedes.<\/p>\n\n\n\n<p class=\"wp-block-paragraph\">Neste fim de semana, Hamilton e Verstappen e Mercedes e Red Bull travam mais um cap\u00edtulo da batalha pelas ta\u00e7as em jogo nesta temporada na F1. E Bottas e P\u00e9rez t\u00eam novamente a oportunidade de serem determinantes na disputa.<\/p>\n\n\n\n<p class=\"wp-block-paragraph\">\u00c9 sobre isso que trata Eric Calduch no GP \u00e0s 10 desta quinta-feira. Assista j\u00e1 e comente no canal <a href=\"https:\/\/www.youtube.com\/c\/GrandePremio2\/videos\">GRANDE PR\u00caMIO 2 no YouTube<\/a>.<\/p>\n\n\n\n<p class=\"wp-block-paragraph\"><strong>\u25b6\ufe0f&nbsp;Inscreva-se nos dois canais do GRANDE PR\u00caMIO no YouTube:&nbsp;<a href=\"https:\/\/www.youtube.com\/channel\/UC9OlHEgxoaY6QY6nWPoiqQg?sub_confirmation=1\" target=\"_blank\" rel=\"noreferrer noopener\">GP<\/a>&nbsp;|&nbsp;<a href=\"https:\/\/www.youtube.com\/channel\/UC9csiS6q_C3C0FYhyr1rnFA?sub_confirmation=1\" target=\"_blank\" rel=\"noreferrer noopener\">GP2<\/a><\/strong><\/p>\n","protected":false},"excerpt":{"rendered":"<p>No GP \u00e0s 10 desta quinta-feira (7), Eric Calduch fala sobre os \u2018segund\u00f5es\u2019 Valtteri Bottas e Sergio P\u00e9rez. Mesmo aqu\u00e9m do esperado, os dois s\u00e3o fundamentais para Mercedes e Red Bull, respectivamente, na disputa pelos t\u00edtulos em jogo nesta temporada 2021<\/p>\n","protected":false},"author":0,"featured_media":1000515551,"comment_status":"closed","ping_status":"closed","sticky":false,"template":"","format":"standard","meta":{"42wp_featured_image_caption":"","42wp_featured_image_credits":"","42wp_featured_video":"","42wp_featured_image_hidden":false,"42wp_authors_list":[],"footnotes":""},"categories":[2],"tags":[147,156,24837,25536,24840,24836,82,204,24863,612,24842],"42wp_author":[47110],"class_list":["post-117209","post","type-post","status-publish","format-standard","has-post-thumbnail","hentry","category-f1","tag-f1","tag-f1-2021","tag-formula-1-2","tag-formula-1-2021-2","tag-gp-as-10-2","tag-grande-premio-2","tag-mercedes","tag-red-bull","tag-sergio-perez-2","tag-valtteri-bottas","tag-video-2","42wp_author-fernando-silva"],"_links":{"self":[{"href":"https:\/\/grandepremio.com\/br\/wp-json\/wp\/v2\/posts\/117209","targetHints":{"allow":["GET"]}}],"collection":[{"href":"https:\/\/grandepremio.com\/br\/wp-json\/wp\/v2\/posts"}],"about":[{"href":"https:\/\/grandepremio.com\/br\/wp-json\/wp\/v2\/types\/post"}],"replies":[{"embeddable":true,"href":"https:\/\/grandepremio.com\/br\/wp-json\/wp\/v2\/comments?post=117209"}],"version-history":[{"count":0,"href":"https:\/\/grandepremio.com\/br\/wp-json\/wp\/v2\/posts\/117209\/revisions"}],"wp:featuredmedia":[{"embeddable":true,"href":"https:\/\/grandepremio.com\/br\/wp-json\/wp\/v2\/media\/1000515551"}],"wp:attachment":[{"href":"https:\/\/grandepremio.com\/br\/wp-json\/wp\/v2\/media?parent=117209"}],"wp:term":[{"taxonomy":"category","embeddable":true,"href":"https:\/\/grandepremio.com\/br\/wp-json\/wp\/v2\/categories?post=117209"},{"taxonomy":"post_tag","embeddable":true,"href":"https:\/\/grandepremio.com\/br\/wp-json\/wp\/v2\/tags?post=117209"},{"taxonomy":"42wp_author","embeddable":true,"href":"https:\/\/grandepremio.com\/br\/wp-json\/wp\/v2\/42wp_author?post=117209"}],"curies":[{"name":"wp","href":"https:\/\/api.w.org\/{rel}","templated":true}]}}