{"id":117215,"date":"2021-10-07T09:01:28","date_gmt":"2021-10-07T12:01:28","guid":{"rendered":"https:\/\/grandepremio.com\/br\/noticias\/gabriel-carvalho-hora-coisas-voltarem-normal-mclaren-turquia\/"},"modified":"2021-10-07T09:01:33","modified_gmt":"2021-10-07T12:01:33","slug":"gabriel-carvalho-hora-coisas-voltarem-normal-mclaren-turquia","status":"publish","type":"post","link":"https:\/\/grandepremio.com\/br\/f1\/gabriel-carvalho-hora-coisas-voltarem-normal-mclaren-turquia\/","title":{"rendered":"Gabriel Carvalho v\u00ea &#8220;hora das coisas voltarem ao normal&#8221; para McLaren na Turquia"},"content":{"rendered":"\n<p class=\"wp-block-paragraph\">Depois de uma sequ\u00eancia iluminada no come\u00e7o da segunda perna da temporada 2021 da F\u00f3rmula 1, a McLaren mostrou que tem cartas poderosos para o presente e futuro. Venceu com dobradinha, fez pole e brilhou. Mas Gabriel Carvalho acredita que \u00e9 hora das coisas voltarem ao normal: hoje, o normal \u00e9 a McLaren brigar para ir ao p\u00f3dio. Os jornalistas do <strong>GRANDE PR\u00caMIO<\/strong> debateram o assunto no Paddock GP #259.<\/p>\n\n\n\n<figure class=\"wp-block-embed is-type-video is-provider-youtube wp-block-embed-youtube wp-embed-aspect-16-9 wp-has-aspect-ratio\"><div class=\"wp-block-embed__wrapper\">\n<iframe loading=\"lazy\" title=\"GP DA TURQUIA DE F1: HAMILTON COM NOVO MOTOR? RED BULL DE PINTURA NOVA? | Paddock GP #259\" width=\"500\" height=\"281\" src=\"https:\/\/www.youtube.com\/embed\/02UJ0KC9c_M?start=2269&amp;feature=oembed\" frameborder=\"0\" allow=\"accelerometer; autoplay; clipboard-write; encrypted-media; gyroscope; picture-in-picture; web-share\" referrerpolicy=\"strict-origin-when-cross-origin\" allowfullscreen><\/iframe>\n<\/div><\/figure>\n\n\n\n<p class=\"wp-block-paragraph\"><strong>\u25b6\ufe0f\u00a0Inscreva-se nos dois canais do GRANDE PR\u00caMIO no YouTube:\u00a0<a href=\"https:\/\/www.youtube.com\/channel\/UC9OlHEgxoaY6QY6nWPoiqQg?sub_confirmation=1\" target=\"_blank\" rel=\"noreferrer noopener\">GP<\/a>\u00a0|\u00a0<a href=\"https:\/\/www.youtube.com\/channel\/UC9csiS6q_C3C0FYhyr1rnFA?sub_confirmation=1\" target=\"_blank\" rel=\"noreferrer noopener\">GP2<\/a><\/strong><\/p>\n","protected":false},"excerpt":{"rendered":"<p>Os jornalistas do GRANDE PR\u00caMIO debateram as possibilidades da McLaren na Turquia, durante o Paddock GP da semana. \u00c9 hora de voltar ao normal?<\/p>\n","protected":false},"author":0,"featured_media":1000509753,"comment_status":"closed","ping_status":"closed","sticky":false,"template":"","format":"standard","meta":{"42wp_featured_image_caption":"","42wp_featured_image_credits":"","42wp_featured_video":"","42wp_featured_image_hidden":false,"42wp_authors_list":[],"footnotes":""},"categories":[2],"tags":[156,25536,1492,15288,24836,28285,15287,90,1537],"42wp_author":[47120],"class_list":["post-117215","post","type-post","status-publish","format-standard","has-post-thumbnail","hentry","category-f1","tag-f1-2021","tag-formula-1-2021-2","tag-gabriel-carvalho","tag-gp-da-turquia","tag-grande-premio-2","tag-grandepremio","tag-istambul","tag-mclaren","tag-paddock-gp","42wp_author-pedro-henrique-marum"],"_links":{"self":[{"href":"https:\/\/grandepremio.com\/br\/wp-json\/wp\/v2\/posts\/117215","targetHints":{"allow":["GET"]}}],"collection":[{"href":"https:\/\/grandepremio.com\/br\/wp-json\/wp\/v2\/posts"}],"about":[{"href":"https:\/\/grandepremio.com\/br\/wp-json\/wp\/v2\/types\/post"}],"replies":[{"embeddable":true,"href":"https:\/\/grandepremio.com\/br\/wp-json\/wp\/v2\/comments?post=117215"}],"version-history":[{"count":0,"href":"https:\/\/grandepremio.com\/br\/wp-json\/wp\/v2\/posts\/117215\/revisions"}],"wp:featuredmedia":[{"embeddable":true,"href":"https:\/\/grandepremio.com\/br\/wp-json\/wp\/v2\/media\/1000509753"}],"wp:attachment":[{"href":"https:\/\/grandepremio.com\/br\/wp-json\/wp\/v2\/media?parent=117215"}],"wp:term":[{"taxonomy":"category","embeddable":true,"href":"https:\/\/grandepremio.com\/br\/wp-json\/wp\/v2\/categories?post=117215"},{"taxonomy":"post_tag","embeddable":true,"href":"https:\/\/grandepremio.com\/br\/wp-json\/wp\/v2\/tags?post=117215"},{"taxonomy":"42wp_author","embeddable":true,"href":"https:\/\/grandepremio.com\/br\/wp-json\/wp\/v2\/42wp_author?post=117215"}],"curies":[{"name":"wp","href":"https:\/\/api.w.org\/{rel}","templated":true}]}}