{"id":117231,"date":"2021-10-06T11:00:52","date_gmt":"2021-10-06T14:00:52","guid":{"rendered":"https:\/\/grandepremio.com\/br\/noticias\/indy-grid-aumentar-2022-estuda-mudancas-formato-classificacao\/"},"modified":"2021-10-06T11:00:59","modified_gmt":"2021-10-06T14:00:59","slug":"indy-grid-aumentar-2022-estuda-mudancas-formato-classificacao","status":"publish","type":"post","link":"https:\/\/grandepremio.com\/br\/indy\/indy-grid-aumentar-2022-estuda-mudancas-formato-classificacao\/","title":{"rendered":"Indy v\u00ea grid aumentar para 2022 e estuda mudan\u00e7as no formato de classifica\u00e7\u00e3o"},"content":{"rendered":"\n<figure class=\"wp-block-embed aligncenter is-type-video is-provider-youtube wp-block-embed-youtube wp-embed-aspect-16-9 wp-has-aspect-ratio\"><div class=\"wp-block-embed__wrapper\">\n<iframe loading=\"lazy\" title=\"&amp;apos;VALTTERI, IT&amp;apos;S MAX!&amp;apos; RED BULL CUTUCA MERCEDES E HORNER ADMITE QUE CURTE PROVOCAR WOLFF\" width=\"500\" height=\"281\" src=\"https:\/\/www.youtube.com\/embed\/3HaJ1r0sU3Y?start=138&amp;feature=oembed\" frameborder=\"0\" allow=\"accelerometer; autoplay; clipboard-write; encrypted-media; gyroscope; picture-in-picture; web-share\" referrerpolicy=\"strict-origin-when-cross-origin\" allowfullscreen><\/iframe>\n<\/div><figcaption>Red Bull provoca Mercedes, e Christian Horner admite que gosta de cutucar Toto Wolff<\/figcaption><\/figure>\n\n\n\n<p class=\"wp-block-paragraph\">Com o aumento previsto de carros para a pr\u00f3xima temporada da Indy, a categoria ter\u00e1 um novo problema para resolver. A Chevrolet prev\u00ea de 11 a 12 carros utilizando sua unidade de pot\u00eancia, enquanto a outra fornecedora de motores, a Honda, trabalha com a base de 15 carros. Desta forma, j\u00e1 seriam 26 monopostos garantidos nas corridas, n\u00famero que pode aumentar ao longo da temporada. O presidente da Indy, Jay Frye, confirmou que o aumento de carros levou a Indy a fazer considera\u00e7\u00f5es sobre mudan\u00e7as na estrutura do fim de semana.<\/p>\n\n\n\n<p class=\"wp-block-paragraph\">De acordo com Frye, sobretudo o formato da classifica\u00e7\u00e3o precisa ser reavaliado para que se adeque \u00e0s necessidades de um grid expandido.<\/p>\n\n\n\n<p class=\"wp-block-paragraph\">&#8220;Temos que olhar de forma diferente para o ano que vem, porque n\u00e3o teremos classifica\u00e7\u00e3o com 18 ou 21 carros: estamos nos preparando para ter 28 ou mais&#8221;, disse \u00e0 revista estadunidense Racer. &#8220;Como as pistas n\u00e3o est\u00e3o ficando maiores, alguns lugares ficar\u00e3o mais cheios porque v\u00e3o ter mais carros l\u00e1&#8221;, previu.<\/p>\n\n\n\n<p class=\"wp-block-paragraph\">&#8220;Isso significa que vamos come\u00e7ar a classifica\u00e7\u00e3o com tr\u00eas grupos em vez de dois? E quando trocarem para os [pneus] Firestone Fast 12 fazemos a sess\u00e3o como j\u00e1 estamos acostumados? Sabemos que existe o potencial para alguns problemas, ent\u00e3o como os identificamos antes de chegarmos l\u00e1? \u00c9 o tipo de coisas com as quais estamos lidando no momento&#8221;, afirmou.<\/p>\n\n\n\n<p class=\"wp-block-paragraph\"><strong>\u25b6\ufe0f&nbsp;Inscreva-se nos dois canais do GRANDE PR\u00caMIO no YouTube:&nbsp;<a href=\"https:\/\/www.youtube.com\/channel\/UC9OlHEgxoaY6QY6nWPoiqQg?sub_confirmation=1\" target=\"_blank\" rel=\"noreferrer noopener\">GP<\/a>&nbsp;|&nbsp;<a href=\"https:\/\/www.youtube.com\/channel\/UC9csiS6q_C3C0FYhyr1rnFA?sub_confirmation=1\" target=\"_blank\" rel=\"noreferrer noopener\">GP2<\/a><\/strong><\/p>\n\n\n\n<figure class=\"wp-block-image size-large\"><img decoding=\"async\" src=\"https:\/\/www.grandepremio.com\/br\/wp-content\/uploads\/2021\/09\/Alex-Ganassi-1024x683.jpg\" alt=\"\" class=\"wp-image-513413\"\/><figcaption>\u00c1lex Palou foi o campe\u00e3o da temporada 2021 da Indy, levantando a 14\u00aa ta\u00e7a da Ganassi (Foto: Indycar)<\/figcaption><\/figure>\n\n\n\n<p class=\"wp-block-paragraph\">No entanto, o presidente n\u00e3o demonstrou afli\u00e7\u00e3o pelo aumento. Pelo contr\u00e1rio, destacou que uma das inten\u00e7\u00f5es de sua gest\u00e3o &#8211; iniciada em 2019 &#8211; era justamente expandir a categoria, atraindo novas equipes, parceiros e patrocinadores. De acordo com o dirigente, o aumento de tudo veio depois do trabalho nos \u00faltimos anos.<\/p>\n\n\n\n<p class=\"wp-block-paragraph\">&#8220;Um dos nossos objetivos a longo prazo era trazer novos times, novos donos, ent\u00e3o parece estar funcionando. Trabalhamos duro para chegar aqui. Para a pr\u00f3xima temporada, sabemos quais locais ter\u00e3o problemas se tiverem muitos carros. Ent\u00e3o trabalharemos em conjunto para ver o que se pode fazer&#8221;, disse o americano.<\/p>\n\n\n\n<p class=\"wp-block-paragraph\">Por \u00faltimo, Frye deixou claro que n\u00e3o passa por sua cabe\u00e7a recusar a entrada de novos carros no grid da Indy. Para o presidente, negar a entrada dos ve\u00edculos seria desperdi\u00e7ar o esfor\u00e7o daqueles que querem fazer parte da categoria.<\/p>\n\n\n\n<p class=\"wp-block-paragraph\">&#8220;Foi necess\u00e1rio um grande esfor\u00e7o das equipes e seus patrocinadores para aumentar a contagem de carros, e a \u00faltima coisa que voc\u00ea quer fazer \u00e9 mandar os carros embora, ent\u00e3o n\u00e3o estamos planejando ir por esse caminho&#8221;, finalizou.<\/p>\n\n\n\n<p class=\"wp-block-paragraph\"><strong>Conhe\u00e7a o canal do Grande Pr\u00eamio no YouTube! Clique\u00a0<a rel=\"noreferrer noopener\" href=\"https:\/\/youtube.com\/GrandePremioTV\" target=\"_blank\">aqui<\/a>.<br>Siga o Grande Pr\u00eamio no\u00a0<a rel=\"noreferrer noopener\" href=\"https:\/\/twitter.com\/grandepremio\" target=\"_blank\">Twitter\u00a0<\/a>e no\u00a0<a rel=\"noreferrer noopener\" href=\"https:\/\/instagram.com\/grandepremio\" target=\"_blank\">Instagram<\/a>!<\/strong><br><strong>RLL <a href=\"https:\/\/www.grandepremio.com\/br\/indy\/noticias\/rll-oficializa-saida-takuma-sato-quatro-temporadas-vitoria-indy-500-2020\/\">oficializa sa\u00edda<\/a> de Sato ap\u00f3s quatro temporadas e vit\u00f3ria na Indy 500 de 2020<\/strong><\/p>\n\n\n\n<figure class=\"wp-block-embed is-type-rich is-provider-spotify wp-block-embed-spotify wp-embed-aspect-21-9 wp-has-aspect-ratio\"><div class=\"wp-block-embed__wrapper\">\n<iframe title=\"Spotify Embed: Paddockast #123: A McLaren j\u00e1 est\u00e1 na &amp;apos;F1 A&amp;apos;? O que falta?\" style=\"border-radius: 12px\" width=\"100%\" height=\"152\" frameborder=\"0\" allowfullscreen allow=\"autoplay; clipboard-write; encrypted-media; fullscreen; picture-in-picture\" loading=\"lazy\" src=\"https:\/\/open.spotify.com\/embed\/episode\/12SHDwKZSt6jrlrgm9uYa6?utm_source=oembed\"><\/iframe>\n<\/div><\/figure>\n\n\n\n<p class=\"wp-block-paragraph\"><strong>LEIA TAMB\u00c9M<br><a href=\"https:\/\/www.grandepremio.com\/br\/f1\/noticias\/chefe-da-mclaren-ve-percalcos-como-parte-do-caminho-de-volta-ao-topo-na-f1\/\" target=\"_blank\" rel=\"noreferrer noopener\">Chefe da McLaren v\u00ea percal\u00e7os como \u201cparte do caminho de volta ao topo\u201d na F1<br><\/a><a href=\"https:\/\/www.grandepremio.com\/br\/f1\/noticias\/por-valtteri-bottas-e-temporada-2022-alfa-romeo-preve-subida-de-orcamento-ate-o-limite-na-f1\/\" target=\"_blank\" rel=\"noreferrer noopener\">Grosjean se diz \u201capaixonado\u201d por carro da Indy em primeira temporada e ressalta \u201cliberdade\u201d<br><\/a><a href=\"https:\/\/www.grandepremio.com\/br\/indy\/noticias\/romain-grosjean-se-diz-apaixonado-pela-indy-em-primeira-temporada-e-ressalta-liberdade\/\" target=\"_blank\" rel=\"noreferrer noopener\">Por Bottas e temporada 2022, Alfa Romeo prev\u00ea subida de or\u00e7amento \u201cat\u00e9 o limite\u201d na F1<\/a><\/strong><\/p>\n","protected":false},"excerpt":{"rendered":"<p>Previs\u00e3o atual \u00e9 de mais de 26 carros confirmados na disputa da Indy para o ano que vem. Jay Frye procura por op\u00e7\u00f5es e descarta recusar novos carros<\/p>\n","protected":false},"author":0,"featured_media":1000512043,"comment_status":"closed","ping_status":"closed","sticky":false,"template":"","format":"standard","meta":{"42wp_featured_image_caption":"","42wp_featured_image_credits":"","42wp_featured_video":"","42wp_featured_image_hidden":false,"42wp_authors_list":[],"footnotes":""},"categories":[3],"tags":[231,3753,24881,619,1595,130,93,232,94,28095,588],"42wp_author":[47142],"class_list":["post-117231","post","type-post","status-publish","format-standard","has-post-thumbnail","hentry","category-indy","tag-chevrolet","tag-dallara","tag-formula-indy-2","tag-formula-indy","tag-ganassi","tag-honda","tag-indy","tag-indy-500","tag-indycar","tag-indycar-series","tag-jay-frye","42wp_author-jp-nascimento"],"_links":{"self":[{"href":"https:\/\/grandepremio.com\/br\/wp-json\/wp\/v2\/posts\/117231","targetHints":{"allow":["GET"]}}],"collection":[{"href":"https:\/\/grandepremio.com\/br\/wp-json\/wp\/v2\/posts"}],"about":[{"href":"https:\/\/grandepremio.com\/br\/wp-json\/wp\/v2\/types\/post"}],"replies":[{"embeddable":true,"href":"https:\/\/grandepremio.com\/br\/wp-json\/wp\/v2\/comments?post=117231"}],"version-history":[{"count":0,"href":"https:\/\/grandepremio.com\/br\/wp-json\/wp\/v2\/posts\/117231\/revisions"}],"wp:featuredmedia":[{"embeddable":true,"href":"https:\/\/grandepremio.com\/br\/wp-json\/wp\/v2\/media\/1000512043"}],"wp:attachment":[{"href":"https:\/\/grandepremio.com\/br\/wp-json\/wp\/v2\/media?parent=117231"}],"wp:term":[{"taxonomy":"category","embeddable":true,"href":"https:\/\/grandepremio.com\/br\/wp-json\/wp\/v2\/categories?post=117231"},{"taxonomy":"post_tag","embeddable":true,"href":"https:\/\/grandepremio.com\/br\/wp-json\/wp\/v2\/tags?post=117231"},{"taxonomy":"42wp_author","embeddable":true,"href":"https:\/\/grandepremio.com\/br\/wp-json\/wp\/v2\/42wp_author?post=117231"}],"curies":[{"name":"wp","href":"https:\/\/api.w.org\/{rel}","templated":true}]}}