{"id":117254,"date":"2021-10-05T10:05:00","date_gmt":"2021-10-05T13:05:00","guid":{"rendered":"https:\/\/grandepremio.com\/br\/noticias\/formula-1-amplia-corridas-sprint-para-um-terco-2022-vieram-para-ficar-ou-demais\/"},"modified":"2021-10-05T09:08:45","modified_gmt":"2021-10-05T12:08:45","slug":"formula-1-amplia-corridas-sprint-para-um-terco-2022-vieram-para-ficar-ou-demais","status":"publish","type":"post","link":"https:\/\/grandepremio.com\/br\/f1\/formula-1-amplia-corridas-sprint-para-um-terco-2022-vieram-para-ficar-ou-demais\/","title":{"rendered":"F\u00f3rmula 1 amplia corridas sprint para um ter\u00e7o de 2022. Vieram para ficar ou \u00e9 demais?"},"content":{"rendered":"\n<figure class=\"wp-block-embed is-type-rich is-provider-incorporar-manipulador wp-block-embed-incorporar-manipulador wp-embed-aspect-16-9 wp-has-aspect-ratio\"><div class=\"wp-block-embed__wrapper\">\n<iframe loading=\"lazy\" title=\"F\u00d3RMULA 1 AMPLIA CORRIDAS SPRINT PARA 2022. VIERAM PARA FICAR OU \u00c9 DEMAIS?\" width=\"500\" height=\"281\" src=\"https:\/\/www.youtube.com\/embed\/1pXmbL6Wvtc?feature=oembed\" frameborder=\"0\" allow=\"accelerometer; autoplay; clipboard-write; encrypted-media; gyroscope; picture-in-picture; web-share\" referrerpolicy=\"strict-origin-when-cross-origin\" allowfullscreen><\/iframe>\n<\/div><\/figure>\n\n\n\n<p class=\"wp-block-paragraph\">Stefano <a href=\"https:\/\/www.grandepremio.com\/br\/f1\/noticias\/presidente-formula-1-corridas-sprint-um-terco-de-2022\/\">Domenicali, presidente e CEO da F\u00f3rmula 1, afirmou que a temporada 2022 ter\u00e1 &#8220;um ter\u00e7o&#8221; das etapas compostas de corridas sprint, as provas de classifica\u00e7\u00e3o aos s\u00e1bados. Isso significa que, num campeonato de 23 corridas, 7 ou 8<\/a> ter\u00e3o as provas de 100 km. Mas at\u00e9 que ponto a amplia\u00e7\u00e3o do novo formato \u00e9 positiva? Este \u00e9 o debate <a href=\"https:\/\/www.youtube.com\/c\/GrandePremioTV\/videos\">no canal do GRANDE PR\u00caMIO no YouTube<\/a> nesta ter\u00e7a-feira (5)<\/p>\n\n\n\n<p class=\"wp-block-paragraph\">O dirigente alegou que as respostas do p\u00fablico foram &#8220;muito positivas&#8221; e que o formato, que foi testado nos GPs da Inglaterra e It\u00e1lia e que ter\u00e1 uma edi\u00e7\u00e3o no GP de S\u00e3o Paulo, agradou. Mas o que se observa \u00e9 que muita gente, na verdade, n\u00e3o gostou.<\/p>\n\n\n\n<p class=\"wp-block-paragraph\">7 ou 8 corridas de classifica\u00e7\u00e3o s\u00e3o muito ou pouco? Ou est\u00e3o de bom tamanho? Victor Martins e Fernando Silva debatem.<\/p>\n\n\n\n<p class=\"wp-block-paragraph\">E voc\u00ea, o que acha? Assista j\u00e1 ao v\u00eddeo e opine no canal do <strong><a href=\"https:\/\/www.youtube.com\/c\/GrandePremioTV\/videos\">GRANDE PR\u00caMIO no YouTube<\/a><\/strong>.<\/p>\n\n\n\n<p class=\"wp-block-paragraph\"><strong>\u25b6\ufe0f&nbsp;Inscreva-se nos dois canais do GRANDE PR\u00caMIO no YouTube:&nbsp;<a href=\"https:\/\/www.youtube.com\/channel\/UC9OlHEgxoaY6QY6nWPoiqQg?sub_confirmation=1\" target=\"_blank\" rel=\"noreferrer noopener\">GP<\/a>&nbsp;|&nbsp;<a href=\"https:\/\/www.youtube.com\/channel\/UC9csiS6q_C3C0FYhyr1rnFA?sub_confirmation=1\" target=\"_blank\" rel=\"noreferrer noopener\">GP2<\/a><\/strong><\/p>\n","protected":false},"excerpt":{"rendered":"<p>Um calend\u00e1rio com sete ou oito corridas sprint \u00e9 bom ou ruim para a F\u00f3rmula 1 em 2022? Victor Martins e Fernando Silva debatem no canal do GRANDE PR\u00caMIO no YouTube<\/p>\n","protected":false},"author":0,"featured_media":1000492442,"comment_status":"closed","ping_status":"closed","sticky":false,"template":"","format":"standard","meta":{"42wp_featured_image_caption":"","42wp_featured_image_credits":"","42wp_featured_video":"","42wp_featured_image_hidden":false,"42wp_authors_list":[],"footnotes":""},"categories":[2],"tags":[29394,27467,147,156,28590,390,24837,25536,24836,486],"42wp_author":[47110],"class_list":["post-117254","post","type-post","status-publish","format-standard","has-post-thumbnail","hentry","category-f1","tag-calendario-formula-1-2022","tag-corridas-sprint","tag-f1","tag-f1-2021","tag-f1-sprint","tag-fernando-silva","tag-formula-1-2","tag-formula-1-2021-2","tag-grande-premio-2","tag-victor-martins","42wp_author-fernando-silva"],"_links":{"self":[{"href":"https:\/\/grandepremio.com\/br\/wp-json\/wp\/v2\/posts\/117254","targetHints":{"allow":["GET"]}}],"collection":[{"href":"https:\/\/grandepremio.com\/br\/wp-json\/wp\/v2\/posts"}],"about":[{"href":"https:\/\/grandepremio.com\/br\/wp-json\/wp\/v2\/types\/post"}],"replies":[{"embeddable":true,"href":"https:\/\/grandepremio.com\/br\/wp-json\/wp\/v2\/comments?post=117254"}],"version-history":[{"count":0,"href":"https:\/\/grandepremio.com\/br\/wp-json\/wp\/v2\/posts\/117254\/revisions"}],"wp:featuredmedia":[{"embeddable":true,"href":"https:\/\/grandepremio.com\/br\/wp-json\/wp\/v2\/media\/1000492442"}],"wp:attachment":[{"href":"https:\/\/grandepremio.com\/br\/wp-json\/wp\/v2\/media?parent=117254"}],"wp:term":[{"taxonomy":"category","embeddable":true,"href":"https:\/\/grandepremio.com\/br\/wp-json\/wp\/v2\/categories?post=117254"},{"taxonomy":"post_tag","embeddable":true,"href":"https:\/\/grandepremio.com\/br\/wp-json\/wp\/v2\/tags?post=117254"},{"taxonomy":"42wp_author","embeddable":true,"href":"https:\/\/grandepremio.com\/br\/wp-json\/wp\/v2\/42wp_author?post=117254"}],"curies":[{"name":"wp","href":"https:\/\/api.w.org\/{rel}","templated":true}]}}