{"id":117259,"date":"2021-10-05T07:19:03","date_gmt":"2021-10-05T10:19:03","guid":{"rendered":"https:\/\/grandepremio.com\/br\/noticias\/como-formula-1-prepara-para-usar-combustivel-100-sustentavel-a-partir-2025\/"},"modified":"2021-10-05T07:31:54","modified_gmt":"2021-10-05T10:31:54","slug":"como-formula-1-prepara-para-usar-combustivel-100-sustentavel-a-partir-2025","status":"publish","type":"post","link":"https:\/\/grandepremio.com\/br\/f1\/como-formula-1-prepara-para-usar-combustivel-100-sustentavel-a-partir-2025\/","title":{"rendered":"Como F\u00f3rmula 1 se prepara para usar combust\u00edvel 100% sustent\u00e1vel a partir de 2025"},"content":{"rendered":"\n<figure class=\"wp-block-embed is-type-video is-provider-youtube wp-block-embed-youtube wp-embed-aspect-16-9 wp-has-aspect-ratio\"><div class=\"wp-block-embed__wrapper\">\n<iframe loading=\"lazy\" title=\"SAINZ AMEA\u00c7A TRONO DE LECLERC NA FERRARI PELO DESEMPENHO NA F\u00d3RMULA 1 2021?\" width=\"500\" height=\"281\" src=\"https:\/\/www.youtube.com\/embed\/RkIKyXO4_Qw?feature=oembed\" frameborder=\"0\" allow=\"accelerometer; autoplay; clipboard-write; encrypted-media; gyroscope; picture-in-picture; web-share\" referrerpolicy=\"strict-origin-when-cross-origin\" allowfullscreen><\/iframe>\n<\/div><\/figure>\n\n\n\n<p class=\"wp-block-paragraph\">A F\u00f3rmula 1 segue sua caminhada para fazer um futuro mais consciente. Nesta ter\u00e7a-feira (5), anunciou que deseja implementar uma nova gera\u00e7\u00e3o de unidades de pot\u00eancia em 2025, <a href=\"https:\/\/www.grandepremio.com\/br\/f1\/noticias\/por-beneficios-para-o-mundo-f1-anuncia-busca-de-combustivel-sustentavel-ideal\/\">com motores 100% sustent\u00e1veis<\/a>, para atender a meta de zero emiss\u00e3o de carbono em 2030.<\/p>\n\n\n\n<p class=\"wp-block-paragraph\">J\u00e1 na pr\u00f3xima temporada, a F1 vai usar uma mistura de combust\u00edvel chamada E10, com 90% de componentes f\u00f3sseis e 10% de etanol. A categoria pretende dar esse salto para ser um modelo para uso na sociedade.<\/p>\n\n\n\n<p class=\"wp-block-paragraph\"><strong>Conhe\u00e7a o canal do Grande Pr\u00eamio no\u00a0<a href=\"https:\/\/www.youtube.com\/GrandePremioTV\">YouTube<\/a>.<br>Siga o Grande Pr\u00eamio no\u00a0<a rel=\"noreferrer noopener\" href=\"https:\/\/twitter.com\/grandepremio\" target=\"_blank\">Twitter\u00a0<\/a>e no\u00a0<a rel=\"noreferrer noopener\" href=\"https:\/\/instagram.com\/grandepremio\" target=\"_blank\">Instagram<\/a>.<\/strong><\/p>\n\n\n\n<figure class=\"wp-block-image size-large\"><img decoding=\"async\" src=\"https:\/\/www.grandepremio.com\/br\/wp-content\/uploads\/2021\/09\/beto8129-1024x695.jpg\" alt=\"\" class=\"wp-image-506053\"\/><figcaption>Largada do GP do Holanda (Foto: Beto Issa)<\/figcaption><\/figure>\n\n\n\n<p class=\"wp-block-paragraph\">De acordo com o comunicado emitido, para 2025, os novos combust\u00edveis ser\u00e3o criados em laborat\u00f3rios sem for\u00e7ar a modifica\u00e7\u00e3o dos motores. A categoria espera que, com isso, os pr\u00f3ximos carros sejam ainda mais r\u00e1pidos que os atuais. Esses combust\u00edveis ser\u00e3o feitos com lixo municipal e biomassa org\u00e2nica, salvando cerca de 65% das emiss\u00f5es de gases proporcionadas por derivados de f\u00f3sseis, como petr\u00f3leo.<\/p>\n\n\n\n<p class=\"wp-block-paragraph\">\u00c9 estimado que, em 2030, mais de 1,8 bilh\u00e3o de carros de rua ser\u00e3o el\u00e9tricos ou sustent\u00e1veis, por isso a F\u00f3rmula 1 quer seguir o mesmo caminho de causar o m\u00ednimo impacto no meio ambiente, com baixa emiss\u00e3o de gases.<\/p>\n\n\n\n<p class=\"wp-block-paragraph\">A decis\u00e3o de manter os motores de combust\u00e3o \u00e9 tamb\u00e9m uma busca por relev\u00e2ncia tecnol\u00f3gica. A F1 acredita que, como a maioria dos carros produzidos e utilizados no mundo contam com motor a combust\u00e3o, uma revolu\u00e7\u00e3o neste tipo de tecnologia tende a ter impacto maior na ind\u00fastria.<\/p>\n\n\n\n<p class=\"wp-block-paragraph\"><strong>\u25b6\ufe0f\u00a0Inscreva-se nos dois canais do GRANDE PR\u00caMIO no YouTube:\u00a0<a href=\"https:\/\/www.youtube.com\/channel\/UC9OlHEgxoaY6QY6nWPoiqQg?sub_confirmation=1\" target=\"_blank\" rel=\"noreferrer noopener\">GP<\/a>\u00a0|\u00a0<a href=\"https:\/\/www.youtube.com\/channel\/UC9csiS6q_C3C0FYhyr1rnFA?sub_confirmation=1\" target=\"_blank\" rel=\"noreferrer noopener\">GP2<\/a><\/strong><\/p>\n\n\n\n<figure class=\"wp-block-embed is-type-video is-provider-youtube wp-block-embed-youtube wp-embed-aspect-16-9 wp-has-aspect-ratio\"><div class=\"wp-block-embed__wrapper\">\n<iframe loading=\"lazy\" title=\"F1 CHEGA AO CATAR USANDO MOTOGP. PARCERIA ENTRE AS DUAS EST\u00c1 PR\u00d3XIMA?\" width=\"500\" height=\"281\" src=\"https:\/\/www.youtube.com\/embed\/P8Y79ohsBzA?feature=oembed\" frameborder=\"0\" allow=\"accelerometer; autoplay; clipboard-write; encrypted-media; gyroscope; picture-in-picture; web-share\" referrerpolicy=\"strict-origin-when-cross-origin\" allowfullscreen><\/iframe>\n<\/div><\/figure>\n","protected":false},"excerpt":{"rendered":"<p>A F\u00f3rmula 1 segue sua caminhada por um futuro mais sustent\u00e1vel, com a implementa\u00e7\u00e3o de novos combust\u00edveis. Nesta ter\u00e7a-feira, a categoria explicou como deseja fazer a transi\u00e7\u00e3o nos pr\u00f3ximos anos<\/p>\n","protected":false},"author":0,"featured_media":1000508092,"comment_status":"closed","ping_status":"closed","sticky":false,"template":"","format":"standard","meta":{"42wp_featured_image_caption":"","42wp_featured_image_credits":"","42wp_featured_video":"","42wp_featured_image_hidden":false,"42wp_authors_list":[],"footnotes":""},"categories":[2],"tags":[147,156,24837,25536,27179],"42wp_author":[47135],"class_list":["post-117259","post","type-post","status-publish","format-standard","has-post-thumbnail","hentry","category-f1","tag-f1","tag-f1-2021","tag-formula-1-2","tag-formula-1-2021-2","tag-temporada-f1-2021","42wp_author-pedro-luis-cuenca"],"_links":{"self":[{"href":"https:\/\/grandepremio.com\/br\/wp-json\/wp\/v2\/posts\/117259","targetHints":{"allow":["GET"]}}],"collection":[{"href":"https:\/\/grandepremio.com\/br\/wp-json\/wp\/v2\/posts"}],"about":[{"href":"https:\/\/grandepremio.com\/br\/wp-json\/wp\/v2\/types\/post"}],"replies":[{"embeddable":true,"href":"https:\/\/grandepremio.com\/br\/wp-json\/wp\/v2\/comments?post=117259"}],"version-history":[{"count":0,"href":"https:\/\/grandepremio.com\/br\/wp-json\/wp\/v2\/posts\/117259\/revisions"}],"wp:featuredmedia":[{"embeddable":true,"href":"https:\/\/grandepremio.com\/br\/wp-json\/wp\/v2\/media\/1000508092"}],"wp:attachment":[{"href":"https:\/\/grandepremio.com\/br\/wp-json\/wp\/v2\/media?parent=117259"}],"wp:term":[{"taxonomy":"category","embeddable":true,"href":"https:\/\/grandepremio.com\/br\/wp-json\/wp\/v2\/categories?post=117259"},{"taxonomy":"post_tag","embeddable":true,"href":"https:\/\/grandepremio.com\/br\/wp-json\/wp\/v2\/tags?post=117259"},{"taxonomy":"42wp_author","embeddable":true,"href":"https:\/\/grandepremio.com\/br\/wp-json\/wp\/v2\/42wp_author?post=117259"}],"curies":[{"name":"wp","href":"https:\/\/api.w.org\/{rel}","templated":true}]}}