{"id":117278,"date":"2021-10-04T07:24:42","date_gmt":"2021-10-04T10:24:42","guid":{"rendered":"https:\/\/grandepremio.com\/br\/noticias\/presidente-formula-1-corridas-sprint-um-terco-de-2022\/"},"modified":"2021-10-04T07:37:51","modified_gmt":"2021-10-04T10:37:51","slug":"presidente-formula-1-corridas-sprint-um-terco-de-2022","status":"publish","type":"post","link":"https:\/\/grandepremio.com\/br\/f1\/presidente-formula-1-corridas-sprint-um-terco-de-2022\/","title":{"rendered":"Presidente da F\u00f3rmula 1 confirma corridas sprint para \u201cum ter\u00e7o\u201d do calend\u00e1rio de 2022"},"content":{"rendered":"\n<figure class=\"wp-block-video\"><video class=\"video-js vjs-big-play-centered\" data-gp-vjs=\"1\" controls src=\"https:\/\/www.grandepremio.com\/br\/wp-content\/uploads\/2021\/10\/Moto3_Crash.mp4\"><\/video><figcaption>Grave acidente envolveu diversos pilotos da Moto3 e encerrou a prova (V\u00eddeo: Reprodu\u00e7\u00e3o\/DAZN)<\/figcaption><\/figure>\n\n\n\n<p class=\"wp-block-paragraph\">Com a expectativa de o calend\u00e1rio da temporada 2022 do Mundial de F\u00f3rmula 1 ser oficializado em 15 de outubro, em reuni\u00e3o do Conselho Mundial do Esporte a Motor na FIA (Federa\u00e7\u00e3o Internacional de Automobilismo), Stefano Domenicali, CEO e presidente da F\u00f3rmula 1, revelou que pelo menos um ter\u00e7o das corridas do pr\u00f3ximo cronograma vai acontecer com o fim de semana no formato sprint. O calend\u00e1rio do ano que vem vai contar com 23 GPs, tendo como destaque a estreia do GP de Miami.<\/p>\n\n\n\n<p class=\"wp-block-paragraph\">Sem especificar quais ser\u00e3o as etapas com o formato que estreou neste fim de semana e que compreende um treino livre e a classifica\u00e7\u00e3o na sexta-feira, mais um treino livre e a corrida sprint, curta, de 100 km de extens\u00e3o, no s\u00e1bado \u2014 que define o grid de largada da prova principal, no domingo \u2014, Domenicali ressaltou que sete ou oito eventos do calend\u00e1rio ser\u00e3o desta forma.<\/p>\n\n\n\n<p class=\"wp-block-paragraph\"><strong>\u25b6\ufe0f\u00a0Inscreva-se nos dois canais do GRANDE PR\u00caMIO no YouTube:\u00a0<a href=\"https:\/\/www.youtube.com\/channel\/UC9OlHEgxoaY6QY6nWPoiqQg?sub_confirmation=1\" target=\"_blank\" rel=\"noreferrer noopener\">GP<\/a>\u00a0|\u00a0<a href=\"https:\/\/www.youtube.com\/channel\/UC9csiS6q_C3C0FYhyr1rnFA?sub_confirmation=1\" target=\"_blank\" rel=\"noreferrer noopener\">GP2<\/a><\/strong><\/p>\n\n\n\n<figure class=\"wp-block-image size-large\"><img decoding=\"async\" src=\"https:\/\/www.grandepremio.com\/br\/wp-content\/uploads\/2020\/05\/SI202107170300_news-1024x603.jpg\" alt=\"LARGADA CORRIDA SPRINT; F1 SPRINT; F1; GP DA INGLATERRA; SILVERSTONE; LARGADA;\" class=\"wp-image-492442\"\/><figcaption>Stefano Domenicali disse que recebeu coment\u00e1rios &#8220;super positivos&#8221; sobre as corridas sprint (Foto: Michael Regan\/Getty Images\/Red Bull Content Pool)<\/figcaption><\/figure>\n\n\n\n<p class=\"wp-block-paragraph\">Em 2021, o formato das corridas sprint estreou no fim de semana do GP da Inglaterra. O GP da It\u00e1lia foi a segunda etapa, ainda em car\u00e1ter de teste, enquanto o GP de S\u00e3o Paulo, em Interlagos, vai ser palco da terceira corrida sprint do campeonato antes de uma amplia\u00e7\u00e3o do cronograma na pr\u00f3xima temporada.<\/p>\n\n\n\n<p class=\"wp-block-paragraph\">Em entrevista \u00e0 emissora brit\u00e2nica Sky Sports, Domenicali ressaltou a rea\u00e7\u00e3o \u201csuper positiva\u201d que recebeu quanto ao novo formato e, por isso, a F\u00f3rmula 1 vai ampliar o n\u00famero das corridas sprint para o ano que vem.<\/p>\n\n\n\n<p class=\"wp-block-paragraph\">\u201cDissemos, no come\u00e7o do ano, que haveria tr\u00eas testes neste ano para assegurar que t\u00ednhamos o plano certo para o futuro. Diria que a grande maioria dos coment\u00e1rios que recebemos foram totalmente positivos, super positivos. Os promotores est\u00e3o super felizes porque h\u00e1 algo novo e muito importante na sexta, no s\u00e1bado e no domingo\u201d, destacou o dirigente.<\/p>\n\n\n\n<figure class=\"wp-block-embed is-type-rich is-provider-spotify wp-block-embed-spotify wp-embed-aspect-21-9 wp-has-aspect-ratio\"><div class=\"wp-block-embed__wrapper\">\n<iframe title=\"Spotify Embed: Paddockast #123: A McLaren j\u00e1 est\u00e1 na &amp;apos;F1 A&amp;apos;? O que falta?\" style=\"border-radius: 12px\" width=\"100%\" height=\"152\" frameborder=\"0\" allowfullscreen allow=\"autoplay; clipboard-write; encrypted-media; fullscreen; picture-in-picture\" loading=\"lazy\" src=\"https:\/\/open.spotify.com\/embed\/episode\/12SHDwKZSt6jrlrgm9uYa6?si=rediDt29SWaTmFT6AsjsEA&amp;dl_branch=1&amp;utm_source=oembed\"><\/iframe>\n<\/div><figcaption>O que falta para a McLaren estar na \u2018F\u00f3rmula 1 A\u2019? Ou\u00e7a a edi\u00e7\u00e3o #123 do Paddockast<\/figcaption><\/figure>\n\n\n\n<p class=\"wp-block-paragraph\">\u201cEstamos recebendo esse retorno positivo e, portanto, precisamos saber no ano que vem que teremos um \u00f3timo plano que tamb\u00e9m vai levar em considera\u00e7\u00e3o os pontos destacados por pessoas que n\u00e3o gostaram muito desse formato. Contudo, de forma geral, tem sido um sucesso incr\u00edvel\u201d, salientou.<\/p>\n\n\n\n<p class=\"wp-block-paragraph\">Domenicali refor\u00e7ou que ainda n\u00e3o tem a defini\u00e7\u00e3o de quais pra\u00e7as v\u00e3o receber o formato sprint na pr\u00f3xima temporada.<\/p>\n\n\n\n<p class=\"wp-block-paragraph\">\u201cO que posso dizer \u00e9 que n\u00e3o vamos a todos os lugares com o formato das corridas sprint porque isso \u00e9 algo que queremos manter por um ter\u00e7o das corridas, mais ou menos, e nos conectar com uma certa forma diferente de dar recompensas, pontos, ou conectar com circuitos espec\u00edficos que, como se sabe, v\u00e3o fazer a diferen\u00e7a\u201d, disse.<\/p>\n\n\n\n<p class=\"wp-block-paragraph\">\u201cPortanto, h\u00e1 muito o que pensar. Vamos envolver tamb\u00e9m todos os acionistas, emissoras, pilotos, equipes, promotores e os f\u00e3s. N\u00e3o devemos esquecer que nosso papel \u00e9 tomar a decis\u00e3o estrat\u00e9gica e levar em considera\u00e7\u00e3o todos os pontos de vista de todo mundo\u201d, salientou.<\/p>\n\n\n\n<p class=\"wp-block-paragraph\">Recentemente, o site brit\u00e2nico RaceFans divulgou um esbo\u00e7o do calend\u00e1rio de 2022. <a href=\"https:\/\/www.grandepremio.com\/br\/f1\/noticias\/23-gps-3-rodadas-triplas-fim-novembro-como-formula-1-planeja-calendario-2022\/\">Com 23 GPs espa\u00e7ados por apenas 36 finais de semana, o campeonato come\u00e7aria em 20 de mar\u00e7o, no Bahrein, e terminaria em 20 de novembro, em Abu Dhabi<\/a>. Domenicali n\u00e3o entrou em detalhes, mas confirmou o per\u00edodo ao afirmar que a temporada vai come\u00e7ar \u201cmeados de mar\u00e7o e vai terminar em meados de novembro\u201d.<\/p>\n\n\n\n<p class=\"wp-block-paragraph\">A previs\u00e3o, portanto, \u00e9 que a temporada termine exatamente um dia antes da abertura da Copa do Mundo do Catar, prevista para 21 de novembro.<\/p>\n\n\n\n<figure class=\"wp-block-embed is-type-video is-provider-youtube wp-block-embed-youtube wp-embed-aspect-16-9 wp-has-aspect-ratio\"><div class=\"wp-block-embed__wrapper\">\n<iframe loading=\"lazy\" title=\"SAINZ AMEA\u00c7A TRONO DE LECLERC NA FERRARI PELO DESEMPENHO NA F\u00d3RMULA 1 2021?\" width=\"500\" height=\"281\" src=\"https:\/\/www.youtube.com\/embed\/RkIKyXO4_Qw?feature=oembed\" frameborder=\"0\" allow=\"accelerometer; autoplay; clipboard-write; encrypted-media; gyroscope; picture-in-picture; web-share\" referrerpolicy=\"strict-origin-when-cross-origin\" allowfullscreen><\/iframe>\n<\/div><figcaption>SAINZ AMEA\u00c7A TRONO DE LECLERC NA FERRARI PELO DESEMPENHO NA F\u00d3RMULA 1 2021?<\/figcaption><\/figure>\n","protected":false},"excerpt":{"rendered":"<p>Com a previs\u00e3o de 23 corridas na pr\u00f3xima temporada da F\u00f3rmula 1, Stefano Domenicali disse que um ter\u00e7o delas vai ser no formato sprint<\/p>\n","protected":false},"author":0,"featured_media":1000507935,"comment_status":"closed","ping_status":"closed","sticky":false,"template":"","format":"standard","meta":{"42wp_featured_image_caption":"","42wp_featured_image_credits":"","42wp_featured_video":"","42wp_featured_image_hidden":false,"42wp_authors_list":[],"footnotes":""},"categories":[2],"tags":[147,24837,25536,26841,24836,907],"42wp_author":[47110],"class_list":["post-117278","post","type-post","status-publish","format-standard","has-post-thumbnail","hentry","category-f1","tag-f1","tag-formula-1-2","tag-formula-1-2021-2","tag-formula-1-2022","tag-grande-premio-2","tag-stefano-domenicali","42wp_author-fernando-silva"],"_links":{"self":[{"href":"https:\/\/grandepremio.com\/br\/wp-json\/wp\/v2\/posts\/117278","targetHints":{"allow":["GET"]}}],"collection":[{"href":"https:\/\/grandepremio.com\/br\/wp-json\/wp\/v2\/posts"}],"about":[{"href":"https:\/\/grandepremio.com\/br\/wp-json\/wp\/v2\/types\/post"}],"replies":[{"embeddable":true,"href":"https:\/\/grandepremio.com\/br\/wp-json\/wp\/v2\/comments?post=117278"}],"version-history":[{"count":0,"href":"https:\/\/grandepremio.com\/br\/wp-json\/wp\/v2\/posts\/117278\/revisions"}],"wp:featuredmedia":[{"embeddable":true,"href":"https:\/\/grandepremio.com\/br\/wp-json\/wp\/v2\/media\/1000507935"}],"wp:attachment":[{"href":"https:\/\/grandepremio.com\/br\/wp-json\/wp\/v2\/media?parent=117278"}],"wp:term":[{"taxonomy":"category","embeddable":true,"href":"https:\/\/grandepremio.com\/br\/wp-json\/wp\/v2\/categories?post=117278"},{"taxonomy":"post_tag","embeddable":true,"href":"https:\/\/grandepremio.com\/br\/wp-json\/wp\/v2\/tags?post=117278"},{"taxonomy":"42wp_author","embeddable":true,"href":"https:\/\/grandepremio.com\/br\/wp-json\/wp\/v2\/42wp_author?post=117278"}],"curies":[{"name":"wp","href":"https:\/\/api.w.org\/{rel}","templated":true}]}}