{"id":117281,"date":"2021-10-04T05:20:00","date_gmt":"2021-10-04T08:20:00","guid":{"rendered":"https:\/\/grandepremio.com\/br\/noticias\/andrea-migno-mudancas-acidente-grave-moto3-nao-podemos-continuar-assim\/"},"modified":"2021-10-03T18:29:16","modified_gmt":"2021-10-03T21:29:16","slug":"andrea-migno-mudancas-acidente-grave-moto3-nao-podemos-continuar-assim","status":"publish","type":"post","link":"https:\/\/grandepremio.com\/br\/motogp\/andrea-migno-mudancas-acidente-grave-moto3-nao-podemos-continuar-assim\/","title":{"rendered":"Migno pede mudan\u00e7as ap\u00f3s acidente grave na Moto3: \u201cN\u00e3o podemos continuar assim\u201d"},"content":{"rendered":"\n<figure class=\"wp-block-video\"><video class=\"video-js vjs-big-play-centered\" data-gp-vjs=\"1\" controls src=\"https:\/\/www.grandepremio.com\/br\/wp-content\/uploads\/2021\/10\/Moto3_Crash.mp4\"><\/video><figcaption>Grave acidente envolveu diversos pilotos da Moto3 e encerrou a prova (V\u00eddeo: Reprodu\u00e7\u00e3o\/DAZN)<\/figcaption><\/figure>\n\n\n\n<p class=\"wp-block-paragraph\">Andrea Migno cobrou mudan\u00e7as na Moto3 ap\u00f3s o que definiu como <a href=\"https:\/\/www.grandepremio.com\/br\/motogp\/noticias\/acidente-com-pedro-acosta-jeremy-alcoba-andrea-migno-causa-bandeira-vermelha-encerra-moto3-austin\/\">um acidente \u201cpotencialmente fatal\u201d no GP das Am\u00e9ricas de domingo (3)<\/a>. O piloto da Snipers lembrou as mortes de Jason Dupasquier, Hugo Mill\u00e1n e Dean Berta Vi\u00f1ales e sublinhou que as coisas n\u00e3o podem seguir como est\u00e3o.<\/p>\n\n\n\n<p class=\"wp-block-paragraph\">A corrida em Austin foi interrompida \u2015 com atraso \u2015 pela primeira vez na volta 7, ap\u00f3s uma queda feia de Filip Salac. A disputa, por\u00e9m, foi retomada para cinco voltas, j\u00e1 que n\u00e3o tinham sido conclu\u00eddos os 2\/3 necess\u00e1rios. Depois de tr\u00eas voltas, a bandeira vermelha precisou ser acionada mais uma vez, agora por um acidente mais grave.<\/p>\n\n\n\n<p class=\"wp-block-paragraph\"><strong>\u25b6\ufe0f\u00a0Inscreva-se nos dois canais do GRANDE PR\u00caMIO no YouTube:\u00a0<a href=\"https:\/\/www.youtube.com\/channel\/UC9OlHEgxoaY6QY6nWPoiqQg?sub_confirmation=1\" target=\"_blank\" rel=\"noreferrer noopener\">GP<\/a>\u00a0|\u00a0<a href=\"https:\/\/www.youtube.com\/channel\/UC9csiS6q_C3C0FYhyr1rnFA?sub_confirmation=1\" target=\"_blank\" rel=\"noreferrer noopener\">GP2<\/a><\/strong><\/p>\n\n\n\n<figure class=\"wp-block-image size-large\"><img decoding=\"async\" src=\"https:\/\/www.grandepremio.com\/br\/wp-content\/uploads\/2021\/10\/Moto3Crash-1024x567.png\" alt=\"MOTO3; ACIDENTE; CIRCUITO DAS AM\u00c9RICAS;\" class=\"wp-image-514634\"\/><figcaption>Acidente grav\u00edssimo encerrou corrida da Moto3 com bandeira vermelha nos EUA (Foto: Reprodu\u00e7\u00e3o)<\/figcaption><\/figure>\n\n\n\n<p class=\"wp-block-paragraph\"><strong>VEJA TAMB\u00c9M<\/strong><br><a href=\"https:\/\/www.grandepremio.com\/br\/motogp\/noticias\/quartararo-tem-primeiro-match-point-da-temporada-em-misano-confira-classificacao\/\">Quartararo aumenta vantagem e tem primeiro match-point da MotoGP em Misano<\/a><\/p>\n\n\n\n<p class=\"wp-block-paragraph\">Deniz \u00d6nc\u00fc acabou tocando a roda dianteira de Jeremy Alcoba, provocando a queda do espanhol. Andrea Migno e Pedro Acosta ca\u00edram na sequ\u00eancia, mas, por sorte, as motos foram as \u00fanicas atropeladas neste domingo.<\/p>\n\n\n\n<p class=\"wp-block-paragraph\">Os chefes de equipe, ent\u00e3o, se reuniram com a dire\u00e7\u00e3o de prova para decidir o que fazer a seguir. A decis\u00e3o foi de validar o resultado do momento da primeira interrup\u00e7\u00e3o, o que <a href=\"https:\/\/www.grandepremio.com\/br\/motogp\/noticias\/izan-guevera-vence-gp-tumultuado-moto3-acidente-assustador-austin\/\">culminou com uma vit\u00f3ria de Iz\u00e1n Guevara<\/a>.<\/p>\n\n\n\n<p class=\"wp-block-paragraph\">Logo ap\u00f3s o susto, Migno fez um desabafo nos microfones da emissora italiana Sky e cobrou uma atitude da FIM (Federa\u00e7\u00e3o Internacional de Motociclismo) e da Dorna, promotora do Mundial e tamb\u00e9m da Talent Cup Europeia e do Mundial de Supersport 300, as categorias que vitimaram Mill\u00e1n e Vi\u00f1ales.<\/p>\n\n\n\n<p class=\"wp-block-paragraph\">\u201cEst\u00e1vamos em uma queda potencialmente fatal. Quem est\u00e1 no comando precisa fazer alguma coisa agora\u201d, disse Migno \u00e0 emissora italiana Sky. \u201cEste ano, tr\u00eas caras perderam a vida. N\u00f3s n\u00e3o podemos continuar correndo assim. Eles precisam mudar alguma coisa. Algu\u00e9m poderia ter morrido hoje tamb\u00e9m. \u00c9 preciso dizer e encarar a verdade. Estou feliz que nada tenha acontecido comigo, mas fiquei realmente assustado\u201d, admitiu.<\/p>\n\n\n\n<p class=\"wp-block-paragraph\">\u201cEst\u00e1 tudo bem, pois ningu\u00e9m se machucou. Mas e a semana passada? O que mais precisa acontecer? Isso te faz estremecer, mas \u00e9 a realidade. Espero que mais este epis\u00f3dio pressione aqueles no comando a fazer alguma coisa\u201d, encerrou.<\/p>\n\n\n\n<p class=\"wp-block-paragraph\">L\u00edder do Mundial de Moto3, Acosta foi arremessado da moto e disse ao di\u00e1rio espanhol AS que saiu bem por um milagre.<\/p>\n\n\n\n<p class=\"wp-block-paragraph\">\u201cFaltou pouco, faltou pouco. N\u00e3o sei por que estamos caindo na reta. N\u00e3o entendi muito bem. A do Migno, sim, porque quando vamos em um grupo de sete ou oito, \u00e9 normal que, se algu\u00e9m cai, que outro o atinja. Eu tamb\u00e9m me choquei com ele, mas menos mal que estou bem. O primeiro impacto foi com a coluna e, por isso, fiquei um pouco no ch\u00e3o, mas sem consequ\u00eancias\u201d, comentou.<\/p>\n\n\n\n<p class=\"wp-block-paragraph\">Pedro, por\u00e9m, n\u00e3o soube dizer a que altura voou. \u201cN\u00e3o sei. Eu s\u00f3 via terra, c\u00e9u, terra, c\u00e9u, at\u00e9 que parei. Bom, foi bonita, n\u00e9?\u201d, brincou.<\/p>\n\n\n\n<p class=\"wp-block-paragraph\">O piloto da Ajo contou ap\u00f3s revisar a corrida que chegou a seis metros de altura ao ser arremessado da moto.<\/p>\n\n\n\n<p class=\"wp-block-paragraph\">\u201cCalcularam que voei a seis metros de altura e a 50 metros de dist\u00e2ncia. E, sim, atingi o muro, o que me fez girar como um pi\u00e3o. Senti o golpe na coluna e vi que conseguia me mexer, o que me tranquilizou\u201d, explicou. \u201cO que n\u00e3o pode acontecer \u00e9 que n\u00e3o saibamos o motivo de cair na reta. J\u00e1 s\u00e3o tr\u00eas perdas neste ano, ent\u00e3o precisamos fazer algo\u201d, cobrou.<\/p>\n\n\n\n<p class=\"wp-block-paragraph\">Chefe da Tech3 e tamb\u00e9m presidente da IRTA (Associa\u00e7\u00e3o Internacional das Equipes de Corrida), Herv\u00e9 Poncharal contou que os dirigentes pensaram em reiniciar a disputa, at\u00e9 mesmo no fim do dia, mas acabaram por decidir dar a disputa por encerrada.<\/p>\n\n\n\n<p class=\"wp-block-paragraph\">\u201cHonestamente, ficamos muito assustados quando vimos o que aconteceu na segunda parte da corrida. Felizmente, e isso \u00e9 um alivio enorme para todo o paddock, todos est\u00e3o bem, o que \u00e9 o mais importante\u201d, disse Poncharal. \u201cDiscutimos relargar para outra corrida de cinco voltas ou fazer a Moto3 no fim do dia, mas, no fim, acho que tomamos a decis\u00e3o certa e todos concordaram de encerrar o dia da Moto3. T\u00ednhamos voltas o bastante para usar como resultado\u201d, completou.<\/p>\n\n\n\n<p class=\"wp-block-paragraph\">\u00d6nc\u00fc, ali\u00e1s, foi punido pela FIM e n\u00e3o poder\u00e1 correr nos GPs do Feito na It\u00e1lia e da Em\u00edlia Romanha, em Misano, e no GP do Algarve, em Portim\u00e3o.<\/p>\n\n\n\n<p class=\"wp-block-paragraph\"><strong>Siga o Grande Pr\u00eamio no\u00a0<a rel=\"noreferrer noopener\" href=\"https:\/\/twitter.com\/grandepremio\" target=\"_blank\">Twitter\u00a0<\/a>e no\u00a0<a rel=\"noreferrer noopener\" href=\"https:\/\/instagram.com\/grandepremio\" target=\"_blank\">Instagram<\/a>.<\/strong><\/p>\n\n\n\n<figure class=\"wp-block-embed is-type-video is-provider-youtube wp-block-embed-youtube wp-embed-aspect-16-9 wp-has-aspect-ratio\"><div class=\"wp-block-embed__wrapper\">\n<iframe loading=\"lazy\" title=\"ROSSI DEIXA GRANDE LEGADO COM ITALIANOS EM ALTA NA MOTOGP | GP \u00e0s 10\" width=\"500\" height=\"281\" src=\"https:\/\/www.youtube.com\/embed\/LWho1Qs64Yo?feature=oembed\" frameborder=\"0\" allow=\"accelerometer; autoplay; clipboard-write; encrypted-media; gyroscope; picture-in-picture; web-share\" referrerpolicy=\"strict-origin-when-cross-origin\" allowfullscreen><\/iframe>\n<\/div><\/figure>\n","protected":false},"excerpt":{"rendered":"<p>Envolvido no que definiu como um acidente \u201cpotencialmente fatal\u201d no GP das Am\u00e9ricas, o jovem italiano pressionou os dirigentes do Mundial de Motovelocidade a fazerem mudan\u00e7as para garantir a seguran\u00e7a dos pilotos<\/p>\n","protected":false},"author":0,"featured_media":1000514633,"comment_status":"closed","ping_status":"closed","sticky":false,"template":"","format":"standard","meta":{"42wp_featured_image_caption":"","42wp_featured_image_credits":"","42wp_featured_video":"","42wp_featured_image_hidden":false,"42wp_authors_list":[],"footnotes":""},"categories":[8],"tags":[2283,1982,27212,24854,896,1983,25450,3464,79,1809,78,490,28765,28764,25819,28345,28766,27587,26690],"42wp_author":[47113],"class_list":["post-117281","post","type-post","status-publish","format-standard","has-post-thumbnail","hentry","category-motogp","tag-andrea-migno","tag-austin","tag-calendario-motogp-2021","tag-classificacao-motogp-2","tag-estados-unidos","tag-eua","tag-gp-das-americas","tag-misano","tag-moto-gp","tag-moto3","tag-motogp","tag-motogp-2021","tag-motogp-2021-calendario","tag-motogp-classificacao-2021","tag-motogp-hoje","tag-motogp-horarios","tag-motogp-standings","tag-pedro-acosta","tag-pilotos-motogp","42wp_author-juliana-tesser"],"_links":{"self":[{"href":"https:\/\/grandepremio.com\/br\/wp-json\/wp\/v2\/posts\/117281","targetHints":{"allow":["GET"]}}],"collection":[{"href":"https:\/\/grandepremio.com\/br\/wp-json\/wp\/v2\/posts"}],"about":[{"href":"https:\/\/grandepremio.com\/br\/wp-json\/wp\/v2\/types\/post"}],"replies":[{"embeddable":true,"href":"https:\/\/grandepremio.com\/br\/wp-json\/wp\/v2\/comments?post=117281"}],"version-history":[{"count":0,"href":"https:\/\/grandepremio.com\/br\/wp-json\/wp\/v2\/posts\/117281\/revisions"}],"wp:featuredmedia":[{"embeddable":true,"href":"https:\/\/grandepremio.com\/br\/wp-json\/wp\/v2\/media\/1000514633"}],"wp:attachment":[{"href":"https:\/\/grandepremio.com\/br\/wp-json\/wp\/v2\/media?parent=117281"}],"wp:term":[{"taxonomy":"category","embeddable":true,"href":"https:\/\/grandepremio.com\/br\/wp-json\/wp\/v2\/categories?post=117281"},{"taxonomy":"post_tag","embeddable":true,"href":"https:\/\/grandepremio.com\/br\/wp-json\/wp\/v2\/tags?post=117281"},{"taxonomy":"42wp_author","embeddable":true,"href":"https:\/\/grandepremio.com\/br\/wp-json\/wp\/v2\/42wp_author?post=117281"}],"curies":[{"name":"wp","href":"https:\/\/api.w.org\/{rel}","templated":true}]}}