{"id":117308,"date":"2021-10-03T07:33:35","date_gmt":"2021-10-03T10:33:35","guid":{"rendered":"https:\/\/grandepremio.com\/br\/noticias\/piero-ferrari-michael-schumacher-nao-esta-morto-mas-nao-consegue-se-comunicar\/"},"modified":"2021-10-03T07:35:05","modified_gmt":"2021-10-03T10:35:05","slug":"piero-ferrari-michael-schumacher-nao-esta-morto-mas-nao-consegue-se-comunicar","status":"publish","type":"post","link":"https:\/\/grandepremio.com\/br\/f1\/piero-ferrari-michael-schumacher-nao-esta-morto-mas-nao-consegue-se-comunicar\/","title":{"rendered":"Michael Schumacher \u201cn\u00e3o est\u00e1 morto, mas n\u00e3o consegue se comunicar\u201d, diz Piero Ferrari"},"content":{"rendered":"\n<figure class=\"wp-block-video\"><video class=\"video-js vjs-big-play-centered\" data-gp-vjs=\"1\" controls src=\"https:\/\/www.grandepremio.com\/br\/wp-content\/uploads\/2021\/10\/MotoGP-Orlando-Bloom-Austin.mp4\"><\/video><figcaption>Orlando Bloom acelerou no Circuito das Am\u00e9ricas (V\u00eddeo: MotoGP)<\/figcaption><\/figure>\n\n\n\n<p class=\"wp-block-paragraph\">A condi\u00e7\u00e3o cl\u00ednica de Michael Schumacher \u00e9 mantida sob sigilo e tem rar\u00edssimas atualiza\u00e7\u00f5es desde o grave acidente sofrido pelo heptacampe\u00e3o mundial de F\u00f3rmula 1 na esta\u00e7\u00e3o de esqui de M\u00e9ribel, nos Alpes Franceses, em 29 de dezembro de 2013. <a href=\"https:\/\/www.grandepremio.com\/br\/f1\/noticias\/esposa-diz-sente-falta-michael-schumacher-todos-dias-esta-diferente-mas-esta-aqui\/\">Recentemente, no document\u00e1rio \u2018Schumacher\u2019, veiculado pela plataforma de streaming Netflix, Corinna Schumacher falou um pouco sobre a atual situa\u00e7\u00e3o do marido<\/a>. Neste \u00faltimo fim de semana, foi a vez de Piero Ferrari, vice-presidente da marca italiana e filho do fundador, Enzo Ferrari.<\/p>\n\n\n\n<p class=\"wp-block-paragraph\">Em entrevista concedida ao jornal italiano La Gazzetta dello Sport, o executivo lembrou das oportunidades em que desfrutou da companhia de Michael Schumacher e destacou a personalidade do ex-piloto alem\u00e3o.<\/p>\n\n\n\n<p class=\"wp-block-paragraph\">\u201cTive o prazer de ter Schumacher como h\u00f3spede em casa e beber uma garrafa de vinho tinto juntos. Ele gostava muito desses momentos de intimidade e tranquilidade\u201d, disse Piero. \u201cEra uma pessoa simples, clara e precisa. Uma personalidade muito linear\u201d, ressaltou.<\/p>\n\n\n\n<p class=\"wp-block-paragraph\"><strong>\u25b6\ufe0f\u00a0Inscreva-se nos dois canais do GRANDE PR\u00caMIO no YouTube:\u00a0<a href=\"https:\/\/www.youtube.com\/channel\/UC9OlHEgxoaY6QY6nWPoiqQg?sub_confirmation=1\" target=\"_blank\" rel=\"noreferrer noopener\">GP<\/a>\u00a0|\u00a0<a href=\"https:\/\/www.youtube.com\/channel\/UC9csiS6q_C3C0FYhyr1rnFA?sub_confirmation=1\" target=\"_blank\" rel=\"noreferrer noopener\">GP2<\/a><\/strong><\/p>\n\n\n\n<figure class=\"wp-block-image size-large\"><img decoding=\"async\" src=\"https:\/\/www.grandepremio.com\/br\/wp-content\/uploads\/2019\/12\/2019991642476_EEC_NX5X4AA9xO6_DMa.jpg\" alt=\"\" class=\"wp-image-375473\"\/><figcaption>Michael Schumacher segue lutando pela vida desde quando sofreu acidente grave em dezembro de 2013 (Foto: Mercedes)<\/figcaption><\/figure>\n\n\n\n<p class=\"wp-block-paragraph\">Ao falar sobre a atual condi\u00e7\u00e3o de Michael, Piero corroborou as palavras recentes de Corinna. \u201cLamento falar sobre ele hoje como se estivesse morto. Ele n\u00e3o est\u00e1 morto. Ele est\u00e1 l\u00e1, mas n\u00e3o consegue se comunicar\u201d, disse o italiano.<\/p>\n\n\n\n<p class=\"wp-block-paragraph\">Em rara declara\u00e7\u00e3o sobre o marido, <a href=\"https:\/\/www.grandepremio.com\/br\/f1\/noticias\/esposa-diz-sente-falta-michael-schumacher-todos-dias-esta-diferente-mas-esta-aqui\/\">Corinna Schumacher falou recentemente sobre o sentimento da fam\u00edlia diante do atual estado de Michael<\/a>.<\/p>\n\n\n\n<p class=\"wp-block-paragraph\">\u201cNunca culpei Deus pelo que aconteceu. Foi s\u00f3 azar, j\u00e1 que podia ter acontecido com qualquer um. Claro, sinto falta dele todos os dias. Mas n\u00e3o sou a \u00fanica a sentir falta dele. As crian\u00e7as, a fam\u00edlia, o pai dele, todos ao redor. Todos sentem falta de Michael\u201d, disse a esposa durante o document\u00e1rio &#8216;Schumacher&#8217;.<\/p>\n\n\n\n<p class=\"wp-block-paragraph\">\u201cMas Michael est\u00e1 aqui. Ele est\u00e1 diferente, mas est\u00e1 aqui. E isso nos d\u00e1 for\u00e7a\u201d, considerou. \u201cEstamos juntos, vivemos juntos em casa. Ele est\u00e1 em tratamento. Fazemos de tudo para melhorar a condi\u00e7\u00e3o dele, para garantir que ele esteja confort\u00e1vel e para fazer com que ele se sinta em fam\u00edlia, uma liga\u00e7\u00e3o\u201d, frisou.<\/p>\n\n\n\n<p class=\"wp-block-paragraph\">Ainda no document\u00e1rio, Corinna refor\u00e7ou os motivos pelos quais a fam\u00edlia mant\u00e9m as condi\u00e7\u00f5es de Schumacher sob sigilo absoluto. \u201cMichael sempre nos protegeu, agora estamos protegendo Michael. Estamos vivendo nossas vidas, \u2018privado \u00e9 privado\u2019, como ele sempre disse. \u00c9 muito importante para mim que ele possa continuar a desfrutar de sua vida privada o m\u00e1ximo poss\u00edvel\u201d.<\/p>\n\n\n\n<p class=\"wp-block-paragraph\">\u201cO que quer que aconte\u00e7a, farei tudo que puder. Sempre faremos. Como fam\u00edlia, tentamos seguir em frente como Michael gostaria e como ainda quer\u201d, finalizou Corinna Schumacher.<\/p>\n\n\n\n<figure class=\"wp-block-embed is-type-video is-provider-youtube wp-block-embed-youtube wp-embed-aspect-16-9 wp-has-aspect-ratio\"><div class=\"wp-block-embed__wrapper\">\n<iframe loading=\"lazy\" title=\"F1 CHEGA AO CATAR USANDO MOTOGP. PARCERIA ENTRE AS DUAS EST\u00c1 PR\u00d3XIMA?\" width=\"500\" height=\"281\" src=\"https:\/\/www.youtube.com\/embed\/P8Y79ohsBzA?feature=oembed\" frameborder=\"0\" allow=\"accelerometer; autoplay; clipboard-write; encrypted-media; gyroscope; picture-in-picture; web-share\" referrerpolicy=\"strict-origin-when-cross-origin\" allowfullscreen><\/iframe>\n<\/div><figcaption>F1 CHEGA AO CATAR USANDO MOTOGP. PARCERIA ENTRE AS DUAS EST\u00c1 PR\u00d3XIMA?<\/figcaption><\/figure>\n","protected":false},"excerpt":{"rendered":"<p>Filho de Enzo Ferrari e atual vice-presidente da marca italiana, pela qual Michael Schumacher se consagrou na F\u00f3rmula 1, Piero Ferrari falou sobre as condi\u00e7\u00f5es do heptacampe\u00e3o mundial<\/p>\n","protected":false},"author":0,"featured_media":0,"comment_status":"closed","ping_status":"closed","sticky":false,"template":"","format":"standard","meta":{"42wp_featured_image_caption":"","42wp_featured_image_credits":"","42wp_featured_video":"","42wp_featured_image_hidden":false,"42wp_authors_list":[],"footnotes":""},"categories":[2],"tags":[816,147,156,24837,25536,24836,758],"42wp_author":[47110],"class_list":["post-117308","post","type-post","status-publish","format-standard","hentry","category-f1","tag-corinna-schumacher","tag-f1","tag-f1-2021","tag-formula-1-2","tag-formula-1-2021-2","tag-grande-premio-2","tag-michael-schumacher","42wp_author-fernando-silva"],"_links":{"self":[{"href":"https:\/\/grandepremio.com\/br\/wp-json\/wp\/v2\/posts\/117308","targetHints":{"allow":["GET"]}}],"collection":[{"href":"https:\/\/grandepremio.com\/br\/wp-json\/wp\/v2\/posts"}],"about":[{"href":"https:\/\/grandepremio.com\/br\/wp-json\/wp\/v2\/types\/post"}],"replies":[{"embeddable":true,"href":"https:\/\/grandepremio.com\/br\/wp-json\/wp\/v2\/comments?post=117308"}],"version-history":[{"count":0,"href":"https:\/\/grandepremio.com\/br\/wp-json\/wp\/v2\/posts\/117308\/revisions"}],"wp:attachment":[{"href":"https:\/\/grandepremio.com\/br\/wp-json\/wp\/v2\/media?parent=117308"}],"wp:term":[{"taxonomy":"category","embeddable":true,"href":"https:\/\/grandepremio.com\/br\/wp-json\/wp\/v2\/categories?post=117308"},{"taxonomy":"post_tag","embeddable":true,"href":"https:\/\/grandepremio.com\/br\/wp-json\/wp\/v2\/tags?post=117308"},{"taxonomy":"42wp_author","embeddable":true,"href":"https:\/\/grandepremio.com\/br\/wp-json\/wp\/v2\/42wp_author?post=117308"}],"curies":[{"name":"wp","href":"https:\/\/api.w.org\/{rel}","templated":true}]}}