{"id":117364,"date":"2021-10-01T04:15:00","date_gmt":"2021-10-01T07:15:00","guid":{"rendered":"https:\/\/grandepremio.com\/br\/noticias\/diretor-de-prova-revela-tratamento-com-agua-para-aumentar-aderencia-gp-turquia\/"},"modified":"2021-09-30T15:24:52","modified_gmt":"2021-09-30T18:24:52","slug":"diretor-de-prova-revela-tratamento-com-agua-para-aumentar-aderencia-gp-turquia","status":"publish","type":"post","link":"https:\/\/grandepremio.com\/br\/f1\/diretor-de-prova-revela-tratamento-com-agua-para-aumentar-aderencia-gp-turquia\/","title":{"rendered":"Diretor de provas revela tratamento com \u00e1gua para aumentar ader\u00eancia no GP da Turquia"},"content":{"rendered":"\n<figure class=\"wp-block-video\"><video class=\"video-js vjs-big-play-centered\" data-gp-vjs=\"1\" controls src=\"https:\/\/www.grandepremio.com\/br\/wp-content\/uploads\/2021\/09\/GPdeMiami2022.mp4\"><\/video><figcaption>A organiza\u00e7\u00e3o do GP de Miami anunciou a data da corrida na temporada 2022 da F1 (V\u00eddeo: Miami GP)<\/figcaption><\/figure>\n\n\n\n<p class=\"wp-block-paragraph\">Em 2020, <a href=\"https:\/\/www.grandepremio.com\/br\/f1\/noticias\/brawn-manda-criticos-de-lewis-hamilton-assistirem-ao-gp-da-turquia-de-2020-obra-prima\/\">o GP da Turquia<\/a> n\u00e3o ficou marcado apenas pelo triunfo de Lewis Hamilton, que trouxe o heptacampeonato mundial para o brit\u00e2nico em uma corrida empolgante. O asfalto de Istambul sofria com uma falta cr\u00f4nica de ader\u00eancia, o que levou a cr\u00edticas pesadas de pilotos e equipes. \u00c0s v\u00e9speras de sediar a 16\u00aa etapa do Mundial, na pr\u00f3xima semana, a organiza\u00e7\u00e3o da prova trabalha para contornar a situa\u00e7\u00e3o.<\/p>\n\n\n\n<h5 class=\"wp-block-heading\"><strong>\u25b6\ufe0f&nbsp;Inscreva-se nos dois canais do GRANDE PR\u00caMIO no YouTube:&nbsp;<a href=\"https:\/\/www.youtube.com\/channel\/UC9OlHEgxoaY6QY6nWPoiqQg?sub_confirmation=1\" target=\"_blank\" rel=\"noreferrer noopener\">GP<\/a>&nbsp;|&nbsp;<a href=\"https:\/\/www.youtube.com\/channel\/UC9csiS6q_C3C0FYhyr1rnFA?sub_confirmation=1\" target=\"_blank\" rel=\"noreferrer noopener\">GP2<\/a><\/strong><\/h5>\n\n\n\n<p class=\"wp-block-paragraph\">A informa\u00e7\u00e3o de que ajustes foram feitos veio de Michael Masi, diretor de provas da categoria, que confirmou um tratamento realizado no asfalto do Istanbul Park. O objetivo \u00e9 justamente evitar que a superf\u00edcie se comporte como um sab\u00e3o para os carros.<\/p>\n\n\n\n<figure class=\"wp-block-image size-large\"><img decoding=\"async\" src=\"https:\/\/www.grandepremio.com\/br\/wp-content\/uploads\/2020\/11\/beto3352-1024x681.jpg\" alt=\"\" class=\"wp-image-436229\"\/><figcaption>Hamilton deixa o carro ap\u00f3s o t\u00edtulo conquistado na Turquia (Foto: Mercedes)<\/figcaption><\/figure>\n\n\n\n<p class=\"wp-block-paragraph\">&#8220;Toda superf\u00edcie da pista recebeu um tratamento para melhorar o n\u00edvel de ader\u00eancia. Regularmente, a cada temporada, enviamos atualiza\u00e7\u00f5es para todas equipes sobre qualquer mudan\u00e7a para os pr\u00f3ximos eventos. Seja das barreiras, das zebras, de qualquer coisa. At\u00e9 das \u00e1reas reasfaltadas&#8221;, disse Masi em entrevista \u00e0 revista brit\u00e2nica Autosport.<\/p>\n\n\n\n<p class=\"wp-block-paragraph\">&#8220;A superf\u00edcie do circuito da Turquia foi limpa com \u00e1gua sob alta press\u00e3o, um tratamento regular. Vimos que normalmente Singapura faz isso, onde as ruas s\u00e3o recapeadas de forma regular por todo movimento. Isso, al\u00e9m de outras mudan\u00e7as, foram feitas na Turquia&#8221;, disse.<\/p>\n\n\n\n<p class=\"wp-block-paragraph\">No ano passado, a corrida voltou ao calend\u00e1rio muito por conta dos diversos cancelamentos que a F\u00f3rmula 1 enfrentou, por conta da pandemia de Covid-19. Na ocasi\u00e3o, Lewis Hamilton sagrou-se vencedor, garantindo o s\u00e9timo mundial da carreira, ap\u00f3s largar apenas em sexto. O heptacampe\u00e3o deu de ombros para a condi\u00e7\u00e3o adversa da pista e partiu para a vit\u00f3ria, que o colocou no mesmo patamar de t\u00edtulos de Michael Schumacher.<\/p>\n\n\n\n<p class=\"wp-block-paragraph\">Em 2021, o GP da Turquia, ser\u00e1 realizado entre os dias 8 e 10 de outubro, no Istambul Park, na d\u00e9cima sexta etapa do mundial de F\u00f3rmula 1, que tem Lewis Hamilton como l\u00edder com 246.5 pontos, dois a mais que Max Verstappen.<\/p>\n\n\n\n<p class=\"wp-block-paragraph\"><strong>Conhe\u00e7a o canal do Grande Pr\u00eamio no YouTube! Clique&nbsp;<a target=\"_blank\" href=\"https:\/\/youtube.com\/GrandePremioTV\" rel=\"noreferrer noopener\">aqui<\/a>.<\/strong><br><strong>Siga o Grande Pr\u00eamio no&nbsp;<a target=\"_blank\" href=\"https:\/\/twitter.com\/grandepremio\" rel=\"noreferrer noopener\">Twitter&nbsp;<\/a>e no&nbsp;<a target=\"_blank\" href=\"https:\/\/instagram.com\/grandepremio\" rel=\"noreferrer noopener\">Instagram<\/a>!<\/strong><\/p>\n\n\n\n<figure class=\"wp-block-embed is-type-video is-provider-youtube wp-block-embed-youtube wp-embed-aspect-16-9 wp-has-aspect-ratio\"><div class=\"wp-block-embed__wrapper\">\n<iframe loading=\"lazy\" title=\"F1 NO CATAR E MOTOGP NOS EUA. E O 2021 TR\u00c1GICO DO MOTOCICLISMO | WGP\" width=\"500\" height=\"281\" src=\"https:\/\/www.youtube.com\/embed\/2Yqo9SsiRAo?feature=oembed\" frameborder=\"0\" allow=\"accelerometer; autoplay; clipboard-write; encrypted-media; gyroscope; picture-in-picture; web-share\" referrerpolicy=\"strict-origin-when-cross-origin\" allowfullscreen><\/iframe>\n<\/div><\/figure>\n\n\n\n<p class=\"wp-block-paragraph\"><\/p>\n","protected":false},"excerpt":{"rendered":"<p>Michael Masi garantiu que a organiza\u00e7\u00e3o do GP da Turquia fez mudan\u00e7as no asfalto. Um tratamento especial visa evitar os problemas vistos na corrida de 2020<\/p>\n","protected":false},"author":0,"featured_media":1000436237,"comment_status":"closed","ping_status":"closed","sticky":false,"template":"","format":"standard","meta":{"42wp_featured_image_caption":"","42wp_featured_image_credits":"","42wp_featured_video":"","42wp_featured_image_hidden":false,"42wp_authors_list":[],"footnotes":""},"categories":[2],"tags":[24837,25536,15288,1385],"42wp_author":[47138],"class_list":["post-117364","post","type-post","status-publish","format-standard","has-post-thumbnail","hentry","category-f1","tag-formula-1-2","tag-formula-1-2021-2","tag-gp-da-turquia","tag-michael-masi","42wp_author-lucascouto"],"_links":{"self":[{"href":"https:\/\/grandepremio.com\/br\/wp-json\/wp\/v2\/posts\/117364","targetHints":{"allow":["GET"]}}],"collection":[{"href":"https:\/\/grandepremio.com\/br\/wp-json\/wp\/v2\/posts"}],"about":[{"href":"https:\/\/grandepremio.com\/br\/wp-json\/wp\/v2\/types\/post"}],"replies":[{"embeddable":true,"href":"https:\/\/grandepremio.com\/br\/wp-json\/wp\/v2\/comments?post=117364"}],"version-history":[{"count":0,"href":"https:\/\/grandepremio.com\/br\/wp-json\/wp\/v2\/posts\/117364\/revisions"}],"wp:featuredmedia":[{"embeddable":true,"href":"https:\/\/grandepremio.com\/br\/wp-json\/wp\/v2\/media\/1000436237"}],"wp:attachment":[{"href":"https:\/\/grandepremio.com\/br\/wp-json\/wp\/v2\/media?parent=117364"}],"wp:term":[{"taxonomy":"category","embeddable":true,"href":"https:\/\/grandepremio.com\/br\/wp-json\/wp\/v2\/categories?post=117364"},{"taxonomy":"post_tag","embeddable":true,"href":"https:\/\/grandepremio.com\/br\/wp-json\/wp\/v2\/tags?post=117364"},{"taxonomy":"42wp_author","embeddable":true,"href":"https:\/\/grandepremio.com\/br\/wp-json\/wp\/v2\/42wp_author?post=117364"}],"curies":[{"name":"wp","href":"https:\/\/api.w.org\/{rel}","templated":true}]}}