{"id":11748,"date":"2026-02-25T07:34:44","date_gmt":"2026-02-25T10:34:44","guid":{"rendered":"https:\/\/grandepremio.com\/br\/noticias\/carlos-sainz-revela-conversa-fernando-alonso-admite-estamos-cenario-parecido\/"},"modified":"2026-02-25T07:37:12","modified_gmt":"2026-02-25T10:37:12","slug":"carlos-sainz-revela-conversa-fernando-alonso-admite-estamos-cenario-parecido","status":"publish","type":"post","link":"https:\/\/grandepremio.com\/br\/f1\/carlos-sainz-revela-conversa-fernando-alonso-admite-estamos-cenario-parecido\/","title":{"rendered":"Sainz revela conversa com Alonso e admite: \u201cEstamos em cen\u00e1rio parecido\u201d"},"content":{"rendered":"\n<p class=\"wp-block-paragraph\">A virada de regulamento n\u00e3o come\u00e7ou como o esperado para <strong>Carlos Sainz<\/strong> e <strong>Fernando Alonso<\/strong>. Insatisfeitos com o desempenho das respectivas equipes, os compatriotas conversaram durante a pr\u00e9-temporada e entenderam que, al\u00e9m de n\u00e3o estarem em uma situa\u00e7\u00e3o favor\u00e1vel, s\u00f3 podem contar com a capacidade de rea\u00e7\u00e3o dos times para mudar de patamar na <strong>F\u00f3rmula 1<\/strong> em 2026.<\/p>\n\n\n\n<p class=\"wp-block-paragraph\">A chegada do novo regulamento de motores e chassis para 2026 veio cercada de expectativas, uma vez que muitas equipes aguardavam a mudan\u00e7a das regras para evoluir no grid. A <strong>Williams <\/strong>e a <strong>Aston Martin<\/strong>, que passam por um processo de reestrutura\u00e7\u00e3o, praticamente abriram m\u00e3o de 2025 para concentrar todos os esfor\u00e7os no projeto do carro deste ano.<\/p>\n\n\n\n<p class=\"wp-block-paragraph\">A <strong>Williams<\/strong>, no entanto, n\u00e3o conseguiu deixar o <strong>FW48 <\/strong>pronto a tempo dos primeiros testes coletivos em <strong>Barcelona <\/strong>e s\u00f3 colocou o carro na pista no <strong>Bahrein<\/strong>. A <strong>Aston Martin<\/strong>, por sua vez, tamb\u00e9m se atrasou para o in\u00edcio das sess\u00f5es na <strong>Espanha<\/strong>. No <strong>Bahrein<\/strong>, a equipe liderada por <strong>Adrian Newey<\/strong> foi a que mais sofreu com problemas de confiabilidade e a que menos acumulou quilometragem.<\/p>\n\n\n\n<p class=\"wp-block-paragraph\"><strong>Sainz <\/strong>e <strong>Alonso <\/strong>tinham grandes expectativas para 2026, mas a pr\u00e9-temporada foi um verdadeiro banho de \u00e1gua fria. Ap\u00f3s uma breve conversa, no entanto, os espanh\u00f3is reconheceram que, neste momento, n\u00e3o podem fazer muito e dependem da capacidade de rea\u00e7\u00e3o das equipes.<\/p>\n\n\n\n<figure class=\"wp-block-image size-large\"><img decoding=\"async\" src=\"https:\/\/www.grandepremio.com\/br\/wp-content\/uploads\/2026\/02\/testes-pre-temporada-f1-2026-aston-martin-fernando-alonso-02-2-e1771503591275-1200x702.jpeg\" alt=\"\" class=\"wp-image-1059883\"\/><figcaption class=\"wp-element-caption\">A Aston Martin tamb\u00e9m teve in\u00fameras dificuldades na pr\u00e9-temporada (Foto: Aston Martin)<\/figcaption><\/figure>\n\n\n\n<p class=\"wp-block-paragraph\">\u201cEncontrei Fernando um dia no paddock e conversamos por uns 20 minutos, colocando o papo em dia. Ele est\u00e1 em uma situa\u00e7\u00e3o parecida com a minha, n\u00e3o \u00e9 ideal, \u00e9 complicada, mas ele est\u00e1 ansioso para ver do que a equipe \u00e9 capaz e para ver a capacidade de rea\u00e7\u00e3o\u201d, disse <strong>Sainz <\/strong>ao Mundo Deportivo<\/p>\n\n\n\n<p class=\"wp-block-paragraph\">\u201cNo fim, dependemos apenas da capacidade de rea\u00e7\u00e3o da nossa equipe diante da situa\u00e7\u00e3o complexa em que cada um de n\u00f3s se encontra. Mas tamb\u00e9m lhe desejo tudo de bom e espero que a Aston Martin e a Honda melhorem o que mostraram no Bahrein\u201d, finalizou <strong>Sainz<\/strong>.<\/p>\n\n\n\n<p class=\"wp-block-paragraph\">A&nbsp;<strong>F\u00f3rmula 1<\/strong>&nbsp;retorna de 5 a 8 de mar\u00e7o em&nbsp;<strong>Melbourne<\/strong>, palco do&nbsp;<strong>GP da Austr\u00e1lia<\/strong>, abertura da&nbsp;<strong>temporada 2026<\/strong>.<\/p>\n\n\n\n<p class=\"wp-block-paragraph\">\u25b6\ufe0f&nbsp;<strong>Inscreva-se nos dois canais do GRANDE PR\u00caMIO no YouTube:&nbsp;<a href=\"https:\/\/www.youtube.com\/channel\/UC9OlHEgxoaY6QY6nWPoiqQg?sub_confirmation=1\" target=\"_blank\" rel=\"noreferrer noopener\">GP<\/a>&nbsp;|&nbsp;<a href=\"https:\/\/www.youtube.com\/channel\/UC9csiS6q_C3C0FYhyr1rnFA?sub_confirmation=1\" target=\"_blank\" rel=\"noreferrer noopener\">GPTV<\/a><\/strong><\/p>\n\n\n\n<h2 class=\"wp-block-heading\" id=\"h-f1-hoje-saiba-aqui-as-noticias-mais-importantes-do-dia-da-formula-1\"><strong>F1 hoje: saiba aqui as not\u00edcias mais importantes do dia da F\u00f3rmula 1<\/strong><\/h2>\n\n\n\n<p class=\"wp-block-paragraph\"><strong>\u25b6\ufe0f&nbsp;<a href=\"https:\/\/www.grandepremio.com\/br\/f1\/noticias\/verdadeiro-babaca-christian-horner-revela-troca-mensagens-toto-wolff-apos-saida-red-bull\/\">\u201cVerdadeiro babaca\u201d: Horner revela troca de mensagens com Wolff ap\u00f3s sa\u00edda da Red Bull<\/a><br>\u25b6\ufe0f&nbsp;<a href=\"https:\/\/www.grandepremio.com\/br\/f1\/noticias\/mercedes-ferrari-mclaren-e-red-bull-exibem-cartas-o-que-simulacoes-de-corrida-dizem\/\" target=\"_blank\" rel=\"noreferrer noopener\">Mercedes, Ferrari, McLaren e Red Bull exibem cartas em 2026: as simula\u00e7\u00f5es de corrida<\/a><br>\u25b6\ufe0f&nbsp;<a href=\"https:\/\/www.grandepremio.com\/br\/f1\/noticias\/fernando-alonso-lamenta-problemas-motor-honda-fe-adrian-newey-nao-esqueceu\/\">Alonso lamenta problemas com motor Honda, mas mostra f\u00e9 em Newey: \u201cN\u00e3o esqueceu\u201d<\/a><br>\u25b6\ufe0f&nbsp;<a href=\"https:\/\/www.grandepremio.com\/br\/f1\/noticias\/chefe-se-preocupa-euforia-italiana-fala-proteger-pessoas-ferrari\/\" target=\"_blank\" rel=\"noreferrer noopener\">Chefe se preocupa com \u201ceuforia italiana\u201d e fala em \u201cproteger pessoas\u201d na Ferrari<\/a><\/strong><\/p>\n","protected":false},"excerpt":{"rendered":"<p>Carlos Sainz reconheceu as dificuldades da Williams e, ap\u00f3s conversa com Fernando Alonso, acredita que s\u00f3 resta confiar na capacidade de rea\u00e7\u00e3o da equipe<\/p>\n","protected":false},"author":0,"featured_media":1001060575,"comment_status":"closed","ping_status":"closed","sticky":false,"template":"","format":"standard","meta":{"42wp_featured_image_caption":"","42wp_featured_image_credits":"","42wp_featured_video":"","42wp_featured_image_hidden":false,"42wp_authors_list":[],"footnotes":""},"categories":[2],"tags":[309,546,29516,45585,1491,28285,27452,32191,7672,38501,39987,215,45757],"42wp_author":[47149],"class_list":["post-11748","post","type-post","status-publish","format-standard","has-post-thumbnail","hentry","category-f1","tag-aston-martin","tag-carlos-sainz","tag-f1-2026","tag-fw48","tag-grande-premio","tag-grandepremio","tag-pre-temporada-f1","tag-regulamento-f1-2026","tag-sainz","tag-sainz-f1","tag-sainz-formula-1","tag-williams","tag-williams-fw48","42wp_author-bernardo-castro"],"_links":{"self":[{"href":"https:\/\/grandepremio.com\/br\/wp-json\/wp\/v2\/posts\/11748","targetHints":{"allow":["GET"]}}],"collection":[{"href":"https:\/\/grandepremio.com\/br\/wp-json\/wp\/v2\/posts"}],"about":[{"href":"https:\/\/grandepremio.com\/br\/wp-json\/wp\/v2\/types\/post"}],"replies":[{"embeddable":true,"href":"https:\/\/grandepremio.com\/br\/wp-json\/wp\/v2\/comments?post=11748"}],"version-history":[{"count":0,"href":"https:\/\/grandepremio.com\/br\/wp-json\/wp\/v2\/posts\/11748\/revisions"}],"wp:featuredmedia":[{"embeddable":true,"href":"https:\/\/grandepremio.com\/br\/wp-json\/wp\/v2\/media\/1001060575"}],"wp:attachment":[{"href":"https:\/\/grandepremio.com\/br\/wp-json\/wp\/v2\/media?parent=11748"}],"wp:term":[{"taxonomy":"category","embeddable":true,"href":"https:\/\/grandepremio.com\/br\/wp-json\/wp\/v2\/categories?post=11748"},{"taxonomy":"post_tag","embeddable":true,"href":"https:\/\/grandepremio.com\/br\/wp-json\/wp\/v2\/tags?post=11748"},{"taxonomy":"42wp_author","embeddable":true,"href":"https:\/\/grandepremio.com\/br\/wp-json\/wp\/v2\/42wp_author?post=11748"}],"curies":[{"name":"wp","href":"https:\/\/api.w.org\/{rel}","templated":true}]}}