{"id":117503,"date":"2021-09-25T14:09:09","date_gmt":"2021-09-25T17:09:09","guid":{"rendered":"https:\/\/grandepremio.com\/br\/noticias\/sebastian-vettel-lamenta-11-grid-eliminacao-q2-sochi-poderia-ter-bom-resultado\/"},"modified":"2021-09-25T14:09:16","modified_gmt":"2021-09-25T17:09:16","slug":"sebastian-vettel-lamenta-11-grid-eliminacao-q2-sochi-poderia-ter-bom-resultado","status":"publish","type":"post","link":"https:\/\/grandepremio.com\/br\/f1\/sebastian-vettel-lamenta-11-grid-eliminacao-q2-sochi-poderia-ter-bom-resultado\/","title":{"rendered":"Vettel lamenta queda no Q2 e 11\u00b0 lugar no grid em S\u00f3chi: &#8220;Poderia ser um bom resultado&#8221;"},"content":{"rendered":"\n<figure class=\"wp-block-video\"><video class=\"video-js vjs-big-play-centered\" data-gp-vjs=\"1\" controls src=\"https:\/\/www.grandepremio.com\/br\/wp-content\/uploads\/2021\/09\/GPdeMiami2022.mp4\"><\/video><figcaption>A organiza\u00e7\u00e3o do GP de Miami anunciou a data da corrida na temporada 2022 da F1 (V\u00eddeo: Miami GP)<\/figcaption><\/figure>\n\n\n\n<p class=\"wp-block-paragraph\">Passada a <a href=\"https:\/\/www.grandepremio.com\/br\/f1\/noticias\/lando-norris-surpreende-aproveita-pista-mais-seca-conquista-pole-gp-da-russia\/\">classifica\u00e7\u00e3o do GP da R\u00fassia<\/a>, realizada neste s\u00e1bado (25), Sebastian Vettel n\u00e3o escondeu a frustra\u00e7\u00e3o de ter conquistado apenas o 11\u00ba lugar no grid. Se logo ap\u00f3s a elimina\u00e7\u00e3o no Q2 o alem\u00e3o se mostrou frustrado com o resultado obtido, o clima n\u00e3o mudou na entrevista posterior \u00e0 sess\u00e3o.<\/p>\n\n\n\n<h5 class=\"wp-block-heading\"><strong>\u25b6\ufe0f&nbsp;Inscreva-se nos dois canais do GRANDE PR\u00caMIO no YouTube:&nbsp;<a href=\"https:\/\/www.youtube.com\/channel\/UC9OlHEgxoaY6QY6nWPoiqQg?sub_confirmation=1\" target=\"_blank\" rel=\"noreferrer noopener\">GP<\/a>&nbsp;|&nbsp;<a href=\"https:\/\/www.youtube.com\/channel\/UC9csiS6q_C3C0FYhyr1rnFA?sub_confirmation=1\" target=\"_blank\" rel=\"noreferrer noopener\">GP2<\/a><\/strong><\/h5>\n\n\n\n<p class=\"wp-block-paragraph\">\u201cAcho que poder\u00edamos ter passado [para o Q3], mas enfrentei tr\u00e1fego na \u00faltima tentativa, algo que n\u00e3o me ajudou. Estou bravo comigo mesmo, j\u00e1 que antes eu tive a chance de fazer uma volta boa\u201d, disse Vettel.<\/p>\n\n\n\n<figure class=\"wp-block-image size-large\"><img decoding=\"async\" src=\"https:\/\/www.grandepremio.com\/br\/wp-content\/uploads\/2021\/09\/astonmartin-sebastianvettel-02-4-1024x683.jpg\" alt=\"\" class=\"wp-image-512319\"\/><figcaption>Sebastian Vettel encerrou a classifica\u00e7\u00e3o do GP da R\u00fassia em 11\u00ba (Foto: Aston Martin)<\/figcaption><\/figure>\n\n\n\n<p class=\"wp-block-paragraph\"><strong>Conhe\u00e7a o canal do Grande Pr\u00eamio no YouTube! Clique&nbsp;<a target=\"_blank\" href=\"https:\/\/youtube.com\/GrandePremioTV\" rel=\"noreferrer noopener\">aqui<\/a>.<\/strong><br><strong>Siga o Grande Pr\u00eamio no&nbsp;<a target=\"_blank\" href=\"https:\/\/twitter.com\/grandepremio\" rel=\"noreferrer noopener\">Twitter&nbsp;<\/a>e no&nbsp;<a target=\"_blank\" href=\"https:\/\/instagram.com\/grandepremio\" rel=\"noreferrer noopener\">Instagram<\/a>!<\/strong><\/p>\n\n\n\n<p class=\"wp-block-paragraph\">Ainda irritado com o desempenho apresentado, Vettel garantiu que poderia ter feito uma volta melhor antes mesmo da tentativa derradeira atrapalhada pelo tr\u00e1fego na pista. Por fim, a dificuldade de ultrapassar e ganhar terreno s\u00e3o outras poss\u00edveis dores de cabe\u00e7a.<\/p>\n\n\n\n<p class=\"wp-block-paragraph\">\u201cCom toda certeza, penso que poderia ter tido um bom resultado hoje, mas acabei fora do top-10. Ser\u00e1 uma corrida complicada amanh\u00e3. Seria muito melhor come\u00e7ar na frente, do que ter que sobreviver aqui atr\u00e1s, sem conseguir fazer progressos. Vamos ver o que podemos fazer amanh\u00e3\u201d, projetou o alem\u00e3o.<\/p>\n\n\n\n<p class=\"wp-block-paragraph\">Dentro da Aston Martin, o melhor resultado aferido na classifica\u00e7\u00e3o, ficou a cargo de Lance Stroll, que foi ao Q3 e conquistou a nona posi\u00e7\u00e3o para a 15\u00aa etapa do Mundial 2021 de F\u00f3rmula 1. J\u00e1 a posi\u00e7\u00e3o de honra no grid ficou nas m\u00e3os de Lando Norris, que conquistou a primeira pole-position da carreira.<\/p>\n\n\n\n<p class=\"wp-block-paragraph\">O GP da R\u00fassia tem largada prevista para 9h (hor\u00e1rio de Bras\u00edlia, GMT-3) deste domingo. A previs\u00e3o da meteorologia \u00e9 para um dia de sol e calor em S\u00f3chi. O&nbsp;<strong>GRANDE PR\u00caMIO<\/strong>&nbsp;acompanha tudo sempre&nbsp;<strong><a href=\"https:\/\/www.grandepremio.com\/br\/ao-vivo\/f1\/\">AO VIVO e em TEMPO REAL<\/a><\/strong>.<\/p>\n\n\n\n<figure class=\"wp-block-embed is-type-video is-provider-youtube wp-block-embed-youtube wp-embed-aspect-16-9 wp-has-aspect-ratio\"><div class=\"wp-block-embed__wrapper\">\n<iframe loading=\"lazy\" title=\"CAIO COLLET FECHA TEMPORADA NA F3. COMO FOI O DESEMPENHO? | GP \u00e0s 10\" width=\"500\" height=\"281\" src=\"https:\/\/www.youtube.com\/embed\/2p-tXBg7SGQ?feature=oembed\" frameborder=\"0\" allow=\"accelerometer; autoplay; clipboard-write; encrypted-media; gyroscope; picture-in-picture; web-share\" referrerpolicy=\"strict-origin-when-cross-origin\" allowfullscreen><\/iframe>\n<\/div><\/figure>\n\n\n\n<p class=\"wp-block-paragraph\"><\/p>\n","protected":false},"excerpt":{"rendered":"<p>Sebastian Vettel n\u00e3o escondeu a frustra\u00e7\u00e3o por largar em 11\u00ba no GP da R\u00fassia. O alem\u00e3o aponta que poderia ter feito um trabalho melhor no Q2, com pista molhada<\/p>\n","protected":false},"author":0,"featured_media":1000507099,"comment_status":"closed","ping_status":"closed","sticky":false,"template":"","format":"standard","meta":{"42wp_featured_image_caption":"","42wp_featured_image_credits":"","42wp_featured_video":"","42wp_featured_image_hidden":false,"42wp_authors_list":[],"footnotes":""},"categories":[2],"tags":[309,24837,25536,210,25442],"42wp_author":[47138],"class_list":["post-117503","post","type-post","status-publish","format-standard","has-post-thumbnail","hentry","category-f1","tag-aston-martin","tag-formula-1-2","tag-formula-1-2021-2","tag-sebastian-vettel","tag-sochi-2","42wp_author-lucascouto"],"_links":{"self":[{"href":"https:\/\/grandepremio.com\/br\/wp-json\/wp\/v2\/posts\/117503","targetHints":{"allow":["GET"]}}],"collection":[{"href":"https:\/\/grandepremio.com\/br\/wp-json\/wp\/v2\/posts"}],"about":[{"href":"https:\/\/grandepremio.com\/br\/wp-json\/wp\/v2\/types\/post"}],"replies":[{"embeddable":true,"href":"https:\/\/grandepremio.com\/br\/wp-json\/wp\/v2\/comments?post=117503"}],"version-history":[{"count":0,"href":"https:\/\/grandepremio.com\/br\/wp-json\/wp\/v2\/posts\/117503\/revisions"}],"wp:featuredmedia":[{"embeddable":true,"href":"https:\/\/grandepremio.com\/br\/wp-json\/wp\/v2\/media\/1000507099"}],"wp:attachment":[{"href":"https:\/\/grandepremio.com\/br\/wp-json\/wp\/v2\/media?parent=117503"}],"wp:term":[{"taxonomy":"category","embeddable":true,"href":"https:\/\/grandepremio.com\/br\/wp-json\/wp\/v2\/categories?post=117503"},{"taxonomy":"post_tag","embeddable":true,"href":"https:\/\/grandepremio.com\/br\/wp-json\/wp\/v2\/tags?post=117503"},{"taxonomy":"42wp_author","embeddable":true,"href":"https:\/\/grandepremio.com\/br\/wp-json\/wp\/v2\/42wp_author?post=117503"}],"curies":[{"name":"wp","href":"https:\/\/api.w.org\/{rel}","templated":true}]}}