{"id":117522,"date":"2021-09-25T07:37:59","date_gmt":"2021-09-25T10:37:59","guid":{"rendered":"https:\/\/grandepremio.com\/br\/noticias\/formula-2-marca-novo-horario-para-tentar-realizar-corrida-1-sabado-sochi\/"},"modified":"2021-09-25T07:46:29","modified_gmt":"2021-09-25T10:46:29","slug":"formula-2-marca-novo-horario-para-tentar-realizar-corrida-1-sabado-sochi","status":"publish","type":"post","link":"https:\/\/grandepremio.com\/br\/f2\/formula-2-marca-novo-horario-para-tentar-realizar-corrida-1-sabado-sochi\/","title":{"rendered":"F\u00f3rmula 2 marca novo hor\u00e1rio para tentar realizar corrida 1 neste s\u00e1bado em S\u00f3chi"},"content":{"rendered":"\n<figure class=\"wp-block-video\"><video class=\"video-js vjs-big-play-centered\" data-gp-vjs=\"1\" controls src=\"https:\/\/www.grandepremio.com\/br\/wp-content\/uploads\/2021\/09\/GiovinazziCrash.mp4\"><\/video><figcaption>Antonio Giovinazzi bateu forte na curva 9 do circuito de S\u00f3chi (V\u00eddeo: Reprodu\u00e7\u00e3o)<\/figcaption><\/figure>\n\n\n\n<p class=\"wp-block-paragraph\">A F\u00f3rmula 2 vai ao menos tentar correr logo mais neste s\u00e1bado (25) chuvoso em S\u00f3chi, palco da rodada tripla da R\u00fassia, a sexta da temporada 2021. A programa\u00e7\u00e3o de todo o fim de semana, que compreende tamb\u00e9m a F\u00f3rmula 3 e tem como categoria principal na pista a F\u00f3rmula 1, foi bastante mexida em raz\u00e3o das fortes chuvas que desabaram no Parque Ol\u00edmpico desde as primeiras horas do dia.<\/p>\n\n\n\n<p class=\"wp-block-paragraph\">A corrida 1 da F\u00f3rmula 2 estava originalmente marcada em S\u00f3chi para 4h30 (hor\u00e1rio de Bras\u00edlia, GMT-3). Por\u00e9m, em raz\u00e3o do temporal neste s\u00e1bado, a organiza\u00e7\u00e3o do campeonato postergou o hor\u00e1rio da largada.<\/p>\n\n\n\n<p class=\"wp-block-paragraph\"><strong>\u25b6\ufe0f\u00a0Inscreva-se nos dois canais do GRANDE PR\u00caMIO no YouTube:\u00a0<a href=\"https:\/\/www.youtube.com\/channel\/UC9OlHEgxoaY6QY6nWPoiqQg?sub_confirmation=1\" target=\"_blank\" rel=\"noreferrer noopener\">GP<\/a>\u00a0|\u00a0<a href=\"https:\/\/www.youtube.com\/channel\/UC9csiS6q_C3C0FYhyr1rnFA?sub_confirmation=1\" target=\"_blank\" rel=\"noreferrer noopener\">GP2<\/a><\/strong><\/p>\n\n\n\n<figure class=\"wp-block-image size-large\"><img decoding=\"async\" src=\"https:\/\/www.grandepremio.com\/br\/wp-content\/uploads\/2021\/09\/FAHcHkvWQAI1I5V.jpg\" alt=\"F\u00d3RMULA 2; F2; S\u00d3CHI; R\u00daSSIA;\" class=\"wp-image-512404\"\/><figcaption>Temporal tamb\u00e9m mexeu com a programa\u00e7\u00e3o da F2 na R\u00fassia (Foto: F\u00f3rmula 2)<\/figcaption><\/figure>\n\n\n\n<p class=\"wp-block-paragraph\"><strong>LEIA TAMB\u00c9M<\/strong><br><strong><a href=\"https:\/\/www.grandepremio.com\/br\/f1\/noticias\/mercedes-faz-o-que-se-espera-e-lidera-na-russia-mas-clima-e-faca-de-dois-gumes\/\">+AN\u00c1LISE:\u00a0<\/a><a href=\"https:\/\/www.grandepremio.com\/br\/equipe\/f1\/2020\/mercedes-amg-motorsport\/\" target=\"_blank\" rel=\"noreferrer noopener\">Mercedes<\/a>\u00a0<a href=\"https:\/\/www.grandepremio.com\/br\/f1\/noticias\/mercedes-faz-o-que-se-espera-e-lidera-na-russia-mas-clima-e-faca-de-dois-gumes\/\">faz o que se espera e lidera na R\u00fassia. Mas clima \u00e9 faca de dois gumes<\/a><\/strong><\/p>\n\n\n\n<p class=\"wp-block-paragraph\">Agora, o in\u00edcio da disputa est\u00e1 marcado para 10h45 (hor\u00e1rio de Bras\u00edlia). Pouco antes, a categoria chegou a divulgar para as equipes que largaria \u00e0s 7h40, mas teve de mudar a programa\u00e7\u00e3o por conta de uma determina\u00e7\u00e3o da FIA (Federa\u00e7\u00e3o Internacional de Automobilismo), de que nenhuma outra atividade ser\u00e1 realizada antes da classifica\u00e7\u00e3o da F1, prevista para 9h (tamb\u00e9m pelo hor\u00e1rio de Bras\u00edlia). Desta forma, a F\u00f3rmula 3, que j\u00e1 definiu seu campe\u00e3o, Dennis Hauger, n\u00e3o corre neste s\u00e1bado.<\/p>\n\n\n\n<p class=\"wp-block-paragraph\">A programa\u00e7\u00e3o atualizada das duas categorias de acesso neste fim de semana compreende o cancelamento das respectivas corridas 2. Para domingo, dia em que a meteorologia prev\u00ea c\u00e9u azul e calor em S\u00f3chi, as provas principais est\u00e3o mantidas.<\/p>\n\n\n\n<p class=\"wp-block-paragraph\">Ainda nesta manh\u00e3, equipes da F\u00f3rmula 2 e da F\u00f3rmula 3 reportaram o alagamento dos respectivos boxes, que est\u00e3o instalados em outro setor do circuito de S\u00f3chi, em local distinto de onde est\u00e3o alocadas as equipes do Mundial de F\u00f3rmula 1.<\/p>\n\n\n\n<figure class=\"wp-block-embed is-type-rich is-provider-twitter wp-block-embed-twitter\"><div class=\"wp-block-embed__wrapper\">\n<blockquote class=\"twitter-tweet\" data-width=\"500\" data-dnt=\"true\"><p lang=\"en\" dir=\"ltr\">Support Paddock\u2019s flooded again\u2026 \ud83d\ude05 <a href=\"https:\/\/x.com\/hashtag\/F2?src=hash&amp;ref_src=twsrc%5Etfw\">#F2<\/a> <a href=\"https:\/\/x.com\/hashtag\/F3?src=hash&amp;ref_src=twsrc%5Etfw\">#F3<\/a> <a href=\"https:\/\/x.com\/hashtag\/RussianGP?src=hash&amp;ref_src=twsrc%5Etfw\">#RussianGP<\/a> <br><br>\ud83c\udfa5 = <a href=\"https:\/\/x.com\/nannini_matteo?ref_src=twsrc%5Etfw\">@nannini_matteo<\/a> <a href=\"https:\/\/t.co\/IT83Z1e7Et\">pic.twitter.com\/IT83Z1e7Et<\/a><\/p>&mdash; Paddock Passion (@PaddockPassion) <a href=\"https:\/\/x.com\/PaddockPassion\/status\/1441677809093693443?ref_src=twsrc%5Etfw\">September 25, 2021<\/a><\/blockquote><script async src=\"https:\/\/platform.x.com\/widgets.js\" charset=\"utf-8\"><\/script>\n<\/div><\/figure>\n\n\n\n<p class=\"wp-block-paragraph\">Em raz\u00e3o da regra do grid invertido em rela\u00e7\u00e3o aos <a href=\"https:\/\/www.grandepremio.com\/br\/f2\/noticias\/oscar-piastri-bate-jehan-daruvala-segundos-finais-crava-pole-f2-russia-guanyu-zhou-larga-quarto\/\">dez primeiros da classifica\u00e7\u00e3o, que teve Oscar Piastri consagrado como pole-position na R\u00fassia<\/a>, Dan Ticktum \u00e9 quem vai largar na frente na corrida 1 em S\u00f3chi, com J\u00fcri Vips a dividir a primeira fila do grid. Liam Lawson e Robert Shwartzman largam logo atr\u00e1s, em terceiro e quarto, respectivamente, enquanto Jake Hughes fecha o top-5.<\/p>\n\n\n\n<p class=\"wp-block-paragraph\">Felipe Drugovich vai largar em 13\u00ba lugar, enquanto Guilherme Samaia vai partir em 18\u00ba. E Enzo Fittipaldi, companheiro de equipe de Samaia na Charouz, \u00e9 o 21\u00ba e pen\u00faltimo do grid, dividindo assim a \u00faltima fila com Alessio Deledda.<\/p>\n\n\n\n<p class=\"wp-block-paragraph\">A F\u00f3rmula 2 conta com transmiss\u00e3o ao vivo do canal por assinatura BandSports e do servi\u00e7o de streaming F1 TV Pro.<\/p>\n\n\n\n<figure class=\"wp-block-embed is-type-video is-provider-youtube wp-block-embed-youtube wp-embed-aspect-16-9 wp-has-aspect-ratio\"><div class=\"wp-block-embed__wrapper\">\n<iframe loading=\"lazy\" title=\"F1 NA R\u00daSSIA: BOTTAS E HAMILTON FAZEM 1-2 NOS TREINOS LIVRES E VERSTAPPEN LARGA EM \u00daLTIMO | Briefing\" width=\"500\" height=\"281\" src=\"https:\/\/www.youtube.com\/embed\/eL74vU94lSQ?feature=oembed\" frameborder=\"0\" allow=\"accelerometer; autoplay; clipboard-write; encrypted-media; gyroscope; picture-in-picture; web-share\" referrerpolicy=\"strict-origin-when-cross-origin\" allowfullscreen><\/iframe>\n<\/div><figcaption>F1 NA R\u00daSSIA: BOTTAS E HAMILTON FAZEM 1-2 NOS TREINOS LIVRES E VERSTAPPEN LARGA DOS BOXES | Briefing<br><\/figcaption><\/figure>\n","protected":false},"excerpt":{"rendered":"<p>A corrida 1 da F\u00f3rmula 2, que aconteceria \u00e0s 4h30 (de Bras\u00edlia) e foi postergada, tem agora novo hor\u00e1rio: 10h45<\/p>\n","protected":false},"author":0,"featured_media":1000512405,"comment_status":"closed","ping_status":"closed","sticky":false,"template":"","format":"standard","meta":{"42wp_featured_image_caption":"","42wp_featured_image_credits":"","42wp_featured_video":"","42wp_featured_image_hidden":false,"42wp_authors_list":[],"footnotes":""},"categories":[9],"tags":[24951,26804,24975,24836,25442],"42wp_author":[47110],"class_list":["post-117522","post","type-post","status-publish","format-standard","has-post-thumbnail","hentry","category-f2","tag-formula-2-2","tag-formula-2-2021","tag-gp-da-russia-2","tag-grande-premio-2","tag-sochi-2","42wp_author-fernando-silva"],"_links":{"self":[{"href":"https:\/\/grandepremio.com\/br\/wp-json\/wp\/v2\/posts\/117522","targetHints":{"allow":["GET"]}}],"collection":[{"href":"https:\/\/grandepremio.com\/br\/wp-json\/wp\/v2\/posts"}],"about":[{"href":"https:\/\/grandepremio.com\/br\/wp-json\/wp\/v2\/types\/post"}],"replies":[{"embeddable":true,"href":"https:\/\/grandepremio.com\/br\/wp-json\/wp\/v2\/comments?post=117522"}],"version-history":[{"count":0,"href":"https:\/\/grandepremio.com\/br\/wp-json\/wp\/v2\/posts\/117522\/revisions"}],"wp:featuredmedia":[{"embeddable":true,"href":"https:\/\/grandepremio.com\/br\/wp-json\/wp\/v2\/media\/1000512405"}],"wp:attachment":[{"href":"https:\/\/grandepremio.com\/br\/wp-json\/wp\/v2\/media?parent=117522"}],"wp:term":[{"taxonomy":"category","embeddable":true,"href":"https:\/\/grandepremio.com\/br\/wp-json\/wp\/v2\/categories?post=117522"},{"taxonomy":"post_tag","embeddable":true,"href":"https:\/\/grandepremio.com\/br\/wp-json\/wp\/v2\/tags?post=117522"},{"taxonomy":"42wp_author","embeddable":true,"href":"https:\/\/grandepremio.com\/br\/wp-json\/wp\/v2\/42wp_author?post=117522"}],"curies":[{"name":"wp","href":"https:\/\/api.w.org\/{rel}","templated":true}]}}