{"id":117533,"date":"2021-09-24T14:53:08","date_gmt":"2021-09-24T17:53:08","guid":{"rendered":"https:\/\/grandepremio.com\/br\/noticias\/lando-norris-mclaren-mais-fraca-sochi-monza-menos-competitivos\/"},"modified":"2021-09-24T14:53:14","modified_gmt":"2021-09-24T17:53:14","slug":"lando-norris-mclaren-mais-fraca-sochi-monza-menos-competitivos","status":"publish","type":"post","link":"https:\/\/grandepremio.com\/br\/f1\/lando-norris-mclaren-mais-fraca-sochi-monza-menos-competitivos\/","title":{"rendered":"Norris cr\u00ea em McLaren mais fraca em S\u00f3chi que em Monza: &#8220;Somos menos competitivos&#8221;"},"content":{"rendered":"\n<figure class=\"wp-block-video\"><video class=\"video-js vjs-big-play-centered\" data-gp-vjs=\"1\" controls src=\"https:\/\/www.grandepremio.com\/br\/wp-content\/uploads\/2021\/09\/GiovinazziCrash.mp4\"><\/video><figcaption>Antonio Giovinazzi bateu forte na curva 9 do circuito de S\u00f3chi (V\u00eddeo: Reprodu\u00e7\u00e3o)<\/figcaption><\/figure>\n\n\n\n<p class=\"wp-block-paragraph\">A McLaren vem ap\u00f3s duas semanas de saborear a vit\u00f3ria na It\u00e1lia. Nesta sexta-feira (24), na R\u00fassia, Lando Norris terminou com o <a href=\"https:\/\/www.grandepremio.com\/br\/f1\/noticias\/valtteri-bottas-fecha-na-frente-sexta-feira-treinos-formula-1-russia-pierre-gasly-terceiro\/\">quarto melhor tempo da tabela<\/a> e, apesar disso, foi claro: a equipe n\u00e3o tem um carro t\u00e3o forte quanto aquele que mostrou em Monza. Mas \u00e9 bom o bastante na briga do meio de pelot\u00e3o.<\/p>\n\n\n\n<p class=\"wp-block-paragraph\"><strong>\u25b6\ufe0f\u00a0Inscreva-se nos dois canais do GRANDE PR\u00caMIO no YouTube:\u00a0<a href=\"https:\/\/www.youtube.com\/channel\/UC9OlHEgxoaY6QY6nWPoiqQg?sub_confirmation=1\" target=\"_blank\" rel=\"noreferrer noopener\">GP<\/a>\u00a0|\u00a0<a href=\"https:\/\/www.youtube.com\/channel\/UC9csiS6q_C3C0FYhyr1rnFA?sub_confirmation=1\" target=\"_blank\" rel=\"noreferrer noopener\">GP2<\/a><\/strong><\/p>\n\n\n\n<p class=\"wp-block-paragraph\">De acordo com Norris, a evolu\u00e7\u00e3o entre as duas atividades do dia foi flagrante. Agora \u00e9 preciso seguir em frente terminar o trabalho.<\/p>\n\n\n\n<p class=\"wp-block-paragraph\">&#8220;Dia de altos e baixos; TL1 foi dif\u00edcil, mas mudamos bastante para o TL2. Evolu\u00edmos e ficamos mais confiantes no carro, o que d\u00e1 uma sensa\u00e7\u00e3o positiva para amanh\u00e3. Algumas das nossas for\u00e7as de Monza n\u00e3o s\u00e3o t\u00e3o \u00f3bvias nessa pista. H\u00e1 mais tipos de curvas aqui em que n\u00e3o somos t\u00e3o fortes, mas ainda \u00e9 relativamente bom, s\u00f3 que nem sempre vira tempo de volta&#8221;, afirmou.<\/p>\n\n\n\n<p class=\"wp-block-paragraph\">&#8220;N\u00e3o somos t\u00e3o competitivos quanto em Monza, mas o carro est\u00e1 decente e ainda \u00e9 competitivo na compara\u00e7\u00e3o com os times contra os quais lutamos. Tem muita coisa a levar em considera\u00e7\u00e3o com a previs\u00e3o do tempo de amanh\u00e3, ent\u00e3o h\u00e1 muito a considerar&#8221;, finalizou Norris.<\/p>\n\n\n\n<figure class=\"wp-block-image size-large\"><img decoding=\"async\" src=\"https:\/\/www.grandepremio.com\/br\/wp-content\/uploads\/2021\/09\/E_FjQTpXIAInjpZ-1024x1024.jpg\" alt=\"DANIEL RICCIARDO; MCLAREN; GP DA IT\u00c1LIA; MONZA;\" class=\"wp-image-508466\"\/><figcaption>Daniel Ricciardo n\u00e3o foi bem no primeiro dia na R\u00fassia (Foto: McLaren)<\/figcaption><\/figure>\n\n\n\n<figure class=\"wp-block-embed is-type-rich is-provider-spotify wp-block-embed-spotify wp-embed-aspect-21-9 wp-has-aspect-ratio\"><div class=\"wp-block-embed__wrapper\">\n<iframe title=\"Spotify Embed: Paddockast #122: &amp;apos;Schumacher&amp;apos; \u00e9 document\u00e1rio incompleto ou foi v\u00edtima de expectativas irreais?\" style=\"border-radius: 12px\" width=\"100%\" height=\"152\" frameborder=\"0\" allowfullscreen allow=\"autoplay; clipboard-write; encrypted-media; fullscreen; picture-in-picture\" loading=\"lazy\" src=\"https:\/\/open.spotify.com\/embed\/episode\/0kEh3ygexXYun4s8icHg3F?utm_source=oembed\"><\/iframe>\n<\/div><figcaption>Paddockast #122: &#8216;Schumacher&#8217; \u00e9 document\u00e1rio incompleto ou foi v\u00edtima de expectativas irreais?<\/figcaption><\/figure>\n\n\n\n<p class=\"wp-block-paragraph\">J\u00e1 Daniel Ricciardo foi somente 17\u00ba colocado no TL2. Admitiu: ainda n\u00e3o se encontrou com o carro laranja na pista de S\u00f3chi.<\/p>\n\n\n\n<p class=\"wp-block-paragraph\">&#8220;Hoje de manh\u00e3 tivemos dificuldades para ficarmos confort\u00e1veis e n\u00e3o tinha ritmo. Mudamos coisas no motor para o TL2, mas acabamos tendo um atraso na hora de sair e bandeiras amarelas, bandeira vermelha e gente com muito combust\u00edvel na nossa frente. Foi uma atividade meio perdida, ent\u00e3o temos trabalho de casa para fazer&#8221;, disse.<\/p>\n\n\n\n<p class=\"wp-block-paragraph\">&#8220;Felizmente, Lando parecia mais confort\u00e1vel e foi mais r\u00e1pido no TL2, ent\u00e3o vamos tentar entender. Para mim, n\u00e3o foi o dia mais inspirador, mas ainda h\u00e1 muito a fazer para melhorar antes da classifica\u00e7\u00e3o&#8221;, terminou.<\/p>\n\n\n\n<p class=\"wp-block-paragraph\">O <strong>GRANDE PR\u00caMIO<\/strong> acompanha todas as atividades do GP da R\u00fassia deste fim de semana <a href=\"https:\/\/www.grandepremio.com\/br\/f1\/ao-vivo\"><strong>AO VIVO<\/strong> e <strong>EM TEMPO REAL<\/strong><\/a>.<\/p>\n\n\n\n<p class=\"wp-block-paragraph\"><strong><strong>Conhe\u00e7a o canal do Grande Pr\u00eamio no YouTube! Clique\u00a0<a target=\"_blank\" href=\"https:\/\/youtube.com\/GrandePremioTV\" rel=\"noreferrer noopener\">aqui<\/a>.<\/strong><br><strong>Siga o Grande Pr\u00eamio no\u00a0<a target=\"_blank\" href=\"https:\/\/twitter.com\/grandepremio\" rel=\"noreferrer noopener\">Twitter\u00a0<\/a>e no\u00a0<a target=\"_blank\" href=\"https:\/\/instagram.com\/grandepremio\" rel=\"noreferrer noopener\">Instagram<\/a>!<\/strong><\/strong><br><strong>As corridas do fim de semana na TV e no streaming: <a href=\"https:\/\/www.grandepremio.com\/br\/programacao-tv\/noticias\/as-corridas-do-fim-de-semana-na-tv-e-no-streaming-24-a-26-de-setembro\/\">24 a 26 de setembro<\/a><\/strong><\/p>\n\n\n\n<figure class=\"wp-block-embed is-type-video is-provider-youtube wp-block-embed-youtube wp-embed-aspect-16-9 wp-has-aspect-ratio\"><div class=\"wp-block-embed__wrapper\">\n<iframe loading=\"lazy\" title=\"F1 NA R\u00daSSIA: BOTTAS E HAMILTON FAZEM 1-2 NOS TREINOS LIVRES E VERSTAPPEN LARGA EM \u00daLTIMO | Briefing\" width=\"500\" height=\"281\" src=\"https:\/\/www.youtube.com\/embed\/eL74vU94lSQ?feature=oembed\" frameborder=\"0\" allow=\"accelerometer; autoplay; clipboard-write; encrypted-media; gyroscope; picture-in-picture; web-share\" referrerpolicy=\"strict-origin-when-cross-origin\" allowfullscreen><\/iframe>\n<\/div><figcaption>TUDO SOBRE A SEXTA-FEIRA DA F1 NA R\u00daSSIA | BRIEFING<\/figcaption><\/figure>\n","protected":false},"excerpt":{"rendered":"<p>Lando Norris acha que a McLaren ainda est\u00e1 melhor que as rivais, enquanto Daniel Ricciardo relatou dia com dificuldades na R\u00fassia<\/p>\n","protected":false},"author":0,"featured_media":1000507547,"comment_status":"closed","ping_status":"closed","sticky":false,"template":"","format":"standard","meta":{"42wp_featured_image_caption":"","42wp_featured_image_credits":"","42wp_featured_video":"","42wp_featured_image_hidden":false,"42wp_authors_list":[],"footnotes":""},"categories":[2],"tags":[211,156,25536,24975,24836,28285,547,90,25442],"42wp_author":[47120],"class_list":["post-117533","post","type-post","status-publish","format-standard","has-post-thumbnail","hentry","category-f1","tag-daniel-ricciardo","tag-f1-2021","tag-formula-1-2021-2","tag-gp-da-russia-2","tag-grande-premio-2","tag-grandepremio","tag-lando-norris","tag-mclaren","tag-sochi-2","42wp_author-pedro-henrique-marum"],"_links":{"self":[{"href":"https:\/\/grandepremio.com\/br\/wp-json\/wp\/v2\/posts\/117533","targetHints":{"allow":["GET"]}}],"collection":[{"href":"https:\/\/grandepremio.com\/br\/wp-json\/wp\/v2\/posts"}],"about":[{"href":"https:\/\/grandepremio.com\/br\/wp-json\/wp\/v2\/types\/post"}],"replies":[{"embeddable":true,"href":"https:\/\/grandepremio.com\/br\/wp-json\/wp\/v2\/comments?post=117533"}],"version-history":[{"count":0,"href":"https:\/\/grandepremio.com\/br\/wp-json\/wp\/v2\/posts\/117533\/revisions"}],"wp:featuredmedia":[{"embeddable":true,"href":"https:\/\/grandepremio.com\/br\/wp-json\/wp\/v2\/media\/1000507547"}],"wp:attachment":[{"href":"https:\/\/grandepremio.com\/br\/wp-json\/wp\/v2\/media?parent=117533"}],"wp:term":[{"taxonomy":"category","embeddable":true,"href":"https:\/\/grandepremio.com\/br\/wp-json\/wp\/v2\/categories?post=117533"},{"taxonomy":"post_tag","embeddable":true,"href":"https:\/\/grandepremio.com\/br\/wp-json\/wp\/v2\/tags?post=117533"},{"taxonomy":"42wp_author","embeddable":true,"href":"https:\/\/grandepremio.com\/br\/wp-json\/wp\/v2\/42wp_author?post=117533"}],"curies":[{"name":"wp","href":"https:\/\/api.w.org\/{rel}","templated":true}]}}