{"id":117535,"date":"2021-09-24T14:32:44","date_gmt":"2021-09-24T17:32:44","guid":{"rendered":"https:\/\/grandepremio.com\/br\/noticias\/charles-leclerc-melhora-novo-motor-sochi-mostra-cautela-dificil-ultrapassar\/"},"modified":"2021-09-24T14:32:50","modified_gmt":"2021-09-24T17:32:50","slug":"charles-leclerc-melhora-novo-motor-sochi-mostra-cautela-dificil-ultrapassar","status":"publish","type":"post","link":"https:\/\/grandepremio.com\/br\/f1\/charles-leclerc-melhora-novo-motor-sochi-mostra-cautela-dificil-ultrapassar\/","title":{"rendered":"Leclerc v\u00ea melhora com novo motor em S\u00f3chi, mas mostra cautela: &#8220;Dif\u00edcil ultrapassar&#8221;"},"content":{"rendered":"\n<figure class=\"wp-block-embed is-type-video is-provider-youtube wp-block-embed-youtube wp-embed-aspect-16-9 wp-has-aspect-ratio\"><div class=\"wp-block-embed__wrapper\">\n<iframe loading=\"lazy\" title=\"F1 NA R\u00daSSIA: BOTTAS E HAMILTON FAZEM 1-2 NOS TREINOS LIVRES E VERSTAPPEN LARGA EM \u00daLTIMO | Briefing\" width=\"500\" height=\"281\" src=\"https:\/\/www.youtube.com\/embed\/eL74vU94lSQ?feature=oembed\" frameborder=\"0\" allow=\"accelerometer; autoplay; clipboard-write; encrypted-media; gyroscope; picture-in-picture; web-share\" referrerpolicy=\"strict-origin-when-cross-origin\" allowfullscreen><\/iframe>\n<\/div><figcaption>F1 NA R\u00daSSIA: BOTTAS E HAMILTON FAZEM 1-2 NOS TREINOS LIVRES E VERSTAPPEN LARGA DOS BOXES | Briefing<\/figcaption><\/figure>\n\n\n\n<p class=\"wp-block-paragraph\">Embora Charles Leclerc tenha ficado entre os dez mais r\u00e1pidos nas duas sess\u00f5es de treinos livres em S\u00f3chi, o monegasco n\u00e3o espera por caminhos t\u00e3o f\u00e1ceis no fim de semana. Isso porque a Ferrari <a href=\"https:\/\/www.grandepremio.com\/br\/f1\/noticias\/ferrari-decide-nova-versao-motor-charles-leclerc-larga-ultimo-gp-russia\/\" target=\"_blank\" rel=\"noreferrer noopener\">j\u00e1 fez a troca<\/a> para a quarta unidade de pot\u00eancia do carro #16 e, por isso, o companheiro de Carlos Sainz Jr. vai largar do fim do grid. <\/p>\n\n\n\n<p class=\"wp-block-paragraph\">Ainda assim, o piloto de 23 anos saiu satisfeito desta sexta-feira (24), j\u00e1 que a SF21 funcionou bem, assim como seu novo motor, que parece ainda melhor. <\/p>\n\n\n\n<p class=\"wp-block-paragraph\">\u201cFoi muito bom, um dia positivo&#8221;, disse Leclerc. &#8220;Obviamente, sempre que voc\u00ea troca o motor \u00e9 uma grande mudan\u00e7a para todos,\u00a0\u00e9 um carro novo.\u00a0Ent\u00e3o, \u00e9 bom ver que tudo estava funcionando conforme o esperado. Agora estamos nos concentrando principalmente para a corrida porque, na classifica\u00e7\u00e3o, de qualquer maneira, vamos come\u00e7ar em \u00faltimo, ent\u00e3o fizemos um bom trabalho hoje, pegando o m\u00e1ximo de informa\u00e7\u00f5es&#8221;, acrescentou.<\/p>\n\n\n\n<p class=\"wp-block-paragraph\">\u201cEu sinto que [essa unidade de pot\u00eancia] \u00e9 um pouco melhor, o que \u00e9 \u00f3timo.&nbsp;E obviamente os dados confirmam isso, ent\u00e3o sim, \u00e9 \u00f3timo&#8221;, declarou.<\/p>\n\n\n\n<p class=\"wp-block-paragraph\"> <strong>\u25b6\ufe0f&nbsp;Inscreva-se nos dois canais do GRANDE PR\u00caMIO no YouTube:&nbsp;<a href=\"https:\/\/www.youtube.com\/channel\/UC9OlHEgxoaY6QY6nWPoiqQg?sub_confirmation=1\" target=\"_blank\" rel=\"noreferrer noopener\">GP<\/a>&nbsp;|&nbsp;<a href=\"https:\/\/www.youtube.com\/channel\/UC9csiS6q_C3C0FYhyr1rnFA?sub_confirmation=1\" target=\"_blank\" rel=\"noreferrer noopener\">GP2<\/a><\/strong><\/p>\n\n\n\n<figure class=\"wp-block-image size-large\"><img decoding=\"async\" src=\"https:\/\/www.grandepremio.com\/br\/wp-content\/uploads\/2021\/09\/FACepYHUUAgYnHG.jpg\" alt=\"CHARLES LECLERC; F\u00d3RMULA 1; FERRARI; GP DA R\u00daSSIA; S\u00d3CHI;\" class=\"wp-image-512098\"\/><figcaption>Charles Leclerc mostrou boa performance com novo motor da Ferrari (Foto: Scuderia Ferrari)<\/figcaption><\/figure>\n\n\n\n<p class=\"wp-block-paragraph\"><strong>Conhe\u00e7a o canal do Grande Pr\u00eamio no YouTube! Clique&nbsp;<a rel=\"noreferrer noopener\" href=\"https:\/\/youtube.com\/GrandePremioTV\" target=\"_blank\">aqui<\/a>.<br>Siga o Grande Pr\u00eamio no&nbsp;<a rel=\"noreferrer noopener\" href=\"https:\/\/twitter.com\/grandepremio\" target=\"_blank\">Twitter&nbsp;<\/a>e no&nbsp;<a rel=\"noreferrer noopener\" href=\"https:\/\/instagram.com\/grandepremio\" target=\"_blank\">Instagram<\/a>!<\/strong><\/p>\n\n\n\n<p class=\"wp-block-paragraph\">Mas, assim como Max Verstappen, <a href=\"https:\/\/www.grandepremio.com\/br\/f1\/noticias\/max-verstappen-apoia-red-bull-trocar-motor-sochi-recuperacao-dificil\/\" target=\"_blank\" rel=\"noreferrer noopener\">que tamb\u00e9m vai largar do fim do grid<\/a> por ter trocado motor, Leclerc acredita que n\u00e3o ser\u00e1 f\u00e1cil ultrapassar o pelot\u00e3o para marcar bons pontos no domingo.<\/p>\n\n\n\n<p class=\"wp-block-paragraph\">\u201c\u00c9 uma pista muito dif\u00edcil de ultrapassar.&nbsp;Tentei durante o TL2 e foi muito dif\u00edcil, ent\u00e3o vamos ver. Vou tentar dar o meu melhor, mas espero uma corrida dif\u00edcil no domingo. Pode ser um pouco mais f\u00e1cil para ele [Verstappen]. Ele \u00e9 um pouco mais r\u00e1pido do que n\u00f3s.&nbsp;Mas vou tentar ficar atr\u00e1s dele e ultrapassar os carros com ele&#8221;, concluiu. <\/p>\n\n\n\n<figure class=\"wp-block-embed is-type-rich is-provider-spotify wp-block-embed-spotify wp-embed-aspect-21-9 wp-has-aspect-ratio\"><div class=\"wp-block-embed__wrapper\">\n<iframe title=\"Spotify Embed: Paddockast #122: &amp;apos;Schumacher&amp;apos; \u00e9 document\u00e1rio incompleto ou foi v\u00edtima de expectativas irreais?\" style=\"border-radius: 12px\" width=\"100%\" height=\"152\" frameborder=\"0\" allowfullscreen allow=\"autoplay; clipboard-write; encrypted-media; fullscreen; picture-in-picture\" loading=\"lazy\" src=\"https:\/\/open.spotify.com\/embed\/episode\/0kEh3ygexXYun4s8icHg3F?utm_source=oembed\"><\/iframe>\n<\/div><\/figure>\n\n\n\n<p class=\"wp-block-paragraph\">Companheiro de Ferrari, Carlos Sainz teve uma manh\u00e3 tranquila. O espanhol tamb\u00e9m se mant\u00e9m otimista pelo piloto do carro #16: &#8220;Foi um bom dia para a equipe.\u00a0Acho que conseguimos testar bem a unidade de pot\u00eancia de Charles sem muitos problemas, o que parece encorajador. E do meu lado tive um bom dia na pista, apenas relaxando aos poucos, me acostumando com este carro numa pista em que \u00e9 preciso confian\u00e7a e muito empenho nessas curvas de 90 graus&#8221;, finalizou. <\/p>\n\n\n\n<p class=\"wp-block-paragraph\">A programa\u00e7\u00e3o para a sequ\u00eancia do fim de semana prev\u00ea o treino livre 3 para 6h (de Bras\u00edlia, GMT-3), enquanto a classifica\u00e7\u00e3o est\u00e1 marcada para 9h. Entretanto, em raz\u00e3o da previs\u00e3o de muita chuva para o s\u00e1bado, h\u00e1 grandes possibilidades de mudan\u00e7a no cronograma, com chances inclusive de a defini\u00e7\u00e3o do grid de largada passar para domingo. O&nbsp;<strong>GRANDE PR\u00caMIO<\/strong>&nbsp;acompanha tudo&nbsp;<strong><a href=\"https:\/\/www.grandepremio.com\/br\/ao-vivo\/f1\/\">AO VIVO e em TEMPO REAL<\/a><\/strong>.<\/p>\n\n\n\n<figure class=\"wp-block-embed is-type-video is-provider-youtube wp-block-embed-youtube wp-embed-aspect-16-9 wp-has-aspect-ratio\"><div class=\"wp-block-embed__wrapper\">\n<iframe loading=\"lazy\" title=\"SAINZ: &amp;apos;N\u00c3O QUERO SER UM BARRICHELLO&amp;apos; NA F1. FOI DEPRECIATIVO?\" width=\"500\" height=\"281\" src=\"https:\/\/www.youtube.com\/embed\/xze8LpXhYU8?feature=oembed\" frameborder=\"0\" allow=\"accelerometer; autoplay; clipboard-write; encrypted-media; gyroscope; picture-in-picture; web-share\" referrerpolicy=\"strict-origin-when-cross-origin\" allowfullscreen><\/iframe>\n<\/div><figcaption>SAINZ: &#8216;N\u00c3O QUERO SER UM BARRICHELLO&#8217; NA F1. FOI DEPRECIATIVO?<br><\/figcaption><\/figure>\n","protected":false},"excerpt":{"rendered":"<p>Charles Leclerc revelou que a nova unidade de pot\u00eancia funcionou normalmente, mas manteve cautela para a corrida do domingo, em S\u00f3chi, j\u00e1 que vai largar da \u00faltima posi\u00e7\u00e3o em uma pista de dif\u00edcil ultrapassagem <\/p>\n","protected":false},"author":0,"featured_media":1000512079,"comment_status":"closed","ping_status":"closed","sticky":false,"template":"","format":"standard","meta":{"42wp_featured_image_caption":"","42wp_featured_image_credits":"","42wp_featured_video":"","42wp_featured_image_hidden":false,"42wp_authors_list":[],"footnotes":""},"categories":[2],"tags":[546,209,147,156,207,24837,24975,24836,1124],"42wp_author":[47139],"class_list":["post-117535","post","type-post","status-publish","format-standard","has-post-thumbnail","hentry","category-f1","tag-carlos-sainz","tag-charles-leclerc","tag-f1","tag-f1-2021","tag-ferrari","tag-formula-1-2","tag-gp-da-russia-2","tag-grande-premio-2","tag-novo-motor","42wp_author-ana-cerveira"],"_links":{"self":[{"href":"https:\/\/grandepremio.com\/br\/wp-json\/wp\/v2\/posts\/117535","targetHints":{"allow":["GET"]}}],"collection":[{"href":"https:\/\/grandepremio.com\/br\/wp-json\/wp\/v2\/posts"}],"about":[{"href":"https:\/\/grandepremio.com\/br\/wp-json\/wp\/v2\/types\/post"}],"replies":[{"embeddable":true,"href":"https:\/\/grandepremio.com\/br\/wp-json\/wp\/v2\/comments?post=117535"}],"version-history":[{"count":0,"href":"https:\/\/grandepremio.com\/br\/wp-json\/wp\/v2\/posts\/117535\/revisions"}],"wp:featuredmedia":[{"embeddable":true,"href":"https:\/\/grandepremio.com\/br\/wp-json\/wp\/v2\/media\/1000512079"}],"wp:attachment":[{"href":"https:\/\/grandepremio.com\/br\/wp-json\/wp\/v2\/media?parent=117535"}],"wp:term":[{"taxonomy":"category","embeddable":true,"href":"https:\/\/grandepremio.com\/br\/wp-json\/wp\/v2\/categories?post=117535"},{"taxonomy":"post_tag","embeddable":true,"href":"https:\/\/grandepremio.com\/br\/wp-json\/wp\/v2\/tags?post=117535"},{"taxonomy":"42wp_author","embeddable":true,"href":"https:\/\/grandepremio.com\/br\/wp-json\/wp\/v2\/42wp_author?post=117535"}],"curies":[{"name":"wp","href":"https:\/\/api.w.org\/{rel}","templated":true}]}}