{"id":117562,"date":"2021-09-23T13:05:08","date_gmt":"2021-09-23T16:05:08","guid":{"rendered":"https:\/\/grandepremio.com\/br\/noticias\/w-series-cancela-corrida-mexico-e-fecha-temporada-com-rodada-dupla-nos-eua\/"},"modified":"2021-09-23T13:05:12","modified_gmt":"2021-09-23T16:05:12","slug":"w-series-cancela-corrida-mexico-e-fecha-temporada-com-rodada-dupla-nos-eua","status":"publish","type":"post","link":"https:\/\/grandepremio.com\/br\/w-series\/w-series-cancela-corrida-mexico-e-fecha-temporada-com-rodada-dupla-nos-eua\/","title":{"rendered":"W Series cancela corrida no M\u00e9xico e fecha temporada com rodada dupla nos EUA"},"content":{"rendered":"\n<figure class=\"wp-block-video\"><video class=\"video-js vjs-big-play-centered\" data-gp-vjs=\"1\" controls src=\"https:\/\/www.grandepremio.com\/br\/wp-content\/uploads\/2021\/09\/GPdeMiami2022.mp4\"><\/video><\/figure>\n\n\n\n<p class=\"wp-block-paragraph\">A W Series precisou de ajustes de \u00faltima hora no calend\u00e1rio de 2021. A categoria anunciou nesta quinta-feira (23) que, por conta de problemas log\u00edsticos, n\u00e3o ser\u00e1 poss\u00edvel competir no Hermanos Rodr\u00edguez, no M\u00e9xico. Dessa forma, ser\u00e1 necess\u00e1rio completar a temporada com uma rodada dupla em Austin, nos Estados Unidos.<\/p>\n\n\n\n<p class=\"wp-block-paragraph\">A explica\u00e7\u00e3o da W Series, categoria suporte, \u00e9 de que n\u00e3o h\u00e1 como acompanhar o calend\u00e1rio da F1. Originalmente seria poss\u00edvel, j\u00e1 que a categoria principal planejava corridas em semanas consecutivas. Com as mudan\u00e7as provocadas pela Covid-19, o calend\u00e1rio passa a ter duas semanas entre os GPs do M\u00e9xico e dos EUA. Isso levaria a custos elevados demais para uma categoria essencialmente europeia.<\/p>\n\n\n\n<p class=\"wp-block-paragraph\"><strong>\u25b6\ufe0f\u00a0Inscreva-se nos dois canais do GRANDE PR\u00caMIO no YouTube:\u00a0<a href=\"https:\/\/www.youtube.com\/channel\/UC9OlHEgxoaY6QY6nWPoiqQg?sub_confirmation=1\" target=\"_blank\" rel=\"noreferrer noopener\">GP<\/a>\u00a0|\u00a0<a href=\"https:\/\/www.youtube.com\/channel\/UC9csiS6q_C3C0FYhyr1rnFA?sub_confirmation=1\" target=\"_blank\" rel=\"noreferrer noopener\">GP2<\/a><\/strong><\/p>\n\n\n\n<figure class=\"wp-block-image size-large\"><img decoding=\"async\" src=\"https:\/\/www.grandepremio.com\/br\/wp-content\/uploads\/2020\/11\/13-Austin-1024x438.jpg\" alt=\"\" class=\"wp-image-433316\"\/><figcaption>O Circuito das Am\u00e9ricas, em Austin, recebe as corridas finais da W Series (Foto: Tilke.de)<\/figcaption><\/figure>\n\n\n\n<p class=\"wp-block-paragraph\">\u201cEstamos, \u00e9 claro, decepcionadas por n\u00e3o podermos concluir nossa temporada 2021 no Aut\u00f3dromo Hermanos Rodr\u00edguez, na Cidade do M\u00e9xico, onde a torcida pela W Series e pela nossa miss\u00e3o s\u00e3o muito fortes\u201d, disse Catherine Bond Muir, diretora-executiva da W Series. \u201cNo entanto, as mudan\u00e7as no calend\u00e1rio da F\u00f3rmula 1 resultariam em uma corrida \u00e0 parte para a W Series l\u00e1, o que seria algo logisticamente imposs\u00edvel para n\u00f3s\u201d, seguiu.<\/p>\n\n\n\n<p class=\"wp-block-paragraph\">\u201cNosso foco muda agora para Austin, no Texas, e o que promete ser um fim de semana espetacular no Circuito das Am\u00e9ricas para as primeiras corridas da W Series fora da Europa e a primeira corrida em um fim de semana de GP de F1 no domingo. O Circuito das Am\u00e9ricas sempre oferece espet\u00e1culo, e a pista proporcionou momentos incr\u00edveis ao longo dos \u00faltimos anos, ent\u00e3o estou muito feliz por saber que teremos uma rodada dupla l\u00e1. Vai ser uma forma adequada de terminar nossa temporada de oito corridas, repleta de a\u00e7\u00e3o, e esse promete ser um fim de semana muito especial, uma vez que vamos comemorar tudo o que a W Series representa e os avan\u00e7os gigantes que demos desde seu lan\u00e7amento, h\u00e1 tr\u00eas anos. Se voc\u00ea me dissesse que far\u00edamos duas corridas num mesmo fim de semana em um dos principais eventos da F1 em somente nossa segunda temporada, eu me beliscaria\u201d, completou.<\/p>\n\n\n\n<p class=\"wp-block-paragraph\">As corridas em Austin ser\u00e3o em 23 e 24 de outubro, respectivamente s\u00e1bado e domingo. Ser\u00e3o, inclusive, as \u00faltimas etapas de um campeonato apertado: faltando apenas a visita ao Texas, Alice Powell e Jamie Chadwick est\u00e3o empatadas em 109 pontos.<\/p>\n","protected":false},"excerpt":{"rendered":"<p>A W Series n\u00e3o conseguiu se adaptar \u00e0s mudan\u00e7as no calend\u00e1rio da F\u00f3rmula 1. A categoria decidiu abdicar da corrida no Hermanos Rodr\u00edguez, fazendo apenas uma rodada dupla em Austin<\/p>\n","protected":false},"author":0,"featured_media":1000492295,"comment_status":"closed","ping_status":"closed","sticky":false,"template":"","format":"standard","meta":{"42wp_featured_image_caption":"","42wp_featured_image_credits":"","42wp_featured_video":"","42wp_featured_image_hidden":false,"42wp_authors_list":[],"footnotes":""},"categories":[35],"tags":[2145,1982,896,24919,476,25217,430,25645],"42wp_author":[47118],"class_list":["post-117562","post","type-post","status-publish","format-standard","has-post-thumbnail","hentry","category-w-series","tag-alice-powell","tag-austin","tag-estados-unidos","tag-hermanos-rodriguez-2","tag-jamie-chadwick","tag-mexico-2","tag-w-series","tag-w-series-2021","42wp_author-vitor-fazio"],"_links":{"self":[{"href":"https:\/\/grandepremio.com\/br\/wp-json\/wp\/v2\/posts\/117562","targetHints":{"allow":["GET"]}}],"collection":[{"href":"https:\/\/grandepremio.com\/br\/wp-json\/wp\/v2\/posts"}],"about":[{"href":"https:\/\/grandepremio.com\/br\/wp-json\/wp\/v2\/types\/post"}],"replies":[{"embeddable":true,"href":"https:\/\/grandepremio.com\/br\/wp-json\/wp\/v2\/comments?post=117562"}],"version-history":[{"count":0,"href":"https:\/\/grandepremio.com\/br\/wp-json\/wp\/v2\/posts\/117562\/revisions"}],"wp:featuredmedia":[{"embeddable":true,"href":"https:\/\/grandepremio.com\/br\/wp-json\/wp\/v2\/media\/1000492295"}],"wp:attachment":[{"href":"https:\/\/grandepremio.com\/br\/wp-json\/wp\/v2\/media?parent=117562"}],"wp:term":[{"taxonomy":"category","embeddable":true,"href":"https:\/\/grandepremio.com\/br\/wp-json\/wp\/v2\/categories?post=117562"},{"taxonomy":"post_tag","embeddable":true,"href":"https:\/\/grandepremio.com\/br\/wp-json\/wp\/v2\/tags?post=117562"},{"taxonomy":"42wp_author","embeddable":true,"href":"https:\/\/grandepremio.com\/br\/wp-json\/wp\/v2\/42wp_author?post=117562"}],"curies":[{"name":"wp","href":"https:\/\/api.w.org\/{rel}","templated":true}]}}