{"id":117618,"date":"2021-09-21T11:26:16","date_gmt":"2021-09-21T14:26:16","guid":{"rendered":"https:\/\/grandepremio.com\/br\/noticias\/oscar-piastri-mira-posto-reserva-alpine-como-passo-logico-se-for-campeao-da-formula-2\/"},"modified":"2021-09-21T11:26:21","modified_gmt":"2021-09-21T14:26:21","slug":"oscar-piastri-mira-posto-reserva-alpine-como-passo-logico-se-for-campeao-da-formula-2","status":"publish","type":"post","link":"https:\/\/grandepremio.com\/br\/f1\/oscar-piastri-mira-posto-reserva-alpine-como-passo-logico-se-for-campeao-da-formula-2\/","title":{"rendered":"Piastri mira posto de reserva da Alpine como &#8220;passo l\u00f3gico&#8221; se for campe\u00e3o da F\u00f3rmula 2"},"content":{"rendered":"\n<figure class=\"wp-block-video\"><video class=\"video-js vjs-big-play-centered\" data-gp-vjs=\"1\" controls src=\"https:\/\/www.grandepremio.com\/br\/wp-content\/uploads\/2021\/09\/Hamilton-Verstappen-acidente-camera-360.mp4\"><\/video><figcaption>C\u00e2mera 360\u00b0 no carro de Hamilton mostra como Verstappen o acertou em acidente (V\u00eddeo: F1)<\/figcaption><\/figure>\n\n\n\n<p class=\"wp-block-paragraph\">Mesmo <a href=\"https:\/\/www.grandepremio.com\/br\/f2\/noticias\/oscar-piastri-vence-corrida-3-principal-formula-2-italia-dispara-lideranca-campeonato\/\">com a lideran\u00e7a da F\u00f3rmula 2<\/a> e a chance real de ser campe\u00e3o da categoria, Oscar Piastri vive um grande dilema. Afinal, se for campe\u00e3o da categoria de acesso, o jovem de 20 anos n\u00e3o poder\u00e1, por regra, continuar onde est\u00e1 no ano que vem. Ao mesmo tempo, Piastri n\u00e3o v\u00ea vagas dispon\u00edveis na F\u00f3rmula 1. Por isso, o australiano j\u00e1 tra\u00e7a uma meta para 2022: ser piloto de testes de alguma equipe do Mundial, como a pr\u00f3pria Alpine, \u00e0 qual \u00e9 vinculado como membro da academia de desenvolvimento, para em 2023, enfim, assumir o lugar como titular.<\/p>\n\n\n\n<h5 class=\"wp-block-heading\"><strong>\u25b6\ufe0f&nbsp;Inscreva-se nos dois canais do GRANDE PR\u00caMIO no YouTube:&nbsp;<a href=\"https:\/\/www.youtube.com\/channel\/UC9OlHEgxoaY6QY6nWPoiqQg?sub_confirmation=1\" target=\"_blank\" rel=\"noreferrer noopener\">GP<\/a>&nbsp;|&nbsp;<a href=\"https:\/\/www.youtube.com\/channel\/UC9csiS6q_C3C0FYhyr1rnFA?sub_confirmation=1\" target=\"_blank\" rel=\"noreferrer noopener\">GP2<\/a><\/strong><\/h5>\n\n\n\n<p class=\"wp-block-paragraph\">Ao contr\u00e1rio de seu rival na briga pelo t\u00edtulo da F\u00f3rmula 2, Guanyu\u00a0 Zhou, Piastri n\u00e3o se v\u00ea com chances de lutar por uma vaga na Alfa Romeo em 2022, \u00fanico assento restante no grid da F1. Por conta disso, o australiano refor\u00e7ou: as metas s\u00e3o outras para um futuro pr\u00f3ximo.<\/p>\n\n\n\n<p class=\"wp-block-paragraph\">\u201cN\u00e3o estou na mira da Alfa Romeo, para ser honesto. N\u00e3o acho que v\u00e3o me escolher. N\u00e3o sei muito sobre isso, mas tudo indica que n\u00e3o estou no p\u00e1reo. Sendo da Alpine, n\u00e3o tenho nenhuma liga\u00e7\u00e3o com a Alfa Romeo, logo n\u00e3o seria um caminho natural. Ficaria muito feliz e surpreso se conseguisse a vaga, mas n\u00e3o estou confiante&#8221;, disse o piloto, de forma realista, ao site Wide World of Sports. <\/p>\n\n\n\n<figure class=\"wp-block-image size-large\"><img decoding=\"async\" src=\"https:\/\/www.grandepremio.com\/br\/wp-content\/uploads\/2021\/09\/E_ExhLsX0AMAlVQ-1024x575.jpg\" alt=\"OSCAR PIASTRI; F\u00d3RMULA 2; MONZA; IT\u00c1LIA;\" class=\"wp-image-508295\"\/><figcaption>Oscar Piastri \u00e9 o l\u00edder da F\u00f3rmula 2 com 147 pontos (Foto: F\u00f3rmula 2)<\/figcaption><\/figure>\n\n\n\n<p class=\"wp-block-paragraph\">&#8220;Independentemente da posi\u00e7\u00e3o que terminar esta temporada, n\u00e3o parece que vou acabar no grid da F\u00f3rmula 1 no ano que vem. Mas tenho t\u00edtulos nos \u00faltimos anos em meu curr\u00edculo, o que \u00e9 muito bom\u201d, recordou. Oscar foi campe\u00e3o da F\u00f3rmula Renault Eurocup em 2019 e, no ano passado, conquistou a ta\u00e7a da F\u00f3rmula 3.<\/p>\n\n\n\n<p class=\"wp-block-paragraph\">Piastri falou tamb\u00e9m sobre qual significado teria um t\u00edtulo da F\u00f3rmula 2 em um cen\u00e1rio em que n\u00e3o teria para onde ir, no caso, para a F1 de imediato.<\/p>\n\n\n\n<p class=\"wp-block-paragraph\">\u201cSeria muito satisfat\u00f3rio e provaria que estou apto a ir para a F\u00f3rmula 1 no futuro. \u00c9 uma situa\u00e7\u00e3o um pouco inc\u00f4moda, mas n\u00e3o sou o primeiro que passa por isso e nem serei o \u00faltimo. Mas \u00e9 um pouco chato. N\u00e3o temos conversas sobre o ano que vem. Mas, olhando como as coisas est\u00e3o se desenvolvendo, a situa\u00e7\u00e3o mais realista \u00e9 vencer a F\u00f3rmula 2 este ano e me tornar piloto reserva de alguma equipe de F\u00f3rmula 1\u201d, projetou.<\/p>\n\n\n\n<p class=\"wp-block-paragraph\"><strong>Conhe\u00e7a o canal do Grande Pr\u00eamio no YouTube! Clique&nbsp;<a target=\"_blank\" href=\"https:\/\/youtube.com\/GrandePremioTV\" rel=\"noreferrer noopener\">aqui<\/a>.<\/strong><br><strong>Siga o Grande Pr\u00eamio no&nbsp;<a target=\"_blank\" href=\"https:\/\/twitter.com\/grandepremio\" rel=\"noreferrer noopener\">Twitter&nbsp;<\/a>e no&nbsp;<a target=\"_blank\" href=\"https:\/\/instagram.com\/grandepremio\" rel=\"noreferrer noopener\">Instagram<\/a>!<\/strong><\/p>\n\n\n\n<p class=\"wp-block-paragraph\">\u201cO passo l\u00f3gico seria assumir o posto de piloto reserva na Alpine para almejar ser titular em 2023. Se tiver de passar 2022 fora do esporte, seria algo ok. Mas se esse prazo aumentasse para dois anos, teria de ter algumas conversas s\u00e9rias para ver como seguir em frente. Dois anos afastado n\u00e3o \u00e9 o ideal. Se chegar a esse est\u00e1gio, teremos de analisar as melhores op\u00e7\u00f5es. Com toda certeza, n\u00e3o vou perder o t\u00edtulo de F2 para conseguir correr no ano que vem. Seria muito est\u00fapido. T\u00eam muitas coisas erradas nesta ideia. O que acontecer\u00e1 no pr\u00f3ximo ano n\u00e3o muda o que estou tentando fazer nesta temporada\u201d, concluiu o piloto de 20 anos.<\/p>\n\n\n\n<p class=\"wp-block-paragraph\">Mark Webber, ex-piloto da F\u00f3rmula 1 e empres\u00e1rio do Oscar, tamb\u00e9m mostrou preocupa\u00e7\u00e3o em rela\u00e7\u00e3o ao futuro de seu pupilo, mas garantiu que o talento e a consist\u00eancia de Piastri \u00e9 algo notado dentro do Paddock da F\u00f3rmula 1. <\/p>\n\n\n\n<p class=\"wp-block-paragraph\">\u201c\u00c9 isso que as pessoas est\u00e3o falando no paddock da F\u00f3rmula 1 sobre Oscar. Ele est\u00e1 indo muito bem na Alpine, progrediu na equipe de forma muito r\u00e1pida. S\u00f3 que a Alpine j\u00e1 tem [Esteban]  Ocon e Fernando [Alonso] para 2022. \u00c9 uma performance extraordin\u00e1ria para um estreante. Sab\u00edamos que ele era bom, mas ele \u00e9 simplesmente imune \u00e0 press\u00e3o, consegue corresponder em todo fim de semana importante\u201d, exaltou Mark ao falar sobre o pupilo Oscar Piastri.<\/p>\n\n\n\n<figure class=\"wp-block-embed is-type-video is-provider-youtube wp-block-embed-youtube wp-embed-aspect-16-9 wp-has-aspect-ratio\"><div class=\"wp-block-embed__wrapper\">\n<iframe loading=\"lazy\" title=\"HAMILTON E VERSTAPPEN D\u00c3O INJE\u00c7\u00c3O DE \u00c2NIMO NO SONOLENTO GP DA R\u00daSSIA DE F1? | Paddock GP #257\" width=\"500\" height=\"281\" src=\"https:\/\/www.youtube.com\/embed\/U4B-F4E5qxI?feature=oembed\" frameborder=\"0\" allow=\"accelerometer; autoplay; clipboard-write; encrypted-media; gyroscope; picture-in-picture; web-share\" referrerpolicy=\"strict-origin-when-cross-origin\" allowfullscreen><\/iframe>\n<\/div><\/figure>\n\n\n\n<p class=\"wp-block-paragraph\"><\/p>\n","protected":false},"excerpt":{"rendered":"<p>Oscar Piastri busca um lugar como reserva da Alpine na pr\u00f3xima temporada para tentar garantir vaga na F\u00f3rmula 1 em 2023<\/p>\n","protected":false},"author":0,"featured_media":1000508296,"comment_status":"closed","ping_status":"closed","sticky":false,"template":"","format":"standard","meta":{"42wp_featured_image_caption":"","42wp_featured_image_credits":"","42wp_featured_video":"","42wp_featured_image_hidden":false,"42wp_authors_list":[],"footnotes":""},"categories":[2],"tags":[457,20491,24837,25536,24951,26804,2913,2916],"42wp_author":[47138],"class_list":["post-117618","post","type-post","status-publish","format-standard","has-post-thumbnail","hentry","category-f1","tag-alfa-romeo","tag-alpine","tag-formula-1-2","tag-formula-1-2021-2","tag-formula-2-2","tag-formula-2-2021","tag-mark-webber","tag-oscar-piastri","42wp_author-lucascouto"],"_links":{"self":[{"href":"https:\/\/grandepremio.com\/br\/wp-json\/wp\/v2\/posts\/117618","targetHints":{"allow":["GET"]}}],"collection":[{"href":"https:\/\/grandepremio.com\/br\/wp-json\/wp\/v2\/posts"}],"about":[{"href":"https:\/\/grandepremio.com\/br\/wp-json\/wp\/v2\/types\/post"}],"replies":[{"embeddable":true,"href":"https:\/\/grandepremio.com\/br\/wp-json\/wp\/v2\/comments?post=117618"}],"version-history":[{"count":0,"href":"https:\/\/grandepremio.com\/br\/wp-json\/wp\/v2\/posts\/117618\/revisions"}],"wp:featuredmedia":[{"embeddable":true,"href":"https:\/\/grandepremio.com\/br\/wp-json\/wp\/v2\/media\/1000508296"}],"wp:attachment":[{"href":"https:\/\/grandepremio.com\/br\/wp-json\/wp\/v2\/media?parent=117618"}],"wp:term":[{"taxonomy":"category","embeddable":true,"href":"https:\/\/grandepremio.com\/br\/wp-json\/wp\/v2\/categories?post=117618"},{"taxonomy":"post_tag","embeddable":true,"href":"https:\/\/grandepremio.com\/br\/wp-json\/wp\/v2\/tags?post=117618"},{"taxonomy":"42wp_author","embeddable":true,"href":"https:\/\/grandepremio.com\/br\/wp-json\/wp\/v2\/42wp_author?post=117618"}],"curies":[{"name":"wp","href":"https:\/\/api.w.org\/{rel}","templated":true}]}}