{"id":117624,"date":"2021-09-21T09:08:06","date_gmt":"2021-09-21T12:08:06","guid":{"rendered":"https:\/\/grandepremio.com\/br\/noticias\/corrida-dos-campeoes-confirma-valtteri-bottas-edicao-2022-suecia\/"},"modified":"2021-09-21T09:08:12","modified_gmt":"2021-09-21T12:08:12","slug":"corrida-dos-campeoes-confirma-valtteri-bottas-edicao-2022-suecia","status":"publish","type":"post","link":"https:\/\/grandepremio.com\/br\/f1\/corrida-dos-campeoes-confirma-valtteri-bottas-edicao-2022-suecia\/","title":{"rendered":"De volta ap\u00f3s 3 anos, Corrida dos Campe\u00f5es confirma Bottas para edi\u00e7\u00e3o de 2022 na Su\u00e9cia"},"content":{"rendered":"\n<figure class=\"wp-block-video\"><video class=\"video-js vjs-big-play-centered\" data-gp-vjs=\"1\" controls src=\"https:\/\/www.grandepremio.com\/br\/wp-content\/uploads\/2021\/09\/StockCarBatidaGoiania.mp4\"><\/video><figcaption>Imagens do forte acidente que marcou a largada da Stock Car em Goi\u00e2nia (V\u00eddeo: Stock Car)<\/figcaption><\/figure>\n\n\n\n<p class=\"wp-block-paragraph\">A Corrida dos Campe\u00f5es voltar\u00e1 ao calend\u00e1rio do esporte a motor nos dias 5 e 6 de fevereiro de 2022. <a href=\"https:\/\/www.grandepremio.com\/br\/outras\/noticias\/guerra-faz-alegria-da-torcida-mexicana-bate-duval-e-conquista-primeiro-titulo-na-corrida-dos-campeoes\/\">A competi\u00e7\u00e3o foi realizada pela \u00faltima vez em 2019, no M\u00e9xico<\/a>, e desde ent\u00e3o ficou inativa em raz\u00e3o dos efeitos da pandemia de Covid-19. A prova, tradicional por confrontar pilotos de diferentes modalidades em carros dos mais variados, al\u00e9m de trazer tamb\u00e9m a disputa da chamada Copa das Na\u00e7\u00f5es, ser\u00e1 realizada em Norrbotten, cidade localizada no norte da Su\u00e9cia e muito pr\u00f3xima ao C\u00edrculo Polar \u00c1rtico. E para a primeira Corrida dos Campe\u00f5es da hist\u00f3ria na neve, nada melhor que um grande conhecedor do assunto: Valtteri Bottas est\u00e1 confirmado para estrear na prova em 2022.<\/p>\n\n\n\n<p class=\"wp-block-paragraph\">Bottas faz parte de uma laureada rela\u00e7\u00e3o de pilotos j\u00e1 garantidos na Corrida dos Campe\u00f5es de fevereiro do ano que vem: Tom Kristensen, maior vencedor das 24 Horas de Le Mans, com nove conquistas; S\u00e9bastien Loeb, eneacampe\u00e3o mundial de rali; Jonah Kristoffersson, campe\u00e3o mundial de rallycross; Mattias Ekstr\u00f4m, Travis Pastrana, Petter Solberg, campe\u00e3o mundial de rali, e o filho, Oliver Solberg, uma das estrelas da nova gera\u00e7\u00e3o do WRC.<\/p>\n\n\n\n<p class=\"wp-block-paragraph\">Valtteri vai integrar o chamado Time Finl\u00e2ndia e ter\u00e1 seu companheiro de equipe a ser anunciado nas pr\u00f3ximas semanas.<\/p>\n\n\n\n<p class=\"wp-block-paragraph\"><strong>\u25b6\ufe0f\u00a0Inscreva-se nos dois canais do GRANDE PR\u00caMIO no YouTube:\u00a0<a href=\"https:\/\/www.youtube.com\/channel\/UC9OlHEgxoaY6QY6nWPoiqQg?sub_confirmation=1\" target=\"_blank\" rel=\"noreferrer noopener\">GP<\/a>\u00a0|\u00a0<a href=\"https:\/\/www.youtube.com\/channel\/UC9csiS6q_C3C0FYhyr1rnFA?sub_confirmation=1\" target=\"_blank\" rel=\"noreferrer noopener\">GP2<\/a><\/strong><\/p>\n\n\n\n<figure class=\"wp-block-image size-large\"><img decoding=\"async\" src=\"https:\/\/www.grandepremio.com\/br\/wp-content\/uploads\/2021\/09\/mercedes-afp-valtteribottas-03-1-1024x849.jpg\" alt=\"\" class=\"wp-image-508106\"\/><figcaption>Valtteri Bottas vai disputar pela primeira vez a Corrida dos Campe\u00f5es (Foto: Mercedes)<\/figcaption><\/figure>\n\n\n\n<p class=\"wp-block-paragraph\">\u201cEstou muito ansioso para finalmente poder competir na Corrida dos Campe\u00f5es depois de assistir ao evento na TV por muitos anos\u201d, disse o n\u00f3rdico.<\/p>\n\n\n\n<p class=\"wp-block-paragraph\">\u201cO fato de o evento deste ano ser realizado na neve e no gelo o torna ainda mais interessante. J\u00e1 fiz o Rali do \u00c1rtico algumas vezes, ent\u00e3o espero que essa experi\u00eancia ajude, j\u00e1 que pretendemos vencer e bater nossos vizinhos n\u00f3rdicos da Su\u00e9cia e da Noruega e acrescentar essa \u00e0s muitas outras vit\u00f3rias da Finl\u00e2ndia na Corrida dos Campe\u00f5es e na Copa das Na\u00e7\u00f5es\u201d, disse o ainda piloto da Mercedes e futuro representante da Alfa Romeo.<\/p>\n\n\n\n<p class=\"wp-block-paragraph\">A Finl\u00e2ndia realmente tem um hist\u00f3rico vitorioso na Corrida dos Campe\u00f5es: Tommi M\u00e4kinen (2000), Harri Rovanper\u00e4 (2001), Marcus Gr\u00f6nholm (2002) e Heikki Kovalainen (2004) venceram uma vez, enquanto Juha Kankkunen \u00e9 bicampe\u00e3o da prova (1988 e 1991). Na Copa das Na\u00e7\u00f5es, o pa\u00eds chegou duas vezes ao t\u00edtulo: 1999 e 2006.<\/p>\n\n\n\n<p class=\"wp-block-paragraph\">Fredrik Johnsson, dirigente sueco e presidente da Corrida dos Campe\u00f5es, comemorou a chance de ter na competi\u00e7\u00e3o que organiza um piloto duas vezes campe\u00e3o mundial de F1 e dono de nove vit\u00f3rias na principal categoria do esporte a motor.<\/p>\n\n\n\n<p class=\"wp-block-paragraph\">\u201cValtteri h\u00e1 muitos anos nos dizia que gostaria de participar da Corrida dos Campe\u00f5es e estamos muito felizes por ele finalmente conseguir fazer sua estreia na nossa primeira edi\u00e7\u00e3o na neve e no gelo. Na \u00faltima etapa da F1, em Monza, Valtteri mais uma vez provou que \u00e9 um dos pilotos mais r\u00e1pidos do mundo. A Finl\u00e2ndia tem uma hist\u00f3ria de orgulho na Corrida dos Campe\u00f5es, e ser\u00e1 fascinante ver como vai se desenrolar a rivalidade esportiva entre a Finl\u00e2ndia e a Su\u00e9cia, que \u00e9 o pa\u00eds anfitri\u00e3o\u201d, complementou.<\/p>\n\n\n\n<p class=\"wp-block-paragraph\">A edi\u00e7\u00e3o que marca o retorno da Corrida dos Campe\u00f5es ter\u00e1 como tema a sustentabilidade, j\u00e1 que os carros inscritos para a competi\u00e7\u00e3o ser\u00e3o el\u00e9tricos ou movidos a combust\u00edveis renov\u00e1veis.<\/p>\n\n\n\n<figure class=\"wp-block-embed is-type-video is-provider-youtube wp-block-embed-youtube wp-embed-aspect-16-9 wp-has-aspect-ratio\"><div class=\"wp-block-embed__wrapper\">\n<iframe loading=\"lazy\" title=\"HAMILTON E VERSTAPPEN D\u00c3O INJE\u00c7\u00c3O DE \u00c2NIMO NO SONOLENTO GP DA R\u00daSSIA DE F1? | Paddock GP #257\" width=\"500\" height=\"281\" src=\"https:\/\/www.youtube.com\/embed\/x6pFA8Ii9_0?feature=oembed\" frameborder=\"0\" allow=\"accelerometer; autoplay; clipboard-write; encrypted-media; gyroscope; picture-in-picture; web-share\" referrerpolicy=\"strict-origin-when-cross-origin\" allowfullscreen><\/iframe>\n<\/div><figcaption>HAMILTON E VERSTAPPEN D\u00c3O INJE\u00c7\u00c3O DE \u00c2NIMO NO SONOLENTO GP DA R\u00daSSIA DE F1? | Paddock GP\u00a0#257<\/figcaption><\/figure>\n","protected":false},"excerpt":{"rendered":"<p>Valtteri Bottas vai participar pela primeira vez da Corrida dos Campe\u00f5es, que volta a ser disputada depois de tr\u00eas anos longe do calend\u00e1rio. A prova vai acontecer em Norrbotten, na Su\u00e9cia, cidade muito pr\u00f3xima ao C\u00edrculo Polar \u00c1rtico<\/p>\n","protected":false},"author":0,"featured_media":1000507631,"comment_status":"closed","ping_status":"closed","sticky":false,"template":"","format":"standard","meta":{"42wp_featured_image_caption":"","42wp_featured_image_credits":"","42wp_featured_video":"","42wp_featured_image_hidden":false,"42wp_authors_list":[],"footnotes":""},"categories":[2],"tags":[147,24837,24836,612],"42wp_author":[47110],"class_list":["post-117624","post","type-post","status-publish","format-standard","has-post-thumbnail","hentry","category-f1","tag-f1","tag-formula-1-2","tag-grande-premio-2","tag-valtteri-bottas","42wp_author-fernando-silva"],"_links":{"self":[{"href":"https:\/\/grandepremio.com\/br\/wp-json\/wp\/v2\/posts\/117624","targetHints":{"allow":["GET"]}}],"collection":[{"href":"https:\/\/grandepremio.com\/br\/wp-json\/wp\/v2\/posts"}],"about":[{"href":"https:\/\/grandepremio.com\/br\/wp-json\/wp\/v2\/types\/post"}],"replies":[{"embeddable":true,"href":"https:\/\/grandepremio.com\/br\/wp-json\/wp\/v2\/comments?post=117624"}],"version-history":[{"count":0,"href":"https:\/\/grandepremio.com\/br\/wp-json\/wp\/v2\/posts\/117624\/revisions"}],"wp:featuredmedia":[{"embeddable":true,"href":"https:\/\/grandepremio.com\/br\/wp-json\/wp\/v2\/media\/1000507631"}],"wp:attachment":[{"href":"https:\/\/grandepremio.com\/br\/wp-json\/wp\/v2\/media?parent=117624"}],"wp:term":[{"taxonomy":"category","embeddable":true,"href":"https:\/\/grandepremio.com\/br\/wp-json\/wp\/v2\/categories?post=117624"},{"taxonomy":"post_tag","embeddable":true,"href":"https:\/\/grandepremio.com\/br\/wp-json\/wp\/v2\/tags?post=117624"},{"taxonomy":"42wp_author","embeddable":true,"href":"https:\/\/grandepremio.com\/br\/wp-json\/wp\/v2\/42wp_author?post=117624"}],"curies":[{"name":"wp","href":"https:\/\/api.w.org\/{rel}","templated":true}]}}