{"id":117627,"date":"2021-09-21T06:58:10","date_gmt":"2021-09-21T09:58:10","guid":{"rendered":"https:\/\/grandepremio.com\/br\/noticias\/lucas-di-grassi-ganha-presente-de-despedida-estreia-dtm-audi-abt-2021\/"},"modified":"2021-09-21T08:01:34","modified_gmt":"2021-09-21T11:01:34","slug":"lucas-di-grassi-ganha-presente-de-despedida-estreia-dtm-audi-abt-2021","status":"publish","type":"post","link":"https:\/\/grandepremio.com\/br\/dtm\/lucas-di-grassi-ganha-presente-de-despedida-estreia-dtm-audi-abt-2021\/","title":{"rendered":"Di Grassi ganha \u201cpresente de despedida\u201d e estreia no DTM pela Audi Abt em 2021"},"content":{"rendered":"\n<figure class=\"wp-block-video\"><video class=\"video-js vjs-big-play-centered\" data-gp-vjs=\"1\" controls src=\"https:\/\/www.grandepremio.com\/br\/wp-content\/uploads\/2021\/09\/StockCarBatidaGoiania.mp4\"><\/video><figcaption>Imagens do forte acidente que marcou a largada da Stock Car em Goi\u00e2nia (V\u00eddeo: Stock Car)<\/figcaption><\/figure>\n\n\n\n<p class=\"wp-block-paragraph\">Lucas Di Grassi vai estrear no DTM nas duas \u00faltimas etapas da temporada 2021, em Hockenheim e Norisring, nos dois primeiros finais de semana de outubro. O piloto brasileiro foi convidado por Hans-J\u00fcrgen Abt para correr pela equipe, parceira da Audi, para marcar o fim de um ciclo, <a href=\"https:\/\/www.grandepremio.com\/br\/formula-e\/noticias\/lucas-di-grassi-assina-venturi-para-2021-22-e-adia-aposentadoria-na-formula-e\/\">j\u00e1 que Lucas vai correr pela Venturi na F\u00f3rmula E a partir de 2022<\/a>, uma vez que a marca de Ingolstadt decidiu se retirar da categoria dos carros el\u00e9tricos para focar no Dakar e tamb\u00e9m no novo projeto dos hipercarros para o Mundial de Endurance.<\/p>\n\n\n\n<p class=\"wp-block-paragraph\">Di Grassi tem uma liga\u00e7\u00e3o com a Audi que dura j\u00e1 dez anos. Neste per\u00edodo, foi um dos pilotos da marca das quatro argolas na classe LMP1 do Mundial de Endurance. Com a Audi, rumou para a F\u00f3rmula E, sendo Lucas um dos pilotos que participou de todas as provas do campeonato, em vigor desde 2014.<\/p>\n\n\n\n<p class=\"wp-block-paragraph\"><strong>\u25b6\ufe0f&nbsp;Inscreva-se nos dois canais do GRANDE PR\u00caMIO no YouTube:&nbsp;<a href=\"https:\/\/www.youtube.com\/channel\/UC9OlHEgxoaY6QY6nWPoiqQg?sub_confirmation=1\" target=\"_blank\" rel=\"noreferrer noopener\">GP<\/a>&nbsp;|&nbsp;<a href=\"https:\/\/www.youtube.com\/channel\/UC9csiS6q_C3C0FYhyr1rnFA?sub_confirmation=1\" target=\"_blank\" rel=\"noreferrer noopener\">GP2<\/a><\/strong><\/p>\n\n\n\n<figure class=\"wp-block-image size-large\"><img decoding=\"async\" src=\"https:\/\/www.grandepremio.com\/br\/wp-content\/uploads\/2021\/09\/AudiLucasDiGrassi-1024x683.jpg\" alt=\"LUCAS DI GRASSI; AUDI; AUDI ABT; DTM; DTM 2021;\" class=\"wp-image-511373\"\/><figcaption>Lucas Di Grassi vai pilotar no DTM carro de pintura id\u00eantica ao modelo que usou no t\u00edtulo da F\u00f3rmula E (Foto: Audi Abt)<\/figcaption><\/figure>\n\n\n\n<p class=\"wp-block-paragraph\">Na classe dos carros el\u00e9tricos, Di Grassi viveu seu apogeu em 2016 com a conquista do t\u00edtulo. No ano seguinte, a Audi assumiu de vez a opera\u00e7\u00e3o tocada at\u00e9 ent\u00e3o pela Abt, que por meio de Hans-J\u00fcrgen Abt, comanda a equipe do DTM, que nesta temporada conta com Kelvin Van der Linde, Mike Rockenfeller e Sophia Fl\u00f6rsch.<\/p>\n\n\n\n<p class=\"wp-block-paragraph\">O piloto j\u00e1 chegou a testar um carro da Audi no DTM em 2013, mas ser\u00e1 a primeira vez que Lucas vai competir na classe alem\u00e3, que a partir deste ano virou uma categoria para carros GT3.<\/p>\n\n\n\n<p class=\"wp-block-paragraph\">\u201cPor muito tempo, pensamos no que poder\u00edamos fazer por Lucas como um pequeno presente de despedida da F\u00f3rmula E e como permitir que nossa jornada continue\u201d, afirmou o dirigente alem\u00e3o.<\/p>\n\n\n\n<figure class=\"wp-block-image size-large\"><img decoding=\"async\" src=\"https:\/\/www.grandepremio.com\/br\/wp-content\/uploads\/2021\/08\/audi-lucasdigrassi-berlim1-01-1024x683.jpg\" alt=\"\" class=\"wp-image-499713\"\/><figcaption>Lucas Di Grassi conquistou t\u00edtulo e gl\u00f3rias com a Audi na F\u00f3rmula E (Foto: FIA F\u00f3rmula E)<\/figcaption><\/figure>\n\n\n\n<p class=\"wp-block-paragraph\">\u201cEnt\u00e3o, tivemos a ideia maluca de dar ao Lucas um fim de semana no DTM, que agora vai at\u00e9 se transformar em dois finais de semana, com um total de quatro corridas\u201d, destacou Abt.<\/p>\n\n\n\n<p class=\"wp-block-paragraph\">Lucas se disse lisonjeado com o convite. \u201cIsso \u00e9 t\u00edpico do Abt. Voc\u00ea raramente encontra uma rela\u00e7\u00e3o no esporte como esta no mundo de hoje. Junto com a Abt Sportsline, me diverti muito na F\u00f3rmula E e esperava at\u00e9 o final ficar com eles, mesmo depois da sa\u00edda da Audi da F\u00f3rmula E\u201d.<\/p>\n\n\n\n<p class=\"wp-block-paragraph\">\u201cAgora que isso n\u00e3o deu certo, estou super animado por continuarmos juntos nossa jornada por dois finais de semana no DTM. E isso tamb\u00e9m prova que h\u00e1 muito mais por vir no futuro\u201d, concluiu o piloto brasileiro.<\/p>\n\n\n\n<figure class=\"wp-block-embed is-type-video is-provider-youtube wp-block-embed-youtube wp-embed-aspect-16-9 wp-has-aspect-ratio\"><div class=\"wp-block-embed__wrapper\">\n<iframe loading=\"lazy\" title=\"HAMILTON E VERSTAPPEN D\u00c3O INJE\u00c7\u00c3O DE \u00c2NIMO NO SONOLENTO GP DA R\u00daSSIA DE F1? | Paddock GP #257\" width=\"500\" height=\"281\" src=\"https:\/\/www.youtube.com\/embed\/x6pFA8Ii9_0?feature=oembed\" frameborder=\"0\" allow=\"accelerometer; autoplay; clipboard-write; encrypted-media; gyroscope; picture-in-picture; web-share\" referrerpolicy=\"strict-origin-when-cross-origin\" allowfullscreen><\/iframe>\n<\/div><figcaption>HAMILTON E VERSTAPPEN D\u00c3O INJE\u00c7\u00c3O DE \u00c2NIMO NO SONOLENTO GP DA R\u00daSSIA DE F1? | Paddock GP #257<\/figcaption><\/figure>\n","protected":false},"excerpt":{"rendered":"<p>Lucas Di Grassi, que recentemente confirmou sua transfer\u00eancia para a Venturi para a pr\u00f3xima temporada da F\u00f3rmula E, vai disputar as etapas de Hockenheim e Norisring, as duas \u00faltimas do DTM na temporada 2021<\/p>\n","protected":false},"author":0,"featured_media":1000511373,"comment_status":"closed","ping_status":"closed","sticky":false,"template":"","format":"standard","meta":{"42wp_featured_image_caption":"","42wp_featured_image_credits":"","42wp_featured_video":"","42wp_featured_image_hidden":false,"42wp_authors_list":[],"footnotes":""},"categories":[13],"tags":[970,412,24836,966],"42wp_author":[47110],"class_list":["post-117627","post","type-post","status-publish","format-standard","has-post-thumbnail","hentry","category-dtm","tag-audi","tag-dtm","tag-grande-premio-2","tag-lucas-di-grassi","42wp_author-fernando-silva"],"_links":{"self":[{"href":"https:\/\/grandepremio.com\/br\/wp-json\/wp\/v2\/posts\/117627","targetHints":{"allow":["GET"]}}],"collection":[{"href":"https:\/\/grandepremio.com\/br\/wp-json\/wp\/v2\/posts"}],"about":[{"href":"https:\/\/grandepremio.com\/br\/wp-json\/wp\/v2\/types\/post"}],"replies":[{"embeddable":true,"href":"https:\/\/grandepremio.com\/br\/wp-json\/wp\/v2\/comments?post=117627"}],"version-history":[{"count":0,"href":"https:\/\/grandepremio.com\/br\/wp-json\/wp\/v2\/posts\/117627\/revisions"}],"wp:featuredmedia":[{"embeddable":true,"href":"https:\/\/grandepremio.com\/br\/wp-json\/wp\/v2\/media\/1000511373"}],"wp:attachment":[{"href":"https:\/\/grandepremio.com\/br\/wp-json\/wp\/v2\/media?parent=117627"}],"wp:term":[{"taxonomy":"category","embeddable":true,"href":"https:\/\/grandepremio.com\/br\/wp-json\/wp\/v2\/categories?post=117627"},{"taxonomy":"post_tag","embeddable":true,"href":"https:\/\/grandepremio.com\/br\/wp-json\/wp\/v2\/tags?post=117627"},{"taxonomy":"42wp_author","embeddable":true,"href":"https:\/\/grandepremio.com\/br\/wp-json\/wp\/v2\/42wp_author?post=117627"}],"curies":[{"name":"wp","href":"https:\/\/api.w.org\/{rel}","templated":true}]}}