{"id":117640,"date":"2021-09-20T09:50:25","date_gmt":"2021-09-20T12:50:25","guid":{"rendered":"https:\/\/grandepremio.com\/br\/noticias\/alain-prost-diz-odeia-grid-invertido-e-avisa-vou-embora-da-f1-se-tivermos-isso\/"},"modified":"2021-09-20T11:17:20","modified_gmt":"2021-09-20T14:17:20","slug":"alain-prost-diz-odeia-grid-invertido-e-avisa-vou-embora-da-f1-se-tivermos-isso","status":"publish","type":"post","link":"https:\/\/grandepremio.com\/br\/f1\/alain-prost-diz-odeia-grid-invertido-e-avisa-vou-embora-da-f1-se-tivermos-isso\/","title":{"rendered":"Prost diz que \u201codeia\u201d grid invertido e avisa: \u201cVou embora da F1 se tivermos isso\u201d"},"content":{"rendered":"\n<figure class=\"wp-block-video\"><video class=\"video-js vjs-big-play-centered\" data-gp-vjs=\"1\" controls src=\"https:\/\/www.grandepremio.com\/br\/wp-content\/uploads\/2021\/09\/Acidente_Grosjean.mp4\"><\/video><figcaption>Romain Grosjean acerta muro durante exibi\u00e7\u00e3o com pace-car da Indy em Laguna Seca (Foto: Reprodu\u00e7\u00e3o\/Romain Grosjean)<\/figcaption><\/figure>\n\n\n\n<p class=\"wp-block-paragraph\">Alain Prost est\u00e1 aberto a mudan\u00e7as na F\u00f3rmula 1, mas tudo tem limite. No caso do tetracampe\u00e3o, \u00e9 a proposta de invers\u00e3o de grid: o franc\u00eas avisa que, caso a ideia vire realidade, a solu\u00e7\u00e3o vai ser abandonar o posto de diretor n\u00e3o-executivo da Alpine e virar as costas para a categoria.<\/p>\n\n\n\n<p class=\"wp-block-paragraph\">O argumento de Prost \u00e9 que n\u00e3o vale a pena romper com algumas tradi\u00e7\u00f5es. No caso, o esp\u00edrito de um esporte que premia os melhores precisa ser mantido, sem inverter grid em nome do entretenimento.<\/p>\n\n\n\n<p class=\"wp-block-paragraph\">\u201cEu gosto muito de testar coisas novas, mas voc\u00ea precisa entender qual \u00e9 o motivo por tr\u00e1s dessas decis\u00f5es\u201d, disse Prost. \u201cA F\u00f3rmula 1 precisa seguir tradicional, com tecnologia, sendo o \u00e1pice do esporte a motor. Precisamos entender que a melhor equipe vai vencer por ser a melhor, esse \u00e9 o esp\u00edrito da F\u00f3rmula 1. A ideia do grid invertido \u00e9 algo que eu odeio. Eu odeio. Eu acho que iria embora se tivermos isso de grid invertido. Acho que \u00e9 a pior ideia poss\u00edvel. Prefiro que uma equipe domine, porque eles v\u00e3o ter feito o trabalho necess\u00e1rio. Eu sou aberto, mas sou tradicionalista\u201d, destacou.<\/p>\n\n\n\n<p class=\"wp-block-paragraph\"><strong>\u25b6\ufe0f&nbsp;Inscreva-se nos dois canais do GRANDE PR\u00caMIO no YouTube:&nbsp;<a href=\"https:\/\/www.youtube.com\/channel\/UC9OlHEgxoaY6QY6nWPoiqQg?sub_confirmation=1\" target=\"_blank\" rel=\"noreferrer noopener\">GP<\/a>&nbsp;|&nbsp;<a href=\"https:\/\/www.youtube.com\/channel\/UC9csiS6q_C3C0FYhyr1rnFA?sub_confirmation=1\" target=\"_blank\" rel=\"noreferrer noopener\">GP2<\/a><\/strong><\/p>\n\n\n\n<figure class=\"wp-block-image size-large\"><img decoding=\"async\" src=\"https:\/\/www.grandepremio.com\/br\/wp-content\/uploads\/2014\/04\/2018623175237_beto8396_DMa.jpg\" alt=\"\" class=\"wp-image-330298\"\/><figcaption>Alain Prost simplesmente odeia o conceito de invers\u00e3o de grid (Foto: Reprodu\u00e7\u00e3o)<\/figcaption><\/figure>\n\n\n\n<p class=\"wp-block-paragraph\">Em contrapartida, Alain entende que alguns ajustes s\u00e3o necess\u00e1rios. O exemplo do franc\u00eas \u00e9 a s\u00e9rie de mudan\u00e7as no sistema de pontua\u00e7\u00e3o, que passou a contemplar os dez primeiros ap\u00f3s d\u00e9cadas de premia\u00e7\u00e3o apenas ao top-6.<\/p>\n\n\n\n<p class=\"wp-block-paragraph\">\u201cEu lembro que em 1982 n\u00f3s todos terminamos umas cinco corridas no ano inteiro porque a confiabilidade dos carros era muito ruim. A confiabilidade hoje \u00e9 fant\u00e1stica. Se voc\u00ea ainda tivesse o formato de seis primeiros conseguindo pontos, algumas equipes nunca teriam pontos. Voc\u00ea precisa fazer ajustes de alguma forma\u201d, comentou.<\/p>\n\n\n\n<p class=\"wp-block-paragraph\">A ideia do grid invertido foi debatida nos \u00faltimos anos, mas n\u00e3o avan\u00e7ou. A alternativa encontrada pela F1 foi a <strong><a href=\"https:\/\/www.grandepremio.com\/br\/f1\/noticias\/gp-as-10-corrida-sprint-cumpre-promessa-anima-sabado-da-f1\/\">corrida de classifica\u00e7\u00e3o<\/a><\/strong>, testada em tr\u00eas GPs de 2021. A proposta faz parte dos esfor\u00e7os da gest\u00e3o da categoria de variar formatos e apelar a uma nova gera\u00e7\u00e3o de f\u00e3s.<\/p>\n","protected":false},"excerpt":{"rendered":"<p>Alain Prost, tetracampe\u00e3o da F1 e diretor n\u00e3o-executivo da Alpine, pensa como algu\u00e9m \u201caberto, mas tradicionalista\u201d. \u00c9 por isso que o franc\u00eas manifesta repulsa \u00e0 ideia do grid invertido <\/p>\n","protected":false},"author":0,"featured_media":0,"comment_status":"closed","ping_status":"closed","sticky":false,"template":"","format":"standard","meta":{"42wp_featured_image_caption":"","42wp_featured_image_credits":"","42wp_featured_video":"","42wp_featured_image_hidden":false,"42wp_authors_list":[],"footnotes":""},"categories":[2],"tags":[1189,20491,24928,156,24837,512,714],"42wp_author":[47118],"class_list":["post-117640","post","type-post","status-publish","format-standard","hentry","category-f1","tag-alain-prost","tag-alpine","tag-corrida-de-classificacao","tag-f1-2021","tag-formula-1-2","tag-grid-invertido","tag-liberty-media","42wp_author-vitor-fazio"],"_links":{"self":[{"href":"https:\/\/grandepremio.com\/br\/wp-json\/wp\/v2\/posts\/117640","targetHints":{"allow":["GET"]}}],"collection":[{"href":"https:\/\/grandepremio.com\/br\/wp-json\/wp\/v2\/posts"}],"about":[{"href":"https:\/\/grandepremio.com\/br\/wp-json\/wp\/v2\/types\/post"}],"replies":[{"embeddable":true,"href":"https:\/\/grandepremio.com\/br\/wp-json\/wp\/v2\/comments?post=117640"}],"version-history":[{"count":0,"href":"https:\/\/grandepremio.com\/br\/wp-json\/wp\/v2\/posts\/117640\/revisions"}],"wp:attachment":[{"href":"https:\/\/grandepremio.com\/br\/wp-json\/wp\/v2\/media?parent=117640"}],"wp:term":[{"taxonomy":"category","embeddable":true,"href":"https:\/\/grandepremio.com\/br\/wp-json\/wp\/v2\/categories?post=117640"},{"taxonomy":"post_tag","embeddable":true,"href":"https:\/\/grandepremio.com\/br\/wp-json\/wp\/v2\/tags?post=117640"},{"taxonomy":"42wp_author","embeddable":true,"href":"https:\/\/grandepremio.com\/br\/wp-json\/wp\/v2\/42wp_author?post=117640"}],"curies":[{"name":"wp","href":"https:\/\/api.w.org\/{rel}","templated":true}]}}