{"id":117727,"date":"2021-09-17T11:32:26","date_gmt":"2021-09-17T14:32:26","guid":{"rendered":"https:\/\/grandepremio.com\/br\/noticias\/fia-cancela-etapa-mundial-kart-brasil-restricoes-impostas-covid-19\/"},"modified":"2021-09-17T12:27:08","modified_gmt":"2021-09-17T15:27:08","slug":"fia-cancela-etapa-mundial-kart-brasil-restricoes-impostas-covid-19","status":"publish","type":"post","link":"https:\/\/grandepremio.com\/br\/kart\/fia-cancela-etapa-mundial-kart-brasil-restricoes-impostas-covid-19\/","title":{"rendered":"FIA cancela etapa do Mundial de Kart no Brasil por restri\u00e7\u00f5es impostas pela Covid-19"},"content":{"rendered":"\n<figure class=\"wp-block-embed is-type-video is-provider-youtube wp-block-embed-youtube wp-embed-aspect-16-9 wp-has-aspect-ratio\"><div class=\"wp-block-embed__wrapper\">\n<iframe loading=\"lazy\" title=\"VETTEL FICA NA ASTON MARTIN + AS \u00daLTIMAS DE HAMILTON x VERSTAPPEN NA F1 2021 | GP \u00e0s 10\" width=\"500\" height=\"281\" src=\"https:\/\/www.youtube.com\/embed\/BRlsObFGMTU?feature=oembed\" frameborder=\"0\" allow=\"accelerometer; autoplay; clipboard-write; encrypted-media; gyroscope; picture-in-picture; web-share\" referrerpolicy=\"strict-origin-when-cross-origin\" allowfullscreen><\/iframe>\n<\/div><figcaption>VETTEL FICA NA ASTON MARTIN + AS \u00daLTIMAS DE HAMILTON x VERSTAPPEN NA F1 2021 | GP \u00e0s 10<\/figcaption><\/figure>\n\n\n\n<p class=\"wp-block-paragraph\">A FIA resolveu cancelar a etapa brasileira do Campeonato Mundial de Kart, que estava marcada para os dias 2-5 de dezembro em Birig\u00fci, no interior de S\u00e3o Paulo. O an\u00fancio foi feito na manh\u00e3 desta sexta-feira (17) e conta com a justificativa de toda a dificuldade relacionada \u00e0 pandemia do novo coronav\u00edrus e as restri\u00e7\u00f5es de locomo\u00e7\u00e3o que dificultam as viagens internacionais pelo mundo.<\/p>\n\n\n\n<p class=\"wp-block-paragraph\"><strong><strong>\u25b6\ufe0f\u00a0Inscreva-se nos dois canais do GRANDE PR\u00caMIO no YouTube:\u00a0<a href=\"https:\/\/www.youtube.com\/channel\/UC9OlHEgxoaY6QY6nWPoiqQg?sub_confirmation=1\" target=\"_blank\" rel=\"noreferrer noopener\">GP<\/a>\u00a0|\u00a0<a href=\"https:\/\/www.youtube.com\/channel\/UC9csiS6q_C3C0FYhyr1rnFA?sub_confirmation=1\" target=\"_blank\" rel=\"noreferrer noopener\">GP2<\/a><\/strong><\/strong><\/p>\n\n\n\n<p class=\"wp-block-paragraph\">O evento j\u00e1 havia sido mudado de data: inicialmente, estava marcado para os \u00faltimos dias de outubro e foi passado para dezembro justamente para esperar que a situa\u00e7\u00e3o ganhasse contornos de normalidade. <\/p>\n\n\n\n<p class=\"wp-block-paragraph\">As f\u00e1bricas e as equipes do campeonato n\u00e3o queriam vir ao Brasil. A Tony Kart &#8211; a l\u00edder do movimento &#8211; fez com que Parolin, CRG, Exprit, Kosmic, OTK, Birel, Energy Corse, Lennox, RFM e OTK assinassem uma carta no fim de julho, \u00e0 qual o <strong>GRANDE PR\u00caMIO<\/strong> teve acesso, informando da decis\u00e3o de n\u00e3o participarem da etapa em Birig\u00fci. O motivo, oficialmente, era a pandemia e a dificuldade de organiza\u00e7\u00e3o.<\/p>\n\n\n\n<p class=\"wp-block-paragraph\">Dias depois, o presidente da FIA, Jean Todt, e o presidente da Comiss\u00e3o de Kart, Felipe Massa, haviam reiterado que a etapa n\u00e3o seria cancelada.<\/p>\n\n\n\n<p class=\"wp-block-paragraph\">Em compasso de espera, as f\u00e1bricas aguardaram at\u00e9 a \u00faltima quarta-feira, dia 15, pelo encerramento das inscri\u00e7\u00f5es na certeza de a organiza\u00e7\u00e3o da prova n\u00e3o seria feita sem aux\u00edlio dos promotores europeus e que o grid m\u00ednimo de 20 pilotos para cada uma das divis\u00f5es (OK e OK Jr) n\u00e3o seria atingido. O <strong>GP<\/strong> soube que as divis\u00f5es alcan\u00e7aram a meta apenas com os participantes inscritos no Brasil.<\/p>\n\n\n\n<figure class=\"wp-block-image size-large\"><img decoding=\"async\" src=\"https:\/\/www.grandepremio.com\/br\/wp-content\/uploads\/2014\/07\/2019319150729_1592_DMa.jpg\" alt=\"\" class=\"wp-image-323346\"\/><figcaption>N\u00e3o \u00e9 dessa vez que o Mundial de Kart vem ao Brasil. Na imagem, a Copa GP de Kart em 2019 (Foto: GRANDE PR\u00caMIO)<\/figcaption><\/figure>\n\n\n\n<p class=\"wp-block-paragraph\">A CBA e o Speed Park, organizadores do evento, esperavam para esta sexta-feira a divulga\u00e7\u00e3o da lista oficial dos participantes, juntando \u00e0s inscri\u00e7\u00f5es dos pilotos dos estrangeiros &#8211; que ainda eram de desconhecimento da entidade brasileira. Acabaram recebendo da FIA, com surpresa, o comunicado do cancelamento via imprensa.<\/p>\n\n\n\n<p class=\"wp-block-paragraph\">\u201c\u00c9 com grande tristeza que temos de cancelar a etapa do Campeonato do Mundo em Birig\u00fci. A situa\u00e7\u00e3o global causada pela pandemia da Covid-19 torna a etapa imposs\u00edvel de acontecer aonde quer\u00edamos ir, disse Massa.<\/p>\n\n\n\n<p class=\"wp-block-paragraph\">&#8220;Gostaria de agradecer pessoalmente ao organizador local Speed Park e \u00e0 equipe da CBA pelo empenho e trabalho \u00e1rduo at\u00e9 o momento e estamos ansiosos para trabalhar junto com eles para desenvolver o FIA Karting no Brasil&#8221;, finalizou.<\/p>\n\n\n\n<p class=\"wp-block-paragraph\">A entidade informa que o evento, que serviria como decis\u00e3o do Campeonato Mundial, ser\u00e1 substitu\u00eddo e levado de volta \u00e0 data original: 29-31 de outubro. Embora o local ainda n\u00e3o tenha sido definido, a FIA informou que ser\u00e1 em algum kart\u00f3dromo da Espanha.<\/p>\n\n\n\n<p class=\"wp-block-paragraph\">O GP de S\u00e3o Paulo de F1, que \u00e9 evento FIA, segue marcado no Brasil para os dias 12-14 de novembro em Interlagos &#8211; tr\u00eas semanas, portanto, antes da data prevista para a etapa cancelada do kart. O pa\u00eds segue com restri\u00e7\u00f5es para quem vem do Reino Unido, impondo uma quarentena de 14 dias.<\/p>\n\n\n\n<p class=\"wp-block-paragraph\"><strong>Ainda nem d\u00e1 para saber se mart\u00edrio acabou, mas Ricciardo <a href=\"https:\/\/www.grandepremio.com\/br\/f1\/noticias\/ainda-nem-saber-martirio-acabou-daniel-ricciardo-lembrete-quem-e\/\">deu lembrete de quem \u00e9<\/a><br>Conhe\u00e7a o canal do Grande Pr\u00eamio no YouTube! Clique\u00a0<a target=\"_blank\" href=\"https:\/\/youtube.com\/GrandePremioTV\" rel=\"noreferrer noopener\">aqui<\/a>.<\/strong><br><strong>Siga o Grande Pr\u00eamio no\u00a0<a target=\"_blank\" href=\"https:\/\/twitter.com\/grandepremio\" rel=\"noreferrer noopener\">Twitter\u00a0<\/a>e no\u00a0<a target=\"_blank\" href=\"https:\/\/instagram.com\/grandepremio\" rel=\"noreferrer noopener\">Instagram<\/a>!<\/strong><\/p>\n\n\n\n<figure class=\"wp-block-embed is-type-video is-provider-youtube wp-block-embed-youtube wp-embed-aspect-16-9 wp-has-aspect-ratio\"><div class=\"wp-block-embed__wrapper\">\n<iframe loading=\"lazy\" title=\"FERRARI FAZ TESTE PRIVADO NA F1: MAS PODE? E O QUE ELA AVALIOU \u00c0S ESCONDIDAS? | GP \u00e0s 10\" width=\"500\" height=\"281\" src=\"https:\/\/www.youtube.com\/embed\/xJPZIHkX7uk?feature=oembed\" frameborder=\"0\" allow=\"accelerometer; autoplay; clipboard-write; encrypted-media; gyroscope; picture-in-picture; web-share\" referrerpolicy=\"strict-origin-when-cross-origin\" allowfullscreen><\/iframe>\n<\/div><figcaption>FERRARI FAZ TESTE PRIVADO NA F1: MAS PODE? E O QUE ELA AVALIOU \u00c0S ESCONDIDAS? | GP \u00e0s 10<\/figcaption><\/figure>\n","protected":false},"excerpt":{"rendered":"<p>An\u00fancio da FIA foi feito na manh\u00e3 desta sexta-feira (17). Evento estava marcado para o come\u00e7o de dezembro e seria realizado em Birig\u00fci, no interior de S\u00e3o Paulo<\/p>\n","protected":false},"author":0,"featured_media":0,"comment_status":"closed","ping_status":"closed","sticky":false,"template":"","format":"standard","meta":{"42wp_featured_image_caption":"","42wp_featured_image_credits":"","42wp_featured_video":"","42wp_featured_image_hidden":false,"42wp_authors_list":[],"footnotes":""},"categories":[6],"tags":[2237,26680,502,3262],"42wp_author":[47120],"class_list":["post-117727","post","type-post","status-publish","format-standard","hentry","category-kart","tag-f1-no-brasil","tag-gp-de-sao-paulo","tag-gp-do-brasil","tag-mundial-de-kart","42wp_author-pedro-henrique-marum"],"_links":{"self":[{"href":"https:\/\/grandepremio.com\/br\/wp-json\/wp\/v2\/posts\/117727","targetHints":{"allow":["GET"]}}],"collection":[{"href":"https:\/\/grandepremio.com\/br\/wp-json\/wp\/v2\/posts"}],"about":[{"href":"https:\/\/grandepremio.com\/br\/wp-json\/wp\/v2\/types\/post"}],"replies":[{"embeddable":true,"href":"https:\/\/grandepremio.com\/br\/wp-json\/wp\/v2\/comments?post=117727"}],"version-history":[{"count":0,"href":"https:\/\/grandepremio.com\/br\/wp-json\/wp\/v2\/posts\/117727\/revisions"}],"wp:attachment":[{"href":"https:\/\/grandepremio.com\/br\/wp-json\/wp\/v2\/media?parent=117727"}],"wp:term":[{"taxonomy":"category","embeddable":true,"href":"https:\/\/grandepremio.com\/br\/wp-json\/wp\/v2\/categories?post=117727"},{"taxonomy":"post_tag","embeddable":true,"href":"https:\/\/grandepremio.com\/br\/wp-json\/wp\/v2\/tags?post=117727"},{"taxonomy":"42wp_author","embeddable":true,"href":"https:\/\/grandepremio.com\/br\/wp-json\/wp\/v2\/42wp_author?post=117727"}],"curies":[{"name":"wp","href":"https:\/\/api.w.org\/{rel}","templated":true}]}}