{"id":117766,"date":"2021-09-15T16:35:21","date_gmt":"2021-09-15T19:35:21","guid":{"rendered":"https:\/\/grandepremio.com\/br\/noticias\/tt-gp-30-grande-premio-assiste-reage-documentario-sobre-michael-schumacher\/"},"modified":"2021-09-15T16:35:27","modified_gmt":"2021-09-15T19:35:27","slug":"tt-gp-30-grande-premio-assiste-reage-documentario-sobre-michael-schumacher","status":"publish","type":"post","link":"https:\/\/grandepremio.com\/br\/f1\/tt-gp-30-grande-premio-assiste-reage-documentario-sobre-michael-schumacher\/","title":{"rendered":"TT GP #30: GRANDE PR\u00caMIO assiste e reage ao document\u00e1rio sobre Michael Schumacher"},"content":{"rendered":"\n<p class=\"wp-block-paragraph\">Quando se pensa em F\u00f3rmula 1 do S\u00e9culo XXI, \u00e9 imposs\u00edvel n\u00e3o lembrar de Michael Schumacher. O heptacampe\u00e3o mundial conseguiu se colocar como um dos maiores nomes de todos os tempos do esporte. Quase uma d\u00e9cada ap\u00f3s o fim da carreira dele no cockpit, a Netflix lan\u00e7a o document\u00e1rio &#8216;Schumacher&#8217; nesta quarta-feira (14). E o <strong>GRANDE PR\u00caMIO<\/strong> aproveita para assistir e reagir ao filme durante o TT GP #30.<\/p>\n\n\n\n<p class=\"wp-block-paragraph\"><strong><strong>\u25b6\ufe0f\u00a0Inscreva-se nos dois canais do GRANDE PR\u00caMIO no YouTube:\u00a0<a href=\"https:\/\/www.youtube.com\/channel\/UC9OlHEgxoaY6QY6nWPoiqQg?sub_confirmation=1\" target=\"_blank\" rel=\"noreferrer noopener\">GP<\/a>\u00a0|\u00a0<a href=\"https:\/\/www.youtube.com\/channel\/UC9csiS6q_C3C0FYhyr1rnFA?sub_confirmation=1\" target=\"_blank\" rel=\"noreferrer noopener\">GP2<\/a><\/strong><br><strong><a href=\"https:\/\/www.grandepremio.com\/br\/f1\/noticias\/ataque-defesa-red-bull-mercedes-mostram-diferenca-tambem-gestao-de-crise\/\">Ataque x defesa:<\/a> Red Bull e Mercedes mostram diferen\u00e7a tamb\u00e9m em gest\u00e3o de crise<\/strong><\/strong><\/p>\n\n\n\n<p class=\"wp-block-paragraph\">O document\u00e1rio conta com o aval da fam\u00edlia Schumacher, que d\u00e1 depoimentos ao longo da pe\u00e7a. Em pauta, a carreira desde a juventude, a escalada na F\u00f3rmula 1, os t\u00edtulos de Benetton, a ida para a Ferrari e o dom\u00ednio total de vermelho, al\u00e9m do retorno com a Mercedes. Pela primeira vez, h\u00e1 declara\u00e7\u00f5es tamb\u00e9m sobre o estado de sa\u00fade de Michael, recluso desde o acidente de esqui que sofreu nos alpes franceses.<\/p>\n\n\n\n<p class=\"wp-block-paragraph\">O TT GP \u00e9 apresentado como de costume por Pedro Henrique Marum e conta com os coment\u00e1rios de Renato Ribeiro e Guilherme Bloisi.<\/p>\n\n\n\n<figure class=\"wp-block-embed is-type-video is-provider-youtube wp-block-embed-youtube wp-embed-aspect-16-9 wp-has-aspect-ratio\"><div class=\"wp-block-embed__wrapper\">\n<iframe loading=\"lazy\" title=\"&amp;apos;SCHUMACHER&amp;apos;: GRANDE PR\u00caMIO ASSISTE E FAZ REACT DO DOCUMENT\u00c1RIO DA NETFLIX | TT GP\" width=\"500\" height=\"281\" src=\"https:\/\/www.youtube.com\/embed\/yi8q0exCsCo?feature=oembed\" frameborder=\"0\" allow=\"accelerometer; autoplay; clipboard-write; encrypted-media; gyroscope; picture-in-picture; web-share\" referrerpolicy=\"strict-origin-when-cross-origin\" allowfullscreen><\/iframe>\n<\/div><figcaption>GRANDE PR\u00caMIO ASSISTE E REAGE AO DOCUMENT\u00c1RIO SOBRE MICHAEL SCHUMACHER | TT GP<\/figcaption><\/figure>\n\n\n\n<p class=\"wp-block-paragraph\"><strong>Conhe\u00e7a o canal do Grande Pr\u00eamio no YouTube! Clique\u00a0<a target=\"_blank\" href=\"https:\/\/youtube.com\/GrandePremioTV\" rel=\"noreferrer noopener\">aqui<\/a>.<\/strong><br><strong>Siga o Grande Pr\u00eamio no\u00a0<a target=\"_blank\" href=\"https:\/\/twitter.com\/grandepremio\" rel=\"noreferrer noopener\">Twitter\u00a0<\/a>e no\u00a0<a target=\"_blank\" href=\"https:\/\/instagram.com\/grandepremio\" rel=\"noreferrer noopener\">Instagram<\/a>!<\/strong><\/p>\n","protected":false},"excerpt":{"rendered":"<p>Na 30\u00aa edi\u00e7\u00e3o, TT GP para para assistir e reagir ao document\u00e1rio &#8216;Schumacher&#8217;, lan\u00e7ado nesta quarta-feira (15) pela Netflix<\/p>\n","protected":false},"author":0,"featured_media":1000509337,"comment_status":"closed","ping_status":"closed","sticky":false,"template":"","format":"standard","meta":{"42wp_featured_image_caption":"","42wp_featured_image_credits":"","42wp_featured_video":"","42wp_featured_image_hidden":false,"42wp_authors_list":[],"footnotes":""},"categories":[2],"tags":[817,156,25536,24836,28285,758,1295],"42wp_author":[47120],"class_list":["post-117766","post","type-post","status-publish","format-standard","has-post-thumbnail","hentry","category-f1","tag-acidente-schumacher","tag-f1-2021","tag-formula-1-2021-2","tag-grande-premio-2","tag-grandepremio","tag-michael-schumacher","tag-schumacher","42wp_author-pedro-henrique-marum"],"_links":{"self":[{"href":"https:\/\/grandepremio.com\/br\/wp-json\/wp\/v2\/posts\/117766","targetHints":{"allow":["GET"]}}],"collection":[{"href":"https:\/\/grandepremio.com\/br\/wp-json\/wp\/v2\/posts"}],"about":[{"href":"https:\/\/grandepremio.com\/br\/wp-json\/wp\/v2\/types\/post"}],"replies":[{"embeddable":true,"href":"https:\/\/grandepremio.com\/br\/wp-json\/wp\/v2\/comments?post=117766"}],"version-history":[{"count":0,"href":"https:\/\/grandepremio.com\/br\/wp-json\/wp\/v2\/posts\/117766\/revisions"}],"wp:featuredmedia":[{"embeddable":true,"href":"https:\/\/grandepremio.com\/br\/wp-json\/wp\/v2\/media\/1000509337"}],"wp:attachment":[{"href":"https:\/\/grandepremio.com\/br\/wp-json\/wp\/v2\/media?parent=117766"}],"wp:term":[{"taxonomy":"category","embeddable":true,"href":"https:\/\/grandepremio.com\/br\/wp-json\/wp\/v2\/categories?post=117766"},{"taxonomy":"post_tag","embeddable":true,"href":"https:\/\/grandepremio.com\/br\/wp-json\/wp\/v2\/tags?post=117766"},{"taxonomy":"42wp_author","embeddable":true,"href":"https:\/\/grandepremio.com\/br\/wp-json\/wp\/v2\/42wp_author?post=117766"}],"curies":[{"name":"wp","href":"https:\/\/api.w.org\/{rel}","templated":true}]}}