{"id":117769,"date":"2021-09-15T14:50:25","date_gmt":"2021-09-15T17:50:25","guid":{"rendered":"https:\/\/grandepremio.com\/br\/noticias\/indy-nascar-confirmam-nova-dobradinha-no-misto-de-indianapolis-em-2022\/"},"modified":"2021-09-15T14:50:30","modified_gmt":"2021-09-15T17:50:30","slug":"indy-nascar-confirmam-nova-dobradinha-no-misto-de-indianapolis-em-2022","status":"publish","type":"post","link":"https:\/\/grandepremio.com\/br\/indy\/indy-nascar-confirmam-nova-dobradinha-no-misto-de-indianapolis-em-2022\/","title":{"rendered":"Indy e Nascar confirmam nova \u2018dobradinha\u2019 no misto de Indian\u00e1polis em 2022"},"content":{"rendered":"\n<figure class=\"wp-block-video\"><video class=\"video-js vjs-big-play-centered\" data-gp-vjs=\"1\" controls src=\"https:\/\/www.grandepremio.com\/br\/wp-content\/uploads\/2021\/09\/NewMoves-coming-very-soon-Over-50-of-the-construction-works-have-been-completed.-And-the-New-Moves-of-the-2021-AbuDhabiGP-are-starting-to-co.mp4\"><\/video><figcaption>Confira a evolu\u00e7\u00e3o das obras em Abu Dhabi (V\u00eddeo: Reprodu\u00e7\u00e3o)<\/figcaption><\/figure>\n\n\n\n<p class=\"wp-block-paragraph\">Nascar e Indy seguem lado a lado em 2022. Pelo menos na \u00faltima semana de julho: a categoria de stock cars divulgou o calend\u00e1rio da pr\u00f3xima temporada nesta quarta-feira (15), confirmando que volta a ter um fim de semana compartilhado com o certame de monopostos no misto de Indian\u00e1polis.<\/p>\n\n\n\n<p class=\"wp-block-paragraph\">O formato \u00e9 o mesmo visto em 2021. A Indy realiza o GP de Indian\u00e1polis no s\u00e1bado, 30 de julho, e a Nascar vem no domingo com uma corrida de 200 milhas. A diferen\u00e7a \u00e9 a data, j\u00e1 que na temporada vigente as provas foram realizadas em agosto.<\/p>\n\n\n\n<p class=\"wp-block-paragraph\"><strong><a href=\"https:\/\/www.grandepremio.com\/br\/indy\/noticias\/na-garagem-alex-zanardi-perde-duas-pernas-acidente-prova-indy-alemanha\/\">+ Na Garagem: Zanardi perde as duas pernas ap\u00f3s acidente em prova da Indy na Alemanha<\/a><\/strong><\/p>\n\n\n\n<figure class=\"wp-block-image size-large\"><img decoding=\"async\" src=\"https:\/\/www.grandepremio.com\/br\/wp-content\/uploads\/2021\/08\/Indy-1-1024x682.jpg\" alt=\"\" class=\"wp-image-499309\"\/><figcaption>Indian\u00e1polis foi palco de um bom experimento em 2021 (Foto: IndyCar)<\/figcaption><\/figure>\n\n\n\n<p class=\"wp-block-paragraph\">A novidade caiu no gosto da Indy e da Nascar, categoria que teve momentos de s\u00e9ria rivalidade no passado recente. Mesmo que as respectivas gest\u00f5es n\u00e3o se gostem muito, equipes e pilotos pareceram satisfeitos com um raro interc\u00e2mbio entre os dois estilos de esporte a motor.<\/p>\n\n\n\n<p class=\"wp-block-paragraph\">Da parte da Nascar, entretanto, ainda h\u00e1 necessidade de ajustes. A categoria sofreu com as zebras do misto de Indian\u00e1polis, principalmente na chicane das curvas 5 e 6. O equipamento se soltou nas voltas finais da corrida e causou uma s\u00e9rie de acidentes e longos per\u00edodos de bandeira vermelha. A confus\u00e3o abriu caminho para uma vit\u00f3ria inesperada de AJ Allmendinger.<\/p>\n\n\n\n<p class=\"wp-block-paragraph\">O calend\u00e1rio da Nascar, por sinal, \u00e9 cheio de surpresas. A maior dela \u00e9 a realiza\u00e7\u00e3o do Clash, corrida de exibi\u00e7\u00e3o \u00e0s v\u00e9speras da Daytona 500, em um est\u00e1dio. O LA Coliseum, constru\u00eddo para as Olimp\u00edadas de 1928, ser\u00e1 readaptado para receber uma corrida de carros pela primeira vez.<\/p>\n\n\n\n<p class=\"wp-block-paragraph\"><strong>\u25b6\ufe0f\u00a0Inscreva-se nos dois canais do GRANDE PR\u00caMIO no YouTube:\u00a0<a href=\"https:\/\/www.youtube.com\/channel\/UC9OlHEgxoaY6QY6nWPoiqQg?sub_confirmation=1\" target=\"_blank\" rel=\"noreferrer noopener\">GP<\/a>\u00a0|\u00a0<a href=\"https:\/\/www.youtube.com\/channel\/UC9csiS6q_C3C0FYhyr1rnFA?sub_confirmation=1\" target=\"_blank\" rel=\"noreferrer noopener\">GP2<\/a><\/strong><\/p>\n","protected":false},"excerpt":{"rendered":"<p>O experimento conjunto de Indy e Nascar se repetir\u00e1 em 2022. As categorias voltam a correr na mesma pista, o misto de Indian\u00e1polis, no \u00faltimo fim de semana de julho<\/p>\n","protected":false},"author":0,"featured_media":1000499864,"comment_status":"closed","ping_status":"closed","sticky":false,"template":"","format":"standard","meta":{"42wp_featured_image_caption":"","42wp_featured_image_credits":"","42wp_featured_video":"","42wp_featured_image_hidden":false,"42wp_authors_list":[],"footnotes":""},"categories":[3],"tags":[24893,24881,5601,411,26326],"42wp_author":[47118],"class_list":["post-117769","post","type-post","status-publish","format-standard","has-post-thumbnail","hentry","category-indy","tag-calendario","tag-formula-indy-2","tag-indy-2021","tag-nascar","tag-nascar-2021","42wp_author-vitor-fazio"],"_links":{"self":[{"href":"https:\/\/grandepremio.com\/br\/wp-json\/wp\/v2\/posts\/117769","targetHints":{"allow":["GET"]}}],"collection":[{"href":"https:\/\/grandepremio.com\/br\/wp-json\/wp\/v2\/posts"}],"about":[{"href":"https:\/\/grandepremio.com\/br\/wp-json\/wp\/v2\/types\/post"}],"replies":[{"embeddable":true,"href":"https:\/\/grandepremio.com\/br\/wp-json\/wp\/v2\/comments?post=117769"}],"version-history":[{"count":0,"href":"https:\/\/grandepremio.com\/br\/wp-json\/wp\/v2\/posts\/117769\/revisions"}],"wp:featuredmedia":[{"embeddable":true,"href":"https:\/\/grandepremio.com\/br\/wp-json\/wp\/v2\/media\/1000499864"}],"wp:attachment":[{"href":"https:\/\/grandepremio.com\/br\/wp-json\/wp\/v2\/media?parent=117769"}],"wp:term":[{"taxonomy":"category","embeddable":true,"href":"https:\/\/grandepremio.com\/br\/wp-json\/wp\/v2\/categories?post=117769"},{"taxonomy":"post_tag","embeddable":true,"href":"https:\/\/grandepremio.com\/br\/wp-json\/wp\/v2\/tags?post=117769"},{"taxonomy":"42wp_author","embeddable":true,"href":"https:\/\/grandepremio.com\/br\/wp-json\/wp\/v2\/42wp_author?post=117769"}],"curies":[{"name":"wp","href":"https:\/\/api.w.org\/{rel}","templated":true}]}}