{"id":117779,"date":"2021-09-15T07:24:44","date_gmt":"2021-09-15T10:24:44","guid":{"rendered":"https:\/\/grandepremio.com\/br\/noticias\/lewis-hamilton-pensar-conduta-max-verstappen-espera-novos-incidentes\/"},"modified":"2021-09-15T07:24:49","modified_gmt":"2021-09-15T10:24:49","slug":"lewis-hamilton-pensar-conduta-max-verstappen-espera-novos-incidentes","status":"publish","type":"post","link":"https:\/\/grandepremio.com\/br\/f1\/lewis-hamilton-pensar-conduta-max-verstappen-espera-novos-incidentes\/","title":{"rendered":"Hamilton &#8220;precisa pensar&#8221; sobre conduta de Verstappen, mas espera novos incidentes"},"content":{"rendered":"\n<figure class=\"wp-block-video\"><video class=\"video-js vjs-big-play-centered\" data-gp-vjs=\"1\" controls src=\"https:\/\/www.grandepremio.com\/br\/wp-content\/uploads\/2021\/09\/Hamilton-Verstappen-acidente-camera-360.mp4\"><\/video><figcaption>C\u00e2mera 360 no carro de Hamilton mostra como Verstappen o acertou em acidente (V\u00eddeo: F1)<\/figcaption><\/figure>\n\n\n\n<p class=\"wp-block-paragraph\">Lewis Hamilton acredita que os acidentes com Max Verstappen na temporada 2021 da F\u00f3rmula 1 v\u00e3o continuar se eles n\u00e3o aprenderem com os eventos recentes. Na vis\u00e3o do brit\u00e2nico, \u00e9 f\u00e1cil seguir atuando da mesma forma quando se escapa ileso deste tipo de situa\u00e7\u00e3o.<\/p>\n\n\n\n<p class=\"wp-block-paragraph\">Silverstone e Monza marcaram dois grandes acidentes entre os postulantes ao t\u00edtulo deste ano na F1. No GP da Inglaterra, foi o titular da Red Bull quem levou o maior susto em um acidente de 51G. J\u00e1 no GP da It\u00e1lia, foi Hamilton quem levou a pior, j\u00e1 que chegou a ser atingido na cabe\u00e7a pelo carro da Red Bull.<\/p>\n\n\n\n<p class=\"wp-block-paragraph\"><strong>\u25b6\ufe0f\u00a0Inscreva-se nos dois canais do GRANDE PR\u00caMIO no YouTube:\u00a0<a href=\"https:\/\/www.youtube.com\/channel\/UC9OlHEgxoaY6QY6nWPoiqQg?sub_confirmation=1\" target=\"_blank\" rel=\"noreferrer noopener\">GP<\/a>\u00a0|\u00a0<a href=\"https:\/\/www.youtube.com\/channel\/UC9csiS6q_C3C0FYhyr1rnFA?sub_confirmation=1\" target=\"_blank\" rel=\"noreferrer noopener\">GP2<\/a><\/strong><\/p>\n\n\n\n<figure class=\"wp-block-image size-large\"><img decoding=\"async\" src=\"https:\/\/www.grandepremio.com\/br\/wp-content\/uploads\/2021\/09\/000_9MH9TY-1024x683.jpg\" alt=\"\" class=\"wp-image-507146\"\/><figcaption>Lewis Hamilton considerou que \u00e9 preciso tirar li\u00e7\u00f5es dos acidentes recentes com Max Verstappen (Foto: Luca Bruno\/AFP)<\/figcaption><\/figure>\n\n\n\n<p class=\"wp-block-paragraph\"><strong>Conhe\u00e7a o canal do Grande Pr\u00eamio no YouTube! Clique\u00a0<a target=\"_blank\" href=\"https:\/\/youtube.com\/GrandePremioTV\" rel=\"noreferrer noopener\">aqui<\/a>.<\/strong><br><strong>Siga o Grande Pr\u00eamio no\u00a0<a target=\"_blank\" href=\"https:\/\/twitter.com\/grandepremio\" rel=\"noreferrer noopener\">Twitter\u00a0<\/a>e no\u00a0<a target=\"_blank\" href=\"https:\/\/instagram.com\/grandepremio\" rel=\"noreferrer noopener\">Instagram<\/a>!<\/strong><\/p>\n\n\n\n<p class=\"wp-block-paragraph\"><a href=\"https:\/\/www.grandepremio.com\/br\/f1\/classificacao\/\">Com Verstappen liderando o Mundial com s\u00f3 cinco pontos de vantagem<\/a>, Hamilton acredita que esses incidentes v\u00e3o continuar se eles n\u00e3o aprenderem as li\u00e7\u00f5es.<\/p>\n\n\n\n<p class=\"wp-block-paragraph\">\u201cIsso vai continuar\u201d, disse Hamilton. \u201cTemos de aprender com os nossos cen\u00e1rios na pista e eu n\u00e3o tenho hist\u00f3rico desses incidentes\u201d, seguiu.<\/p>\n\n\n\n<p class=\"wp-block-paragraph\">\u201cNo fim, quando voc\u00ea escapa ileso de coisa assim, \u00e9 f\u00e1cil continuar fazendo\u201d, comentou.<\/p>\n\n\n\n<p class=\"wp-block-paragraph\">Questionado se Verstappen corre com um c\u00f3digo de conduta diferente, Hamilton respondeu: \u201cVou precisar pensar, porque esta foi a primeira\u2026 acho que nunca tinha sido atingido por um carro na cabe\u00e7a antes\u201d.<\/p>\n\n\n\n<p class=\"wp-block-paragraph\">\u201cFoi um choque para mim, pois voc\u00eas viram a imagem, minha cabe\u00e7a est\u00e1 realmente muito para a frente\u201d, apontou. \u201cFaz muito, muito tempo que corro, ent\u00e3o estou muito grato por ainda estar aqui e me sinto incrivelmente aben\u00e7oado. Como se algu\u00e9m estivesse olhando por mim\u201d, concluiu.<\/p>\n\n\n\n<p class=\"wp-block-paragraph\"><strong>LEIA TAMB\u00c9M<\/strong><br><a href=\"https:\/\/www.grandepremio.com\/br\/f1\/noticias\/ataque-defesa-red-bull-mercedes-mostram-diferenca-tambem-gestao-de-crise\/\">Ataque x defesa: Red Bull e Mercedes mostram diferen\u00e7a tamb\u00e9m em gest\u00e3o de crise<\/a><\/p>\n\n\n\n<figure class=\"wp-block-embed is-type-video is-provider-youtube wp-block-embed-youtube wp-embed-aspect-16-9 wp-has-aspect-ratio\"><div class=\"wp-block-embed__wrapper\">\n<iframe loading=\"lazy\" title=\"POR QUE AS PUNI\u00c7\u00d5ES DE HAMILTON E VERSTAPPEN FORAM DIFERENTES?\" width=\"500\" height=\"281\" src=\"https:\/\/www.youtube.com\/embed\/0tSi50Ty0GU?feature=oembed\" frameborder=\"0\" allow=\"accelerometer; autoplay; clipboard-write; encrypted-media; gyroscope; picture-in-picture; web-share\" referrerpolicy=\"strict-origin-when-cross-origin\" allowfullscreen><\/iframe>\n<\/div><\/figure>\n","protected":false},"excerpt":{"rendered":"<p>O piloto da Mercedes lembrou que n\u00e3o tem um hist\u00f3rico de muitos incidentes na carreira e avaliou que \u00e9 f\u00e1cil seguir fazendo as mesmas coisas se voc\u00ea escapa ileso de acidentes<\/p>\n","protected":false},"author":0,"featured_media":1000508614,"comment_status":"closed","ping_status":"closed","sticky":false,"template":"","format":"standard","meta":{"42wp_featured_image_caption":"","42wp_featured_image_credits":"","42wp_featured_video":"","42wp_featured_image_hidden":false,"42wp_authors_list":[],"footnotes":""},"categories":[2],"tags":[147,156,24837,25536,26868,87,203],"42wp_author":[47113],"class_list":["post-117779","post","type-post","status-publish","format-standard","has-post-thumbnail","hentry","category-f1","tag-f1","tag-f1-2021","tag-formula-1-2","tag-formula-1-2021-2","tag-formula-1-classificacao-2020","tag-lewis-hamilton","tag-max-verstappen","42wp_author-juliana-tesser"],"_links":{"self":[{"href":"https:\/\/grandepremio.com\/br\/wp-json\/wp\/v2\/posts\/117779","targetHints":{"allow":["GET"]}}],"collection":[{"href":"https:\/\/grandepremio.com\/br\/wp-json\/wp\/v2\/posts"}],"about":[{"href":"https:\/\/grandepremio.com\/br\/wp-json\/wp\/v2\/types\/post"}],"replies":[{"embeddable":true,"href":"https:\/\/grandepremio.com\/br\/wp-json\/wp\/v2\/comments?post=117779"}],"version-history":[{"count":0,"href":"https:\/\/grandepremio.com\/br\/wp-json\/wp\/v2\/posts\/117779\/revisions"}],"wp:featuredmedia":[{"embeddable":true,"href":"https:\/\/grandepremio.com\/br\/wp-json\/wp\/v2\/media\/1000508614"}],"wp:attachment":[{"href":"https:\/\/grandepremio.com\/br\/wp-json\/wp\/v2\/media?parent=117779"}],"wp:term":[{"taxonomy":"category","embeddable":true,"href":"https:\/\/grandepremio.com\/br\/wp-json\/wp\/v2\/categories?post=117779"},{"taxonomy":"post_tag","embeddable":true,"href":"https:\/\/grandepremio.com\/br\/wp-json\/wp\/v2\/tags?post=117779"},{"taxonomy":"42wp_author","embeddable":true,"href":"https:\/\/grandepremio.com\/br\/wp-json\/wp\/v2\/42wp_author?post=117779"}],"curies":[{"name":"wp","href":"https:\/\/api.w.org\/{rel}","templated":true}]}}