{"id":117818,"date":"2021-09-13T10:14:53","date_gmt":"2021-09-13T13:14:53","guid":{"rendered":"https:\/\/grandepremio.com\/br\/noticias\/maverick-vinales-passo-aprilia-lembra-nao-estou-zona-conforto\/"},"modified":"2021-09-13T10:15:01","modified_gmt":"2021-09-13T13:15:01","slug":"maverick-vinales-passo-aprilia-lembra-nao-estou-zona-conforto","status":"publish","type":"post","link":"https:\/\/grandepremio.com\/br\/motogp\/maverick-vinales-passo-aprilia-lembra-nao-estou-zona-conforto\/","title":{"rendered":"Vin\u00e3les cita 1\u00ba passo com Aprilia e lembra: \u201cN\u00e3o estou mais na minha zona de conforto\u201d"},"content":{"rendered":"\n<figure class=\"wp-block-embed is-type-video is-provider-youtube wp-block-embed-youtube wp-embed-aspect-16-9 wp-has-aspect-ratio\"><div class=\"wp-block-embed__wrapper\">\n<iframe loading=\"lazy\" title=\"FATOR VI\u00d1ALES: APRILIA FORTALECE EQUIPE E AUMENTA POTENCIAL NA MOTOGP | GP \u00e0s 10\" width=\"500\" height=\"281\" src=\"https:\/\/www.youtube.com\/embed\/2QQyv2rdZ14?feature=oembed\" frameborder=\"0\" allow=\"accelerometer; autoplay; clipboard-write; encrypted-media; gyroscope; picture-in-picture; web-share\" referrerpolicy=\"strict-origin-when-cross-origin\" allowfullscreen><\/iframe>\n<\/div><\/figure>\n\n\n\n<p class=\"wp-block-paragraph\">Maverick Vi\u00f1ales deu no GP de Arag\u00e3o o primeiro passo com a Aprilia na MotoGP. Fora da zona de conforto, o <a href=\"https:\/\/www.grandepremio.com\/br\/motogp\/noticias\/francesco-bagnaia-resiste-ataques-marc-marquez-vence-primeira-motogp-aragao-fabio-quartararo-oitavo\/\" target=\"_blank\" rel=\"noreferrer noopener\">espanhol fechou a corrida de domingo (12) em 18\u00ba<\/a>, mais de 27s atr\u00e1s de Francesco Bagnaia, o vencedor, e com cerca de 20s de atraso para Aleix Espargar\u00f3, o novo companheiro de equipe.<\/p>\n\n\n\n<p class=\"wp-block-paragraph\">Vi\u00f1ales estreou com os italianos depois um fim tumultuado de rela\u00e7\u00e3o com a Yamaha. Antes do GP no MotorLand, o piloto de Figueres teve a oportunidade de testar a RS-GP em Misano em uma atividade de apenas dois dias.<\/p>\n\n\n\n<p class=\"wp-block-paragraph\"><strong>Conhe\u00e7a o canal do Grande Pr\u00eamio no\u00a0<a href=\"https:\/\/www.youtube.com\/GrandePremioTV\">YouTube<\/a>.<br>Siga o Grande Pr\u00eamio no\u00a0<a rel=\"noreferrer noopener\" href=\"https:\/\/twitter.com\/grandepremio\" target=\"_blank\">Twitter\u00a0<\/a>e no\u00a0<a rel=\"noreferrer noopener\" href=\"https:\/\/instagram.com\/grandepremio\" target=\"_blank\">Instagram<\/a>.<\/strong><\/p>\n\n\n\n<figure class=\"wp-block-image size-large\"><img decoding=\"async\" src=\"https:\/\/www.grandepremio.com\/br\/wp-content\/uploads\/2021\/09\/MotoGP-2021-Aragao-MotorLand-Domingo-Aprilia-Maverick-Vinales2-1024x683.jpg\" alt=\"\" class=\"wp-image-508898\"\/><figcaption>Maverick Vi\u00f1ales (Foto: Aprilia)<\/figcaption><\/figure>\n\n\n\n<p class=\"wp-block-paragraph\"><strong>\u25b6\ufe0f\u00a0Inscreva-se nos dois canais do GRANDE PR\u00caMIO no YouTube:\u00a0<a href=\"https:\/\/www.youtube.com\/channel\/UC9OlHEgxoaY6QY6nWPoiqQg?sub_confirmation=1\" target=\"_blank\" rel=\"noreferrer noopener\">GP<\/a>\u00a0|\u00a0<a href=\"https:\/\/www.youtube.com\/channel\/UC9csiS6q_C3C0FYhyr1rnFA?sub_confirmation=1\" target=\"_blank\" rel=\"noreferrer noopener\">GP2<\/a><\/strong><\/p>\n\n\n\n<p class=\"wp-block-paragraph\">Ainda pegando a m\u00e3o da RS-GP, Maverick celebrou a chance de correr ainda neste ano com a nova equipe, mas frisou que n\u00e3o \u00e9 justo cobrar que ele esteja entre os pontos j\u00e1 na primeira corrida.<\/p>\n\n\n\n<p class=\"wp-block-paragraph\">\u201cN\u00e3o estou mais na minha zona de conforto, ent\u00e3o \u00e9 um desafio\u201d, disse Vi\u00f1ales. \u201c\u00c9 um grande desafio. \u00c9 verdade que o resultado \u00e9 o resultado, mas, para n\u00f3s, essas seis corridas s\u00e3o como um desejo, e isso \u00e9 bom, pois podemos come\u00e7ar a trabalhar, podemos come\u00e7ar a nos entender e \u00e9 nesse ponto em que temos de trabalhar\u201d, seguiu.<\/p>\n\n\n\n<p class=\"wp-block-paragraph\">\u201cGostaria de estar na frente desde a primeira corrida, mas n\u00e3o \u00e9 justo [esperar isso]. Precisamos trabalhar mais duro, e eu preciso entender essa moto um pouco mais\u201d, assumiu. \u201c\u00c9 passo a passo. Vai ter um ponto em que daremos um grande passo. Isso \u00e9 claro\u201d, previu.<\/p>\n\n\n\n<p class=\"wp-block-paragraph\">Vi\u00f1ales apontou a entrada da curva como o ponto em que precisa trabalhar, j\u00e1 que entende que a maneira que trabalhava com a Yamaha n\u00e3o se encaixa com a RS-GP. Uma das principais diferen\u00e7as entre as duas motos reside na configura\u00e7\u00e3o do motor: a YZR-M1 conta com quatro cilindros em linha, mas o prot\u00f3tipo italiano tem um V4.<\/p>\n\n\n\n<p class=\"wp-block-paragraph\">\u201cPreciso melhorar muito na entrada de curva, pois eu estava acostumado a fazer isso de um jeito e agora preciso mudar isso um pouco. E ainda n\u00e3o tenho confian\u00e7a para fazer isso\u201d, explicou. \u201cVai chegar. Do lado da tra\u00e7\u00e3o, me sinto bem, o que \u00e9 bem positivo. A durabilidade do pneu tamb\u00e9m foi boa durante toda a corrida, pude for\u00e7ar at\u00e9 as \u00faltimas voltas. Mas temos pontos positivos, o que \u00e9 sempre muito importante. Est\u00e1 claro que tem algo negativo em que tenho de melhorar, e com certeza o pessoal tem de me ajudar um pouco. Mas, com certeza, preciso melhorar nessa \u00e1rea\u201d, sublinhou.<\/p>\n\n\n\n<p class=\"wp-block-paragraph\">Diferente de uma queixa frequente que tinha nos tempos de Yamaha, Maverick n\u00e3o sentiu uma mudan\u00e7a significativa de ader\u00eancia entre os treinos e a corrida. Alguns pilotos notam a diferen\u00e7a da presen\u00e7a da borracha Dunlop no asfalto, j\u00e1 que ao contr\u00e1rio do que acontece nos treinos, a Moto2 normalmente corre antes da classe rainha.<\/p>\n\n\n\n<p class=\"wp-block-paragraph\">\u201cFiz o mesmo ritmo que no TL4, ent\u00e3o n\u00e3o senti perda de ader\u00eancia, o que tamb\u00e9m \u00e9 importante. No in\u00edcio da corrida, quando senti um bom potencial da moto, eu estava limitado, pois tinha alguns pilotos na frente, tamb\u00e9m n\u00e3o conhe\u00e7o a moto, n\u00e3o sabia o quanto podia for\u00e7ar\u201d, falou. \u201cMas a\u00ed, em meados da corrida, me senti bem, ent\u00e3o pude pilotar bem e, no fim da corrida, fomos bem competitivos. Ent\u00e3o preciso coletar informa\u00e7\u00f5es deste fim de semana. Preciso entender a equipe e a equipe precisa me entender\u201d, continuou.<\/p>\n\n\n\n<p class=\"wp-block-paragraph\">\u201cNo fim, com 40 minutos [no treino], \u00e9 complicado. \u00c9 dif\u00edcil, todos s\u00e3o muito r\u00e1pidos. Ent\u00e3o, sim, passo a passo, vamos chegar. Tenho certeza disso. Esse foi o primeiro passo\u201d, concluiu.<\/p>\n\n\n\n<p class=\"wp-block-paragraph\"><strong>CLASSIFICA\u00c7\u00c3O DA MOTOGP<\/strong><br>#&nbsp;<strong><a href=\"https:\/\/www.grandepremio.com\/br\/motogp\/noticias\/vitoria-francesco-bagnaia-diminui-vantagem-fabio-quartararo-motogp-confira-classificacao\/\" target=\"_blank\" rel=\"noreferrer noopener\">Vit\u00f3ria de Bagnaia em Arag\u00e3o diminui vantagem de Quartararo na&nbsp;<\/a><a href=\"https:\/\/www.grandepremio.com\/br\/motogp\/\" target=\"_blank\" rel=\"noreferrer noopener\">MotoGP<\/a><\/strong><\/p>\n\n\n\n<p class=\"wp-block-paragraph\">A MotoGP volta \u00e0s pistas no pr\u00f3ximo domingo (19) para o GP de San Marino e da Riviera de Rimini. O\u00a0<strong>GRANDE PR\u00caMIO<\/strong>\u00a0<a href=\"https:\/\/www.grandepremio.com\/br\/motogp\/ultimas-noticias\/\" target=\"_blank\" rel=\"noreferrer noopener\">acompanha todas as atividades<\/a>\u00a0do Mundial de\u00a0<a href=\"https:\/\/www.grandepremio.com\/br\/motogp\/\" target=\"_blank\" rel=\"noreferrer noopener\">Motovelocidade<\/a>\u00a02021.<\/p>\n\n\n\n<p class=\"wp-block-paragraph\"><strong>LEIA TAMB\u00c9M<\/strong><br>#\u00a0<strong><a href=\"https:\/\/www.grandepremio.com\/br\/motogp\/noticias\/francesco-bagnaia-agiganta-duelo-marc-marquez-vence-melhor-estilo-aragao\/\" target=\"_blank\" rel=\"noreferrer noopener\">Bagnaia se agiganta em duelo com Marc M\u00e1rquez e vence no melhor estilo em\u00a0<\/a><a href=\"https:\/\/www.grandepremio.com\/br\/etapa\/motogp\/gp-de-aragao-2020\/\" target=\"_blank\" rel=\"noreferrer noopener\">Arag\u00e3o<\/a><\/strong><\/p>\n\n\n\n<figure class=\"wp-block-embed is-type-video is-provider-youtube wp-block-embed-youtube wp-embed-aspect-16-9 wp-has-aspect-ratio\"><div class=\"wp-block-embed__wrapper\">\n<iframe loading=\"lazy\" title=\"M\u00c1RQUEZ CONTA COM BOM HIST\u00d3RICO POR NOVA VIT\u00d3RIA NA MOTOGP | GP \u00e0s 10\" width=\"500\" height=\"281\" src=\"https:\/\/www.youtube.com\/embed\/YjtsFLRLUDw?feature=oembed\" frameborder=\"0\" allow=\"accelerometer; autoplay; clipboard-write; encrypted-media; gyroscope; picture-in-picture; web-share\" referrerpolicy=\"strict-origin-when-cross-origin\" allowfullscreen><\/iframe>\n<\/div><\/figure>\n","protected":false},"excerpt":{"rendered":"<p>Espanhol destacou que a mudan\u00e7a para a casa de Noale \u00e9 um desafio e afirmou que ainda precisa conhecer mais a moto e se entender melhor com a equipe<\/p>\n","protected":false},"author":0,"featured_media":1000508899,"comment_status":"closed","ping_status":"closed","sticky":false,"template":"","format":"standard","meta":{"42wp_featured_image_caption":"","42wp_featured_image_credits":"","42wp_featured_video":"","42wp_featured_image_hidden":false,"42wp_authors_list":[],"footnotes":""},"categories":[8],"tags":[133,26038,25020,79,78,490,28765,28764,25819,28345,28766,3451,26690],"42wp_author":[47113],"class_list":["post-117818","post","type-post","status-publish","format-standard","has-post-thumbnail","hentry","category-motogp","tag-aprilia","tag-aragao","tag-maverick-vinales-2","tag-moto-gp","tag-motogp","tag-motogp-2021","tag-motogp-2021-calendario","tag-motogp-classificacao-2021","tag-motogp-hoje","tag-motogp-horarios","tag-motogp-standings","tag-motorland","tag-pilotos-motogp","42wp_author-juliana-tesser"],"_links":{"self":[{"href":"https:\/\/grandepremio.com\/br\/wp-json\/wp\/v2\/posts\/117818","targetHints":{"allow":["GET"]}}],"collection":[{"href":"https:\/\/grandepremio.com\/br\/wp-json\/wp\/v2\/posts"}],"about":[{"href":"https:\/\/grandepremio.com\/br\/wp-json\/wp\/v2\/types\/post"}],"replies":[{"embeddable":true,"href":"https:\/\/grandepremio.com\/br\/wp-json\/wp\/v2\/comments?post=117818"}],"version-history":[{"count":0,"href":"https:\/\/grandepremio.com\/br\/wp-json\/wp\/v2\/posts\/117818\/revisions"}],"wp:featuredmedia":[{"embeddable":true,"href":"https:\/\/grandepremio.com\/br\/wp-json\/wp\/v2\/media\/1000508899"}],"wp:attachment":[{"href":"https:\/\/grandepremio.com\/br\/wp-json\/wp\/v2\/media?parent=117818"}],"wp:term":[{"taxonomy":"category","embeddable":true,"href":"https:\/\/grandepremio.com\/br\/wp-json\/wp\/v2\/categories?post=117818"},{"taxonomy":"post_tag","embeddable":true,"href":"https:\/\/grandepremio.com\/br\/wp-json\/wp\/v2\/tags?post=117818"},{"taxonomy":"42wp_author","embeddable":true,"href":"https:\/\/grandepremio.com\/br\/wp-json\/wp\/v2\/42wp_author?post=117818"}],"curies":[{"name":"wp","href":"https:\/\/api.w.org\/{rel}","templated":true}]}}