{"id":117835,"date":"2021-09-12T20:04:16","date_gmt":"2021-09-12T23:04:16","guid":{"rendered":"https:\/\/grandepremio.com\/br\/noticias\/renan-pizii-vence-corrida-2-porsche-cup-curitiba-dia-capotagem-impressionante\/"},"modified":"2021-09-12T20:04:24","modified_gmt":"2021-09-12T23:04:24","slug":"renan-pizii-vence-corrida-2-porsche-cup-curitiba-dia-capotagem-impressionante","status":"publish","type":"post","link":"https:\/\/grandepremio.com\/br\/porsche\/renan-pizii-vence-corrida-2-porsche-cup-curitiba-dia-capotagem-impressionante\/","title":{"rendered":"Pizii vence corrida 2 da Porsche Cup em Curitiba em dia de capotagem impressionante"},"content":{"rendered":"\n<figure class=\"wp-block-video\"><video class=\"video-js vjs-big-play-centered\" data-gp-vjs=\"1\" controls src=\"https:\/\/www.grandepremio.com\/br\/wp-content\/uploads\/2021\/09\/Lewis-Hamilton-Crash-Max-Verstappen-Italian-GP-F1-2021-Race.mp4\"><\/video><figcaption>Lewis Hamilton e Max Verstappen batem: carro da Red Bull fica sobre o da Mercedes (V\u00eddeo: F1)<\/figcaption><\/figure>\n\n\n\n<p class=\"wp-block-paragraph\">Depois de <a href=\"https:\/\/www.grandepremio.com\/br\/porsche\/noticias\/alceu-feldmann-vence-corrida-1-porsche-cup-em-curitiba-lucas-salles-leva-na-gt3\/\" target=\"_blank\" rel=\"noreferrer noopener\">Alceu Feldmann vencer a corrida 1<\/a> da quinta etapa da Porsche Cup brasileira no \u00faltimo s\u00e1bado (11), em Curitiba, o domingo de Renan Pizii foi o melhor poss\u00edvel: al\u00e9m de conquistar a pole-position para a corrida 2 da Carrera Cup, de quebra, tamb\u00e9m garantiu o triunfo da segunda prova. Na classe GT3, M\u00e1rcio Mauro fez o mesmo: conquistou a pole e tamb\u00e9m garantiu sua vit\u00f3ria. <\/p>\n\n\n\n<p class=\"wp-block-paragraph\"><strong>Conhe\u00e7a o canal do Grande Pr\u00eamio no YouTube! Clique&nbsp;<a rel=\"noreferrer noopener\" href=\"https:\/\/youtube.com\/GrandePremioTV\" target=\"_blank\">aqui<\/a>.<br>Siga o Grande Pr\u00eamio no&nbsp;<a rel=\"noreferrer noopener\" href=\"https:\/\/twitter.com\/grandepremio\" target=\"_blank\">Twitter&nbsp;<\/a>e no&nbsp;<a rel=\"noreferrer noopener\" href=\"https:\/\/instagram.com\/grandepremio\" target=\"_blank\">Instagram<\/a>!<\/strong><\/p>\n\n\n\n<p class=\"wp-block-paragraph\">Mas a tarde em Curitiba n\u00e3o foi tranquila. O safety-car foi bastante presente na etapa depois dos fortes acidentes de Rodrigo Mello, que capotou ap\u00f3s contato com o guard-rail, e Francisco Horta, que tocou a grama e rodou ap\u00f3s disputa com Eduardo Menossi. A bandeira vermelha foi acionada nos dois acidentes, mas os pilotos sa\u00edram ilesos de seus carros.<\/p>\n\n\n\n<p class=\"wp-block-paragraph\">Assim, Pizii conseguiu gerenciar sua vantagem na corrida e ser o primeiro a visualizar a bandeira quadriculada. Miguel Paludo, atual l\u00edder do campeonato, foi o segundo colocado. Werner Neugebauer, Mar\u00e7al M\u00fcller e Pedro Aguiar fecharam o top-5.<\/p>\n\n\n\n<figure class=\"wp-block-image size-large\"><img decoding=\"async\" src=\"https:\/\/www.grandepremio.com\/br\/wp-content\/uploads\/2021\/09\/Curitiba-PORSCHE-4.0-2021-L-Bassani-1-3-1024x683.jpg\" alt=\"\" class=\"wp-image-508775\"\/><figcaption>Pizii foi o grande vencedor da Carrera Cup, enquanto Mauro garantiu a vit\u00f3ria na classe GT3 (Foto: Porsche Cup)<\/figcaption><\/figure>\n\n\n\n<p class=\"wp-block-paragraph\">\u201cBati a meta. Meu objetivo era ganhar na geral com menos de 1 ano de categoria. Ontem mentalizei muito esse momento e senti que essa vit\u00f3ria viria hoje. Estou extremamente feliz com isso e significa muito para mim esse momento&#8221;, disse Pizii, ap\u00f3s a corrida.<\/p>\n\n\n\n<p class=\"wp-block-paragraph\"><strong>\u25b6\ufe0f&nbsp;Inscreva-se nos dois canais do GRANDE PR\u00caMIO no YouTube:&nbsp;<a href=\"https:\/\/www.youtube.com\/channel\/UC9OlHEgxoaY6QY6nWPoiqQg?sub_confirmation=1\" target=\"_blank\" rel=\"noreferrer noopener\">GP<\/a>&nbsp;|&nbsp;<a href=\"https:\/\/www.youtube.com\/channel\/UC9csiS6q_C3C0FYhyr1rnFA?sub_confirmation=1\" target=\"_blank\" rel=\"noreferrer noopener\">GP2<\/a><\/strong><\/p>\n\n\n\n<p class=\"wp-block-paragraph\">Faltando duas etapas para o fim da Porsche Cup 2021, Paludo se v\u00ea na frente com 137 pontos. Atr\u00e1s dele, est\u00e1 Neugebauer com 128 e Mar\u00e7al M\u00fcller com 122.<\/p>\n\n\n\n<p class=\"wp-block-paragraph\">Na classe GT3, M\u00e1rcio Mauro, pole-position, travou forte disputa com Caio Castro, mas conseguiu levar a corrida 2. Castro ficou com a segunda posi\u00e7\u00e3o. Nelson Monteiro, Daniel Correa e Raijan Mascarello fecharam o top-5.<\/p>\n\n\n\n<p class=\"wp-block-paragraph\">No campeonato agora, Monteiro tem 115 pontos. Atr\u00e1s dele Raijan Mascarello com 106, e Lucas Salles fecha as primeira posi\u00e7\u00f5es com 103 tentos.<\/p>\n\n\n\n<p class=\"wp-block-paragraph\">A pen\u00faltima etapa da temporada acontece nos dias 9 e 10 de outubro, em Goi\u00e2nia.<\/p>\n\n\n\n<figure class=\"wp-block-embed is-type-video is-provider-youtube wp-block-embed-youtube wp-embed-aspect-16-9 wp-has-aspect-ratio\"><div class=\"wp-block-embed__wrapper\">\n<iframe loading=\"lazy\" title=\"HALO SALVA HAMILTON EM BATIDA COM VERSTAPPEN, RICCIARDO VENCE: O GP DA IT\u00c1LIA DE F1 | Briefing\" width=\"500\" height=\"281\" src=\"https:\/\/www.youtube.com\/embed\/xtgKI5SsqIA?feature=oembed\" frameborder=\"0\" allow=\"accelerometer; autoplay; clipboard-write; encrypted-media; gyroscope; picture-in-picture; web-share\" referrerpolicy=\"strict-origin-when-cross-origin\" allowfullscreen><\/iframe>\n<\/div><\/figure>\n\n\n\n<p class=\"wp-block-paragraph\"><\/p>\n","protected":false},"excerpt":{"rendered":"<p>Depois de acidentes assustadores em Curitiba, Renan Pizii conquistou a pole e vit\u00f3ria da corrida 2 da quinta etapa da Porsche Cup. M\u00e1rcio Mauro levou a melhor na classe GT3<\/p>\n","protected":false},"author":0,"featured_media":1000508763,"comment_status":"closed","ping_status":"closed","sticky":false,"template":"","format":"standard","meta":{"42wp_featured_image_caption":"","42wp_featured_image_credits":"","42wp_featured_video":"","42wp_featured_image_hidden":false,"42wp_authors_list":[],"footnotes":""},"categories":[32],"tags":[827,24836,663],"42wp_author":[47139],"class_list":["post-117835","post","type-post","status-publish","format-standard","has-post-thumbnail","hentry","category-porsche","tag-curitiba","tag-grande-premio-2","tag-porsche-cup","42wp_author-ana-cerveira"],"_links":{"self":[{"href":"https:\/\/grandepremio.com\/br\/wp-json\/wp\/v2\/posts\/117835","targetHints":{"allow":["GET"]}}],"collection":[{"href":"https:\/\/grandepremio.com\/br\/wp-json\/wp\/v2\/posts"}],"about":[{"href":"https:\/\/grandepremio.com\/br\/wp-json\/wp\/v2\/types\/post"}],"replies":[{"embeddable":true,"href":"https:\/\/grandepremio.com\/br\/wp-json\/wp\/v2\/comments?post=117835"}],"version-history":[{"count":0,"href":"https:\/\/grandepremio.com\/br\/wp-json\/wp\/v2\/posts\/117835\/revisions"}],"wp:featuredmedia":[{"embeddable":true,"href":"https:\/\/grandepremio.com\/br\/wp-json\/wp\/v2\/media\/1000508763"}],"wp:attachment":[{"href":"https:\/\/grandepremio.com\/br\/wp-json\/wp\/v2\/media?parent=117835"}],"wp:term":[{"taxonomy":"category","embeddable":true,"href":"https:\/\/grandepremio.com\/br\/wp-json\/wp\/v2\/categories?post=117835"},{"taxonomy":"post_tag","embeddable":true,"href":"https:\/\/grandepremio.com\/br\/wp-json\/wp\/v2\/tags?post=117835"},{"taxonomy":"42wp_author","embeddable":true,"href":"https:\/\/grandepremio.com\/br\/wp-json\/wp\/v2\/42wp_author?post=117835"}],"curies":[{"name":"wp","href":"https:\/\/api.w.org\/{rel}","templated":true}]}}