{"id":117929,"date":"2021-09-10T20:02:39","date_gmt":"2021-09-10T23:02:39","guid":{"rendered":"https:\/\/grandepremio.com\/br\/noticias\/stjd-acata-recurso-e-rafael-suzuki-recupera-vitoria-da-corrida-1-da-stock-car-em-curitiba\/"},"modified":"2021-09-11T15:57:47","modified_gmt":"2021-09-11T18:57:47","slug":"stjd-acata-recurso-e-rafael-suzuki-recupera-vitoria-da-corrida-1-da-stock-car-em-curitiba","status":"publish","type":"post","link":"https:\/\/grandepremio.com\/br\/stock-car\/stjd-acata-recurso-e-rafael-suzuki-recupera-vitoria-da-corrida-1-da-stock-car-em-curitiba\/","title":{"rendered":"STJD acata recurso, e Suzuki recupera vit\u00f3ria da corrida 1 da Stock Car em Curitiba"},"content":{"rendered":"\n<figure class=\"wp-block-embed is-type-video is-provider-youtube wp-block-embed-youtube wp-embed-aspect-16-9 wp-has-aspect-ratio\"><div class=\"wp-block-embed__wrapper\">\n<iframe loading=\"lazy\" title=\"BOTTAS BATE HAMILTON E LARGA NA FRENTE NA CORRIDA SPRINT DA F1 EM MONZA | Briefing\" width=\"500\" height=\"281\" src=\"https:\/\/www.youtube.com\/embed\/3wsjew83-UQ?feature=oembed\" frameborder=\"0\" allow=\"accelerometer; autoplay; clipboard-write; encrypted-media; gyroscope; picture-in-picture; web-share\" referrerpolicy=\"strict-origin-when-cross-origin\" allowfullscreen><\/iframe>\n<\/div><figcaption>BOTTAS BATE HAMILTON E LARGA NA FRENTE NA CORRIDA SPRINT DA F1 EM MONZA | Briefing<br><\/figcaption><\/figure>\n\n\n\n<p class=\"wp-block-paragraph\">Rafael Suzuki recuperou, na \u00faltima quinta-feira (9), os resultados das corridas da s\u00e9tima etapa do campeonato da Stock Car pelo STJD (Superior Tribunal de Justi\u00e7a Desportiva), em Curitiba, no m\u00eas passado. Entre eles, est\u00e1 a pole-position, a vit\u00f3ria da corrida 1 e a sexta coloca\u00e7\u00e3o da corrida 2. O piloto da Full Time foi punido pelos comiss\u00e1rios da CBA (Confedera\u00e7\u00e3o Brasileira de Automobilismo) <a href=\"https:\/\/www.grandepremio.com\/br\/stock-car\/noticias\/rafael-suzuki-desclassificado-daniel-serra-herda-vitoria-corrida-1-do-anel-externo-em-curitiba\/\" target=\"_blank\" rel=\"noreferrer noopener\">por irregularidades de combust\u00edvel<\/a> durante as provas e, por isso, havia perdido seu primeiro triunfo na temporada. <\/p>\n\n\n\n<p class=\"wp-block-paragraph\">De acordo com <a href=\"https:\/\/www.grandepremio.com\/br\/stock-car\/noticias\/full-time-exalta-rafael-suzuki-promete-recorrer-em-todas-instancias-apos-desclassificacao\/\" target=\"_blank\" rel=\"noreferrer noopener\">documentos divulgados pelos comiss\u00e1rios t\u00e9cnicos da CBA<\/a> \u00e0 \u00e9poca, \u201cduas amostras de combust\u00edvel do ve\u00edculo n\u00ba 08 foram retidas ap\u00f3s irregularidade t\u00e9cnica informada aos comiss\u00e1rios desportivos\u201d. Os comiss\u00e1rios tamb\u00e9m informaram que \u201cdurante a vistoria t\u00e9cnica, foi constatado que o combust\u00edvel estava em desacordo com os padr\u00f5es de refer\u00eancia do combust\u00edvel utilizado\u201d.<\/p>\n\n\n\n<p class=\"wp-block-paragraph\"><strong>\u25b6\ufe0f&nbsp;Inscreva-se nos dois canais do GRANDE PR\u00caMIO no YouTube:&nbsp;<a href=\"https:\/\/www.youtube.com\/channel\/UC9OlHEgxoaY6QY6nWPoiqQg?sub_confirmation=1\" target=\"_blank\" rel=\"noreferrer noopener\">GP<\/a>&nbsp;|&nbsp;<a href=\"https:\/\/www.youtube.com\/channel\/UC9csiS6q_C3C0FYhyr1rnFA?sub_confirmation=1\" target=\"_blank\" rel=\"noreferrer noopener\">GP2<\/a><\/strong><\/p>\n\n\n\n<figure class=\"wp-block-image size-large\"><img decoding=\"async\" src=\"https:\/\/www.grandepremio.com\/br\/wp-content\/uploads\/2021\/08\/395428_979789_07_stockcar2021_dudabairros_curitiba_030310-1024x682.jpg\" alt=\"\" class=\"wp-image-497723\"\/><figcaption>Rafael Suzuki havia perdido a vit\u00f3ria da corrida 1 no anel externo de Curitiba (Foto: Duda Bairros\/Vicar)<\/figcaption><\/figure>\n\n\n\n<p class=\"wp-block-paragraph\"><strong>Conhe\u00e7a o canal do Grande Pr\u00eamio no YouTube! Clique&nbsp;<a rel=\"noreferrer noopener\" href=\"https:\/\/youtube.com\/GrandePremioTV\" target=\"_blank\">aqui<\/a>.<br>Siga o Grande Pr\u00eamio no&nbsp;<a rel=\"noreferrer noopener\" href=\"https:\/\/twitter.com\/grandepremio\" target=\"_blank\">Twitter&nbsp;<\/a>e no&nbsp;<a rel=\"noreferrer noopener\" href=\"https:\/\/instagram.com\/grandepremio\" target=\"_blank\">Instagram<\/a>!<\/strong><br><strong>Briga entre Schumacher e Mazepin&nbsp;<a href=\"https:\/\/www.grandepremio.com\/br\/f1\/noticias\/briga-entre-mick-schumacher-nikita-mazepin-ganha-ares-incontornavel-tumultua-futuro-haas\/\">ganha ares de incontorn\u00e1vel<\/a>&nbsp;e tumultua&nbsp;<a href=\"https:\/\/www.grandepremio.com\/br\/equipe\/f1\/2020\/haas-f1-team\/\" target=\"_blank\" rel=\"noreferrer noopener\">Haas<\/a><\/strong><\/p>\n\n\n\n<p class=\"wp-block-paragraph\">O<strong> GRANDE PR\u00caMIO<\/strong> teve uma <a href=\"https:\/\/www.grandepremio.com\/br\/stock-car\/noticias\/rafael-suzuki-reitera-confianca-na-full-time-apos-desclassificacao-em-curitiba-confio-200\/\" target=\"_blank\" rel=\"noreferrer noopener\">conversa exclusiva com Suzuki<\/a>, que reiterou total confian\u00e7a na equipe e que recorreria \u00e0 decis\u00e3o da CBA: &#8220;Eu confio 200% na \u00edndole da equipe. Tenho certeza absoluta de que n\u00e3o houve nenhum tipo de adultera\u00e7\u00e3o por nossa parte. Conhe\u00e7o a equipe, moro perto da oficina, tenho uma conviv\u00eancia quase que di\u00e1ria com eles e posso garantir que n\u00e3o houve m\u00e1-f\u00e9\u201d, declarou o piloto.<\/p>\n\n\n\n<p class=\"wp-block-paragraph\">Por isso, Fernando Julianelli, CEO da Stock Car, explicou o porqu\u00ea da desclassifica\u00e7\u00e3o de Suzuki e como a an\u00e1lise foi revista: &#8220;O combust\u00edvel de todos os carros passa por um teste espec\u00edfico realizado na pista antes e depois das corridas. Ap\u00f3s a prova, o combust\u00edvel do carro do Rafael Suzuki apresentou uma micro varia\u00e7\u00e3o, o que acarretou a desclassifica\u00e7\u00e3o. Por isso, amostras foram levadas para um laborat\u00f3rio independente contratado pela VICAR, com o objetivo de realizar a an\u00e1lise definitiva&#8221;, afirmou.<\/p>\n\n\n\n<p class=\"wp-block-paragraph\">Maur\u00edcio Ferreira,\u00a0chefe da equipe Full Time Sports, tamb\u00e9m falou sobre o processo de an\u00e1lise e o recurso que a CBA pode ainda apresentar contra a decis\u00e3o do STJD: &#8220;Foi constatado que n\u00e3o tinha nenhuma adultera\u00e7\u00e3o. Inclusive, o pr\u00f3prio procurador alterou seu parecer com base nos fatos, ent\u00e3o acreditamos que n\u00e3o haver\u00e1 recursos de nenhuma parte. Ficaram, sim, alguns danos, pois nesse tempo todo fomos taxados de adulteradores, culpados. Mas felizmente podemos agora mostrar que n\u00e3o\u00a0\u00a0\u00e9 nada disso. Fica tamb\u00e9m o aprendizado, que espero que seja para todos\u201d, completou o chefe da equipe&#8221;, declarou ele. <\/p>\n\n\n\n<p class=\"wp-block-paragraph\">Com os resultados recuperados pelo piloto paulista, ele passa a somar 47 pontos aos 87 que possu\u00eda \u2014 o que o faz saltar do 17\u00ba para o 12\u00ba lugar. Daniel Serra segue l\u00edder, agora com 239 pontos. A Stock Car ainda n\u00e3o divulgou a pontua\u00e7\u00e3o atualizada do campeonato. <\/p>\n\n\n\n<p class=\"wp-block-paragraph\">A oitava e nona etapas da Stock Car j\u00e1 acontecem na semana que vem, nos dias 18 e 19 de setembro, em Goi\u00e2nia.<\/p>\n\n\n\n<figure class=\"wp-block-embed is-type-video is-provider-youtube wp-block-embed-youtube wp-embed-aspect-16-9 wp-has-aspect-ratio\"><div class=\"wp-block-embed__wrapper\">\n<iframe loading=\"lazy\" title=\"COMO BOTTAS TEM CHANCE NA ALFA ROMEO DE SER PROTAGONISTA DE SUA HIST\u00d3RIA NA F1\" width=\"500\" height=\"281\" src=\"https:\/\/www.youtube.com\/embed\/kH9-W6U3yms?feature=oembed\" frameborder=\"0\" allow=\"accelerometer; autoplay; clipboard-write; encrypted-media; gyroscope; picture-in-picture; web-share\" referrerpolicy=\"strict-origin-when-cross-origin\" allowfullscreen><\/iframe>\n<\/div><figcaption>COMO BOTTAS TEM CHANCE NA ALFA ROMEO DE SER PROTAGONISTA DE SUA HIST\u00d3RIA NA F1<br><\/figcaption><\/figure>\n","protected":false},"excerpt":{"rendered":"<p>Depois de ter perdido sua vit\u00f3ria da corrida 1 em Curitiba h\u00e1 mais de um m\u00eas, Rafael Suzuki entrou com recurso e recuperou seu primeiro triunfo na temporada <\/p>\n","protected":false},"author":0,"featured_media":1000497726,"comment_status":"closed","ping_status":"closed","sticky":false,"template":"","format":"standard","meta":{"42wp_featured_image_caption":"","42wp_featured_image_credits":"","42wp_featured_video":"","42wp_featured_image_hidden":false,"42wp_authors_list":[],"footnotes":""},"categories":[11],"tags":[185,24836,26054,2162,69],"42wp_author":[47139],"class_list":["post-117929","post","type-post","status-publish","format-standard","has-post-thumbnail","hentry","category-stock-car","tag-full-time","tag-grande-premio-2","tag-punicoes","tag-rafael-suzuki","tag-stock-car","42wp_author-ana-cerveira"],"_links":{"self":[{"href":"https:\/\/grandepremio.com\/br\/wp-json\/wp\/v2\/posts\/117929","targetHints":{"allow":["GET"]}}],"collection":[{"href":"https:\/\/grandepremio.com\/br\/wp-json\/wp\/v2\/posts"}],"about":[{"href":"https:\/\/grandepremio.com\/br\/wp-json\/wp\/v2\/types\/post"}],"replies":[{"embeddable":true,"href":"https:\/\/grandepremio.com\/br\/wp-json\/wp\/v2\/comments?post=117929"}],"version-history":[{"count":0,"href":"https:\/\/grandepremio.com\/br\/wp-json\/wp\/v2\/posts\/117929\/revisions"}],"wp:featuredmedia":[{"embeddable":true,"href":"https:\/\/grandepremio.com\/br\/wp-json\/wp\/v2\/media\/1000497726"}],"wp:attachment":[{"href":"https:\/\/grandepremio.com\/br\/wp-json\/wp\/v2\/media?parent=117929"}],"wp:term":[{"taxonomy":"category","embeddable":true,"href":"https:\/\/grandepremio.com\/br\/wp-json\/wp\/v2\/categories?post=117929"},{"taxonomy":"post_tag","embeddable":true,"href":"https:\/\/grandepremio.com\/br\/wp-json\/wp\/v2\/tags?post=117929"},{"taxonomy":"42wp_author","embeddable":true,"href":"https:\/\/grandepremio.com\/br\/wp-json\/wp\/v2\/42wp_author?post=117929"}],"curies":[{"name":"wp","href":"https:\/\/api.w.org\/{rel}","templated":true}]}}