{"id":117954,"date":"2021-09-10T10:04:40","date_gmt":"2021-09-10T13:04:40","guid":{"rendered":"https:\/\/grandepremio.com\/br\/noticias\/jack-miller-supera-aleix-espargaro-lidera-treino-2-motogp-aragao-fabio-quartararo-setimo\/"},"modified":"2021-09-10T10:13:33","modified_gmt":"2021-09-10T13:13:33","slug":"jack-miller-supera-aleix-espargaro-lidera-treino-2-motogp-aragao-fabio-quartararo-setimo","status":"publish","type":"post","link":"https:\/\/grandepremio.com\/br\/motogp\/jack-miller-supera-aleix-espargaro-lidera-treino-2-motogp-aragao-fabio-quartararo-setimo\/","title":{"rendered":"Miller supera Aleix Espargar\u00f3 e lidera treino 2 da MotoGP em Arag\u00e3o. Quartararo \u00e9 s\u00e9timo"},"content":{"rendered":"\n<figure class=\"wp-block-embed is-type-video is-provider-youtube wp-block-embed-youtube wp-embed-aspect-16-9 wp-has-aspect-ratio\"><div class=\"wp-block-embed__wrapper\">\n<iframe loading=\"lazy\" title=\"M\u00c1RQUEZ CONTA COM BOM HIST\u00d3RICO POR NOVA VIT\u00d3RIA NA MOTOGP | GP \u00e0s 10\" width=\"500\" height=\"281\" src=\"https:\/\/www.youtube.com\/embed\/YjtsFLRLUDw?feature=oembed\" frameborder=\"0\" allow=\"accelerometer; autoplay; clipboard-write; encrypted-media; gyroscope; picture-in-picture; web-share\" referrerpolicy=\"strict-origin-when-cross-origin\" allowfullscreen><\/iframe>\n<\/div><\/figure>\n\n\n\n<p class=\"wp-block-paragraph\">O segundo treino da MotoGP no MotorLand de Alca\u00f1iz teve uma folha de tempos para l\u00e1 de inesperada. Com 1min47s613, Jack Miller colocou a Ducati no topo na tarde desta sexta-feira (10) em Arag\u00e3o, 0s273 melhor que Aleix Espargar\u00f3, o segundo colocado. Para completar a surpresa, o terceiro tempo ficou com Cal Crutchlow.<\/p>\n\n\n\n<p class=\"wp-block-paragraph\">Johann Zarco aproveitou a \u00faltima de 18 voltas para arrematar o quarto tempo, seguido por Jorge Mart\u00edn e Francesco Bagnaia. L\u00edder do Mundial, Fabio Quartararo fez a melhor volta em 1min48s034 e ficou em s\u00e9timo, 0s421 atr\u00e1s do ponteiro.<\/p>\n\n\n\n<p class=\"wp-block-paragraph\"><strong>\u25b6\ufe0f&nbsp;Inscreva-se nos dois canais do GRANDE PR\u00caMIO no YouTube:&nbsp;<a href=\"https:\/\/www.youtube.com\/channel\/UC9OlHEgxoaY6QY6nWPoiqQg?sub_confirmation=1\" target=\"_blank\" rel=\"noreferrer noopener\">GP<\/a>&nbsp;|&nbsp;<a href=\"https:\/\/www.youtube.com\/channel\/UC9csiS6q_C3C0FYhyr1rnFA?sub_confirmation=1\" target=\"_blank\" rel=\"noreferrer noopener\">GP2<\/a><\/strong><\/p>\n\n\n\n<figure class=\"wp-block-image size-large\"><img decoding=\"async\" src=\"https:\/\/www.grandepremio.com\/br\/wp-content\/uploads\/2021\/08\/Jack_A1X9000_UC313259_High-1024x683.jpg\" alt=\"\" class=\"wp-image-497281\"\/><figcaption>Jack Miller foi o mais r\u00e1pido em Arag\u00e3o (Foto: Ducati)<\/figcaption><\/figure>\n\n\n\n<p class=\"wp-block-paragraph\"><strong>WEB STORY<\/strong><br>#&nbsp;<strong><a href=\"https:\/\/www.grandepremio.com\/br\/etapa\/motogp\/gp-de-aragao-2020\/\">Fatos e curiosidades sobre o GP de&nbsp;Arag\u00e3o&nbsp;de&nbsp;<\/a><a href=\"https:\/\/www.grandepremio.com\/br\/motogp\/\" target=\"_blank\" rel=\"noreferrer noopener\">MotoGP<\/a><\/strong><\/p>\n\n\n\n<p class=\"wp-block-paragraph\">Takaaki Nakagami liderou parte da sess\u00e3o, mas acabou em oitavo, \u00e0 frente de Enea Bastianini. Pol Espargar\u00f3 completa a lista dos dez melhores, seguido por \u00c1lex Rins e Brad Binder.<\/p>\n\n\n\n<p class=\"wp-block-paragraph\">Dono do hist\u00f3rico mais vitorioso em Arag\u00e3o, Marc M\u00e1rquez sofreu uma queda na curva 16 em meados da sess\u00e3o e n\u00e3o conseguiu melhorar. O espanhol acabou em 20\u00ba, 1s214 atr\u00e1s de Miller. 0s072 melhor, Maverick Vi\u00f1ales foi o 19\u00ba.<\/p>\n\n\n\n<p class=\"wp-block-paragraph\">A largada do GP de&nbsp;<a href=\"https:\/\/www.grandepremio.com\/br\/etapa\/motogp\/gp-de-aragao-2020\/\" target=\"_blank\" rel=\"noreferrer noopener\">Arag\u00e3o<\/a>&nbsp;de MotoGP est\u00e1 marcada para as 9h (de Bras\u00edlia) de domingo (12). O&nbsp;<strong>GRANDE PR\u00caMIO<\/strong>&nbsp;<a href=\"https:\/\/www.grandepremio.com\/br\/motogp\/ultimas-noticias\/\" target=\"_blank\" rel=\"noreferrer noopener\">acompanha todas as atividades<\/a>&nbsp;do Mundial de&nbsp;<a href=\"https:\/\/www.grandepremio.com\/br\/motogp\/\" target=\"_blank\" rel=\"noreferrer noopener\">Motovelocidade<\/a>&nbsp;2021.<\/p>\n\n\n\n<p class=\"wp-block-paragraph\"><strong>Conhe\u00e7a o canal do Grande Pr\u00eamio no&nbsp;<a href=\"https:\/\/www.youtube.com\/GrandePremioTV\">YouTube<\/a>.<br>Siga o Grande Pr\u00eamio no&nbsp;<a rel=\"noreferrer noopener\" href=\"https:\/\/twitter.com\/grandepremio\" target=\"_blank\">Twitter&nbsp;<\/a>e no&nbsp;<a rel=\"noreferrer noopener\" href=\"https:\/\/instagram.com\/grandepremio\" target=\"_blank\">Instagram<\/a>.<\/strong><\/p>\n\n\n\n<h3 class=\"wp-block-heading\"><strong>Saiba como foi o treino 2 do GP de Arag\u00e3o de MotoGP:<\/strong><\/h3>\n\n\n\n<p class=\"wp-block-paragraph\">Assim como aconteceu mais cedo, a MotoGP encontrou sol e calor no segundo treino do dia em Alca\u00f1iz. Antes do in\u00edcio da segunda sess\u00e3o livre, os term\u00f4metros mediam 27\u00b0C, com o asfalto chegando a 44\u00b0C.<\/p>\n\n\n\n<p class=\"wp-block-paragraph\">Com 1min50s039, Miguel Oliveira abriu a sess\u00e3o no topo da folha de tempos, 0s261 melhor que Fabio Quartararo, o segundo colocado. Logo depois, Joan Mir tomou o comando, mas ficou apenas brevemente por l\u00e1.<\/p>\n\n\n\n<p class=\"wp-block-paragraph\">Rodando com um pneu traseiro macio, Oliveira foi a 1min48s623 e recuperou a ponta, 0s628 melhor que Takaaki Nakagami. Aleix Espargar\u00f3 subiu para terceiro, diante de Francesco Bagnaia e Mart\u00edn. Quartararo apertou o passo e pulou para segundo, reduzindo a margem de Miguel para 0s297.<\/p>\n\n\n\n<figure class=\"wp-block-video\"><video class=\"video-js vjs-big-play-centered\" data-gp-vjs=\"1\" controls src=\"https:\/\/www.grandepremio.com\/br\/wp-content\/uploads\/2021\/09\/MotoGP-2021-Aragao-MotorLand-TL2-Marc-Marquez-Alex-Marquez.mp4\"><\/video><figcaption>Marc M\u00e1rquez caiu na curva 16 enquanto seguia o irm\u00e3o \u00c1lex (V\u00eddeo: MotoGP)<\/figcaption><\/figure>\n\n\n\n<p class=\"wp-block-paragraph\">Em uma sess\u00e3o onde v\u00e1rios pilotos tinham um pneu traseiro duro, Bagnaia anotou 1min48s616 na quarta volta nesta tarde para tirar a lideran\u00e7a de Oliveira, que foi s\u00f3 0s007 mais lento. Mart\u00edn era o terceiro, \u00e0 frente de Quartararo e Brad Binder.<\/p>\n\n\n\n<p class=\"wp-block-paragraph\">Ainda no come\u00e7o da sess\u00e3o, Marc sofreu uma queda na curva 16. O espanhol saiu ileso, mas furioso por ter ca\u00eddo, j\u00e1 que vinha colado no irm\u00e3o e precisou sair da linha para evitar atingir a traseira de \u00c1lex. 22\u00ba, Marc vinha com as melhores parciais, mas acabou com a RC213V destru\u00edda.<\/p>\n\n\n\n<figure class=\"wp-block-video\"><video class=\"video-js vjs-big-play-centered\" data-gp-vjs=\"1\" controls src=\"https:\/\/www.grandepremio.com\/br\/wp-content\/uploads\/2021\/09\/MotoGP-2021-Aragao-MotorLand-TL2-Marc-Marquez.mp4\"><\/video><figcaption>Marc M\u00e1rquez ficou irritado com o erro que cometeu em Arag\u00e3o (V\u00eddeo: MotoGP)<\/figcaption><\/figure>\n\n\n\n<p class=\"wp-block-paragraph\">Enquanto Marc voltava aos boxes, Nakagami foi a 1min48s574 e assumiu a ponta, 0s049 melhor que Oliveira. Bagnaia, ali\u00e1s, caiu na curva 5, mas escapou de les\u00f5es.<\/p>\n\n\n\n<p class=\"wp-block-paragraph\">Passados os primeiros 20 minutos de treino, Nakagami tinha o comando, com Oliveira, Quartararo, Aleix Espargar\u00f3, Rins, Pol Espargar\u00f3, \u00c1lex M\u00e1rquez, Bagnaia, Mart\u00edn e Iker Lecuona.<\/p>\n\n\n\n<p class=\"wp-block-paragraph\">Pouco depois, Vi\u00f1ales tomou um belo susto ao passar por cima da zebra com a roda dianteira na \u00faltima curva. Apesar da sacudida, o piloto conseguiu se manter em cima da moto.<\/p>\n\n\n\n<figure class=\"wp-block-video\"><video class=\"video-js vjs-big-play-centered\" data-gp-vjs=\"1\" controls src=\"https:\/\/www.grandepremio.com\/br\/wp-content\/uploads\/2021\/09\/MotoGP-2021-Aragao-MotorLand-TL2-Maverick-Vinales.mp4\"><\/video><figcaption>Maverick Vi\u00f1ales levou um chacoalh\u00e3o da RS-GP (V\u00eddeo: MotoGP)<\/figcaption><\/figure>\n\n\n\n<p class=\"wp-block-paragraph\">De volta \u00e0 pista, Marc logo chegou em 1min48s827 e assumiu o quarto posto, 0s253 atr\u00e1s de Nakagami, que seguia na lideran\u00e7a. O espanhol tinha um pneu duro na traseira da RCV, assim como a maioria dos pilotos do grid.<\/p>\n\n\n\n<p class=\"wp-block-paragraph\">Com parte dos pilotos se dirigindo aos boxes, Joan Mir apareceu com um pneu m\u00e9dio atr\u00e1s da GSX-RR para anotar 1min48s886 para se instalar em sexto, 0s312 atr\u00e1s do l\u00edder.<\/p>\n\n\n\n<p class=\"wp-block-paragraph\">Ap\u00f3s uma \u00faltima rodada de pit-stops, os pilotos voltaram \u00e0 pista, a maioria com pneus macios na traseira. \u00c1lex M\u00e1rquez foi um dos primeiros a melhorar, subindo para a quarta coloca\u00e7\u00e3o.<\/p>\n\n\n\n<p class=\"wp-block-paragraph\">Depois, Aleix Espargar\u00f3 foi a 1min48s547 para colocar a Aprilia no comando, 0s027 melhor que Nakagami. Em seguida, por\u00e9m, Iker Lecuona passou 0s021 para ser o primeiro colocado. Pol Espargar\u00f3 tamb\u00e9m foi melhor e se instalou em terceiro.<\/p>\n\n\n\n<p class=\"wp-block-paragraph\">\u00c1lex Rins avan\u00e7ou para terceiro, com Valentino Rossi subindo para s\u00e9timo. Imediatamente, por\u00e9m, Jack Miller foi a 1min47s613 e pegou a ponta, 0s701 melhor que \u00c1lex M\u00e1rquez. Danilo Petrucci se colocou em terceiro usando a refer\u00eancia do espanhol da LCR.<\/p>\n\n\n\n<p class=\"wp-block-paragraph\">0s284 mais lento que Miller, Cal Crutchlow se colocou em segundo, \u00e0 frente de Aleix, Nakagami, Pol e \u00c1lex M\u00e1rquez. Quartararo vinha s\u00f3 em 17\u00ba.<\/p>\n\n\n\n<figure class=\"wp-block-video\"><video class=\"video-js vjs-big-play-centered\" data-gp-vjs=\"1\" controls src=\"https:\/\/www.grandepremio.com\/br\/wp-content\/uploads\/2021\/09\/MotoGP-2021-Aragao-MotorLand-TL2-Cal-Crutchlow.mp4\"><\/video><figcaption>Cal Crutchlow ficou mais do que satisfeito com a performance no TL2 (V\u00eddeo: MotoGP)<\/figcaption><\/figure>\n\n\n\n<p class=\"wp-block-paragraph\">Enea Bastianini tamb\u00e9m conseguiu ser mais r\u00e1pido e saltar para a quinta coloca\u00e7\u00e3o, mas perdeu um posto na sequ\u00eancia, com Fabio subindo para quarto, 0s421 atr\u00e1s de Miller.<\/p>\n\n\n\n<p class=\"wp-block-paragraph\">Aleix conseguiu reagir com 1min47s886 e voltou ao segundo posto, 0s273 atr\u00e1s de Miller. Brad Binder vinha agora na oitava coloca\u00e7\u00e3o.<\/p>\n\n\n\n<p class=\"wp-block-paragraph\">Com a bandeira quadriculada tremulando no MotorLand, Bagnaia pulou para a quarta coloca\u00e7\u00e3o, mas foi imediatamente superado por um Mart\u00edn 0s009 mais r\u00e1pido.<\/p>\n\n\n\n<p class=\"wp-block-paragraph\"><strong>VEJA TAMB\u00c9M<\/strong><br>#\u00a0<strong><a href=\"https:\/\/www.grandepremio.com\/br\/motogp\/noticias\/fabio-quartararo-usa-receita-infalivel-ganha-terreno-motogp-rivais-claudicantes\/\" target=\"_blank\" rel=\"noreferrer noopener\">Quartararo usa receita infal\u00edvel e ganha terreno em MotoGP de rivais claudicantes<\/a><\/strong><br>#\u00a0<strong><a href=\"https:\/\/www.grandepremio.com\/br\/web-stories\/motogp\/raio-x-strike-marc-marquez-gra-bretanha-motogp\/\" target=\"_blank\" rel=\"noreferrer noopener\">WEB STORY: Raio-x do strike de\u00a0<\/a><a href=\"https:\/\/www.grandepremio.com\/br\/piloto\/marc-marquez\/\" target=\"_blank\" rel=\"noreferrer noopener\">Marc M\u00e1rquez<\/a><a href=\"https:\/\/www.grandepremio.com\/br\/web-stories\/motogp\/raio-x-strike-marc-marquez-gra-bretanha-motogp\/\" target=\"_blank\" rel=\"noreferrer noopener\">\u00a0no GP da Gr\u00e3-Bretanha de\u00a0<\/a><a href=\"https:\/\/www.grandepremio.com\/br\/motogp\/\" target=\"_blank\" rel=\"noreferrer noopener\">MotoGP<\/a><\/strong><br>#\u00a0<strong><a href=\"https:\/\/www.grandepremio.com\/br\/motogp\/noticias\/yamaha-fecha-quebra-cabeca-corrige-tropeco-franco-morbidelli-nova-chance-andrea-dovizioso\/\" target=\"_blank\" rel=\"noreferrer noopener\">Yamaha fecha estrutura, corrige trope\u00e7o com Morbidelli e d\u00e1 nova chance a Dovizioso<\/a><\/strong><br>#\u00a0<strong><a href=\"https:\/\/www.grandepremio.com\/br\/motogp\/noticias\/caos-gerado-maverick-vinales-abre-inesperada-segunda-chance-andrea-dovizioso-motogp\/\">Caos gerado por Vi\u00f1ales abre inesperada segunda chance para Dovizioso na MotoGP<\/a><\/strong><br>#\u00a0<strong><a href=\"https:\/\/www.grandepremio.com\/br\/motogp\/noticias\/podio-coroa-trajetoria-aleix-espargaro-mostra-aprilia-enfim-rumo-certo\/\" target=\"_blank\" rel=\"noreferrer noopener\">P\u00f3dio coroa trajet\u00f3ria de\u00a0<\/a><a href=\"https:\/\/www.grandepremio.com\/br\/piloto\/aleix-espargaro\/\" target=\"_blank\" rel=\"noreferrer noopener\">Aleix Espargar\u00f3<\/a><a href=\"https:\/\/www.grandepremio.com\/br\/motogp\/noticias\/podio-coroa-trajetoria-aleix-espargaro-mostra-aprilia-enfim-rumo-certo\/\" target=\"_blank\" rel=\"noreferrer noopener\">\u00a0e mostra que Aprilia enfim est\u00e1 no rumo certo<\/a><\/strong><br>#\u00a0<strong><a href=\"https:\/\/www.grandepremio.com\/br\/motogp\/noticias\/rivais-reconhecem-forca-fabio-quartararo-comecam-jogar-toalha-briga-titulo\/\" target=\"_blank\" rel=\"noreferrer noopener\">Rivais reconhecem for\u00e7a de Quartararo e come\u00e7am a jogar toalha na briga pelo t\u00edtulo<\/a><\/strong><br>#\u00a0<strong><a href=\"https:\/\/www.grandepremio.com\/br\/motogp\/noticias\/podio-coroa-longo-arduo-trabalho-aleix-espargaro-reconstruir-aprilia-motogp\/\" target=\"_blank\" rel=\"noreferrer noopener\">P\u00f3dio premia longo e \u00e1rduo trabalho de Aleix Espargar\u00f3 para reconstruir Aprilia na MotoGP<\/a><\/strong><br>#\u00a0<strong><a href=\"https:\/\/www.grandepremio.com\/br\/motogp\/noticias\/alex-rins-finalmente-desencanta-apos-serie-quedas-lesao-motogp-2021\/\" target=\"_blank\" rel=\"noreferrer noopener\">Rins finalmente desencanta ap\u00f3s s\u00e9rie de quedas e at\u00e9 les\u00e3o na MotoGP 2021<\/a><\/strong><\/p>\n\n\n\n<h3 class=\"wp-block-heading\"><strong>MotoGP 2021, GP de Arag\u00e3o, MotorLand, Treino Livre 2:<\/strong><\/h3>\n\n\n\n<figure class=\"wp-block-table\"><table><tbody><tr><td>1<\/td><td>J MILLER<\/td><td>Ducati<\/td><td>1:47.613<\/td><td>&nbsp;<\/td><\/tr><tr><td>2<\/td><td>A ESPARGAR\u00d3<\/td><td>Aprilia Gresini<\/td><td>1:47.886<\/td><td>+0.273<\/td><\/tr><tr><td>3<\/td><td>C CRUTCHLOW<\/td><td>Yamaha<\/td><td>1:47.897<\/td><td>+0.284<\/td><\/tr><tr><td>4<\/td><td>J ZARCO<\/td><td>Pramac Ducati<\/td><td>1:47.988<\/td><td>+0.375<\/td><\/tr><tr><td>5<\/td><td>J MART\u00cdN<\/td><td>Pramac Ducati<\/td><td>1:48.023<\/td><td>+0.410<\/td><\/tr><tr><td>6<\/td><td>F BAGNAIA<\/td><td>Ducati<\/td><td>1:48.032<\/td><td>+0.419<\/td><\/tr><tr><td>7<\/td><td>F QUARTARARO<\/td><td>Yamaha<\/td><td>1:48.034<\/td><td>+0.421<\/td><\/tr><tr><td>8<\/td><td>T NAKAGAMI<\/td><td>LCR Honda<\/td><td>1:48.057<\/td><td>+0.444<\/td><\/tr><tr><td>9<\/td><td>E BASTIANINI<\/td><td>Avintia Ducati<\/td><td>1:48.086<\/td><td>+0.473<\/td><\/tr><tr><td>10<\/td><td>P ESPARGAR\u00d3<\/td><td>Honda<\/td><td>1:48.166<\/td><td>+0.553<\/td><\/tr><tr><td>11<\/td><td>A RINS<\/td><td>Suzuki<\/td><td>1:48.267<\/td><td>+0.654<\/td><\/tr><tr><td>12<\/td><td>B BINDER<\/td><td>KTM<\/td><td>1:48.278<\/td><td>+0.665<\/td><\/tr><tr><td>13<\/td><td>A M\u00c1RQUEZ<\/td><td>LCR Honda<\/td><td>1:48.314<\/td><td>+0.701<\/td><\/tr><tr><td>14<\/td><td>D PETRUCCI<\/td><td>Tech3 KTM<\/td><td>1:48.351<\/td><td>+0.738<\/td><\/tr><tr><td>15<\/td><td>L MARINI<\/td><td>Avintia VR46 Ducati<\/td><td>1:48.456<\/td><td>+0.843<\/td><\/tr><tr><td>16<\/td><td>I LECUONA<\/td><td>Tech3 KTM<\/td><td>1:48.526<\/td><td>+0.913<\/td><\/tr><tr><td>17<\/td><td>M OLIVEIRA<\/td><td>KTM<\/td><td>1:48.623<\/td><td>+1.010<\/td><\/tr><tr><td>18<\/td><td>V ROSSI<\/td><td>SRT Yamaha<\/td><td>1:48.649<\/td><td>+1.036<\/td><\/tr><tr><td>19<\/td><td>M VI\u00d1ALES<\/td><td>Aprilia Gresini<\/td><td>1:48.755<\/td><td>+1.142<\/td><\/tr><tr><td>20<\/td><td>M M\u00c1RQUEZ<\/td><td>Honda<\/td><td>1:48.827<\/td><td>+1.214<\/td><\/tr><tr><td>21<\/td><td>J MIR<\/td><td>Suzuki<\/td><td>1:48.887<\/td><td>+1.274<\/td><\/tr><tr><td>22<\/td><td>J DIXON<\/td><td>SRT Yamaha<\/td><td>1:49.987<\/td><td>+2.374<\/td><\/tr><\/tbody><\/table><\/figure>\n\n\n\n<figure class=\"wp-block-embed is-type-video is-provider-youtube wp-block-embed-youtube wp-embed-aspect-16-9 wp-has-aspect-ratio\"><div class=\"wp-block-embed__wrapper\">\n<iframe loading=\"lazy\" title=\"FATOR VI\u00d1ALES: APRILIA FORTALECE EQUIPE E AUMENTA POTENCIAL NA MOTOGP | GP \u00e0s 10\" width=\"500\" height=\"281\" src=\"https:\/\/www.youtube.com\/embed\/2QQyv2rdZ14?feature=oembed\" frameborder=\"0\" allow=\"accelerometer; autoplay; clipboard-write; encrypted-media; gyroscope; picture-in-picture; web-share\" referrerpolicy=\"strict-origin-when-cross-origin\" allowfullscreen><\/iframe>\n<\/div><\/figure>\n","protected":false},"excerpt":{"rendered":"<p>O australiano chegou a 1min47s613 para comandar o segundo treino da MotoGP no MotorLand nesta sexta-feira (10). Cal Crutchlow foi a melhor Yamaha e ficou com o terceiro posto. Marc M\u00e1rquez caiu e foi s\u00f3 20\u00ba<\/p>\n","protected":false},"author":0,"featured_media":1000483720,"comment_status":"closed","ping_status":"closed","sticky":false,"template":"","format":"standard","meta":{"42wp_featured_image_caption":"","42wp_featured_image_credits":"","42wp_featured_video":"","42wp_featured_image_hidden":false,"42wp_authors_list":[],"footnotes":""},"categories":[8],"tags":[79,78,490,28765,28764,25819,28345,28766,3451,26690],"42wp_author":[47113],"class_list":["post-117954","post","type-post","status-publish","format-standard","has-post-thumbnail","hentry","category-motogp","tag-moto-gp","tag-motogp","tag-motogp-2021","tag-motogp-2021-calendario","tag-motogp-classificacao-2021","tag-motogp-hoje","tag-motogp-horarios","tag-motogp-standings","tag-motorland","tag-pilotos-motogp","42wp_author-juliana-tesser"],"_links":{"self":[{"href":"https:\/\/grandepremio.com\/br\/wp-json\/wp\/v2\/posts\/117954","targetHints":{"allow":["GET"]}}],"collection":[{"href":"https:\/\/grandepremio.com\/br\/wp-json\/wp\/v2\/posts"}],"about":[{"href":"https:\/\/grandepremio.com\/br\/wp-json\/wp\/v2\/types\/post"}],"replies":[{"embeddable":true,"href":"https:\/\/grandepremio.com\/br\/wp-json\/wp\/v2\/comments?post=117954"}],"version-history":[{"count":0,"href":"https:\/\/grandepremio.com\/br\/wp-json\/wp\/v2\/posts\/117954\/revisions"}],"wp:featuredmedia":[{"embeddable":true,"href":"https:\/\/grandepremio.com\/br\/wp-json\/wp\/v2\/media\/1000483720"}],"wp:attachment":[{"href":"https:\/\/grandepremio.com\/br\/wp-json\/wp\/v2\/media?parent=117954"}],"wp:term":[{"taxonomy":"category","embeddable":true,"href":"https:\/\/grandepremio.com\/br\/wp-json\/wp\/v2\/categories?post=117954"},{"taxonomy":"post_tag","embeddable":true,"href":"https:\/\/grandepremio.com\/br\/wp-json\/wp\/v2\/tags?post=117954"},{"taxonomy":"42wp_author","embeddable":true,"href":"https:\/\/grandepremio.com\/br\/wp-json\/wp\/v2\/42wp_author?post=117954"}],"curies":[{"name":"wp","href":"https:\/\/api.w.org\/{rel}","templated":true}]}}