{"id":117959,"date":"2021-09-10T08:11:48","date_gmt":"2021-09-10T11:11:48","guid":{"rendered":"https:\/\/grandepremio.com\/br\/noticias\/monza-tem-sexta-feira-quente-e-sem-chuva-para-treino-livre-1-e-classificacao-da-formula-1\/"},"modified":"2021-09-10T08:11:55","modified_gmt":"2021-09-10T11:11:55","slug":"monza-tem-sexta-feira-quente-e-sem-chuva-para-treino-livre-1-e-classificacao-da-formula-1","status":"publish","type":"post","link":"https:\/\/grandepremio.com\/br\/f1\/monza-tem-sexta-feira-quente-e-sem-chuva-para-treino-livre-1-e-classificacao-da-formula-1\/","title":{"rendered":"Monza tem sexta-feira quente e sem chuva para treino livre 1 e classifica\u00e7\u00e3o da F\u00f3rmula 1"},"content":{"rendered":"\n<figure class=\"wp-block-embed is-type-video is-provider-youtube wp-block-embed-youtube wp-embed-aspect-16-9 wp-has-aspect-ratio\"><div class=\"wp-block-embed__wrapper\">\n<iframe loading=\"lazy\" title=\"\u00c9 GUERRA! BRIGA ENTRE SCHUMACHER E MAZEPIN TUMULTUA FUTURO DA HAAS NA F1\" width=\"500\" height=\"281\" src=\"https:\/\/www.youtube.com\/embed\/45DU1eqn5ds?feature=oembed\" frameborder=\"0\" allow=\"accelerometer; autoplay; clipboard-write; encrypted-media; gyroscope; picture-in-picture; web-share\" referrerpolicy=\"strict-origin-when-cross-origin\" allowfullscreen><\/iframe>\n<\/div><figcaption>\u00c9 GUERRA! BRIGA ENTRE SCHUMACHER E MAZEPIN TUMULTUA FUTURO DA HAAS NA F1<\/figcaption><\/figure>\n\n\n\n<p class=\"wp-block-paragraph\">O lend\u00e1rio circuito de Monza recebe neste fim de semana o tradicional GP da It\u00e1lia, 14\u00aa etapa da temporada 2021 da F\u00f3rmula 1. Neste est\u00e1gio final do ver\u00e3o europeu, faz calor at\u00e9 mesmo na costumeiramente fria regi\u00e3o da Lombardia, localizada no norte do pa\u00eds. A meteorologia prev\u00ea uma sexta-feira (10) quente e sem chance de chuva nas pr\u00f3ximas horas.<\/p>\n\n\n\n<p class=\"wp-block-paragraph\">De acordo com o site especializado Weather Channel, a temperatura ambiente na regi\u00e3o do circuito vai variar entre 27 e 28\u00baC em um dia predominantemente quente, mas de c\u00e9u nublado na maior parte do tempo, sobretudo da tarde.<\/p>\n\n\n\n<p class=\"wp-block-paragraph\"><strong>\u25b6\ufe0f\u00a0Inscreva-se nos dois canais do GRANDE PR\u00caMIO no YouTube:\u00a0<a href=\"https:\/\/www.youtube.com\/channel\/UC9OlHEgxoaY6QY6nWPoiqQg?sub_confirmation=1\" target=\"_blank\" rel=\"noreferrer noopener\">GP<\/a>\u00a0|\u00a0<a href=\"https:\/\/www.youtube.com\/channel\/UC9csiS6q_C3C0FYhyr1rnFA?sub_confirmation=1\" target=\"_blank\" rel=\"noreferrer noopener\">GP2<\/a><\/strong><\/p>\n\n\n\n<figure class=\"wp-block-image size-large\"><img decoding=\"async\" src=\"https:\/\/www.grandepremio.com\/br\/wp-content\/uploads\/2021\/09\/E-6MUWDWEAIcDpr-1024x682.jpg\" alt=\"MONZA; GP DA IT\u00c1LIA; GRANDE PR\u00caMIO;\" class=\"wp-image-507263\"\/><figcaption>O lend\u00e1rio circuito de Monza recebe o GP da It\u00e1lia neste fim de semana (Foto: Scuderia Ferrari)<\/figcaption><\/figure>\n\n\n\n<p class=\"wp-block-paragraph\">O percentual de chuva \u00e9 zero para o hor\u00e1rio do treino livre 1 e tamb\u00e9m da sess\u00e3o classificat\u00f3ria, que acontece nesta sexta-feira e vai definir o grid de largada da corrida sprint, marcada para o s\u00e1bado. Ali\u00e1s, ao longo de todo o fim de semana o percentual de possibilidade de chuva ser\u00e1 sempre muito baixo, nunca acima dos 5%.<\/p>\n\n\n\n<p class=\"wp-block-paragraph\">At\u00e9 mesmo a velocidade dos ventos ser\u00e1 branda nesta sexta-feira. A publica\u00e7\u00e3o traz a previs\u00e3o de rajadas de no m\u00e1ximo 7 km\/h, soprando na dire\u00e7\u00e3o Sudoeste.<\/p>\n\n\n\n<p class=\"wp-block-paragraph\">O GP da It\u00e1lia \u00e9 mais um cap\u00edtulo do empolgante embate entre Max Verstappen e Lewis Hamilton para o t\u00edtulo. <a href=\"https:\/\/www.grandepremio.com\/br\/f1\/classificacao\/\">Com a vit\u00f3ria contundente conquistada h\u00e1 menos de uma semana na Holanda, o piloto da Red Bull soma 224,5 pontos, 3 a mais que o heptacampe\u00e3o mundial<\/a> e rival da Mercedes.<\/p>\n\n\n\n<p class=\"wp-block-paragraph\">Nesta sexta-feira, o treino livre 1 do GP da It\u00e1lia est\u00e1 marcado para logo mais, \u00e0s 9h30 (de Bras\u00edlia, GMT-3), enquanto a classifica\u00e7\u00e3o nesta sexta-feira ter\u00e1 in\u00edcio \u00e0s 13h. O <strong>GRANDE PR\u00caMIO<\/strong> acompanha tudo <strong><a href=\"https:\/\/www.grandepremio.com\/br\/ao-vivo\/f1\/\">AO VIVO e em TEMPO REAL<\/a><\/strong>.<\/p>\n\n\n\n<figure class=\"wp-block-video\"><video class=\"video-js vjs-big-play-centered\" data-gp-vjs=\"1\" controls src=\"https:\/\/www.grandepremio.com\/br\/wp-content\/uploads\/2021\/09\/MotoGP-2021-Aragao-MotorLand-TL1-Marc-Marquez2.mp4\"><\/video><figcaption>Marc M\u00e1rquez sobrou na primeira sess\u00e3o de treinos em Arag\u00e3o (V\u00eddeo: MotoGP)<\/figcaption><\/figure>\n","protected":false},"excerpt":{"rendered":"<p>O agitado fim de semana do GP da It\u00e1lia de F\u00f3rmula 1 come\u00e7a nesta sexta-feira (10) em Monza com calor nesta reta final do ver\u00e3o europeu. N\u00e3o h\u00e1 previs\u00e3o de chuva para as pr\u00f3ximas horas<\/p>\n","protected":false},"author":0,"featured_media":1000507264,"comment_status":"closed","ping_status":"closed","sticky":false,"template":"","format":"standard","meta":{"42wp_featured_image_caption":"","42wp_featured_image_credits":"","42wp_featured_video":"","42wp_featured_image_hidden":false,"42wp_authors_list":[],"footnotes":""},"categories":[2],"tags":[1134,25337,147,156,24837,25536,24898,24836,2326,1737,25333],"42wp_author":[47110],"class_list":["post-117959","post","type-post","status-publish","format-standard","has-post-thumbnail","hentry","category-f1","tag-chuva","tag-classificacao-2","tag-f1","tag-f1-2021","tag-formula-1-2","tag-formula-1-2021-2","tag-gp-da-italia","tag-grande-premio-2","tag-meteorologia","tag-monza","tag-previsao-do-tempo","42wp_author-fernando-silva"],"_links":{"self":[{"href":"https:\/\/grandepremio.com\/br\/wp-json\/wp\/v2\/posts\/117959","targetHints":{"allow":["GET"]}}],"collection":[{"href":"https:\/\/grandepremio.com\/br\/wp-json\/wp\/v2\/posts"}],"about":[{"href":"https:\/\/grandepremio.com\/br\/wp-json\/wp\/v2\/types\/post"}],"replies":[{"embeddable":true,"href":"https:\/\/grandepremio.com\/br\/wp-json\/wp\/v2\/comments?post=117959"}],"version-history":[{"count":0,"href":"https:\/\/grandepremio.com\/br\/wp-json\/wp\/v2\/posts\/117959\/revisions"}],"wp:featuredmedia":[{"embeddable":true,"href":"https:\/\/grandepremio.com\/br\/wp-json\/wp\/v2\/media\/1000507264"}],"wp:attachment":[{"href":"https:\/\/grandepremio.com\/br\/wp-json\/wp\/v2\/media?parent=117959"}],"wp:term":[{"taxonomy":"category","embeddable":true,"href":"https:\/\/grandepremio.com\/br\/wp-json\/wp\/v2\/categories?post=117959"},{"taxonomy":"post_tag","embeddable":true,"href":"https:\/\/grandepremio.com\/br\/wp-json\/wp\/v2\/tags?post=117959"},{"taxonomy":"42wp_author","embeddable":true,"href":"https:\/\/grandepremio.com\/br\/wp-json\/wp\/v2\/42wp_author?post=117959"}],"curies":[{"name":"wp","href":"https:\/\/api.w.org\/{rel}","templated":true}]}}