{"id":118006,"date":"2021-09-08T10:32:14","date_gmt":"2021-09-08T13:32:14","guid":{"rendered":"https:\/\/grandepremio.com\/br\/noticias\/nicholas-latifi-celebra-renovacao-diz-williams-possui-ingredientes-crescer-f1-2022\/"},"modified":"2021-09-08T10:33:21","modified_gmt":"2021-09-08T13:33:21","slug":"nicholas-latifi-celebra-renovacao-diz-williams-possui-ingredientes-crescer-f1-2022","status":"publish","type":"post","link":"https:\/\/grandepremio.com\/br\/f1\/nicholas-latifi-celebra-renovacao-diz-williams-possui-ingredientes-crescer-f1-2022\/","title":{"rendered":"Latifi celebra renova\u00e7\u00e3o e diz que Williams &#8220;possui ingredientes para crescer&#8221; em 2022"},"content":{"rendered":"\n<p class=\"wp-block-paragraph\"><br><strong>\u25b6\ufe0f\u00a0Inscreva-se nos dois canais do GRANDE PR\u00caMIO no YouTube:\u00a0<\/strong><a href=\"https:\/\/www.youtube.com\/channel\/UC9OlHEgxoaY6QY6nWPoiqQg?sub_confirmation=1\" target=\"_blank\" rel=\"noreferrer noopener\">GP<\/a><strong>\u00a0|\u00a0<\/strong><a href=\"https:\/\/www.youtube.com\/channel\/UC9csiS6q_C3C0FYhyr1rnFA?sub_confirmation=1\" target=\"_blank\" rel=\"noreferrer noopener\">GP2<\/a><\/p>\n\n\n\n<figure class=\"wp-block-embed is-type-video is-provider-youtube wp-block-embed-youtube wp-embed-aspect-16-9 wp-has-aspect-ratio\"><div class=\"wp-block-embed__wrapper\">\n<iframe loading=\"lazy\" title=\"POR QUE RUSSELL \u00c9 APOSTA CORRETA, MAS TARDIA, DA MERCEDES NO FUTURO\" width=\"500\" height=\"281\" src=\"https:\/\/www.youtube.com\/embed\/S5rZehI5RIk?feature=oembed\" frameborder=\"0\" allow=\"accelerometer; autoplay; clipboard-write; encrypted-media; gyroscope; picture-in-picture; web-share\" referrerpolicy=\"strict-origin-when-cross-origin\" allowfullscreen><\/iframe>\n<\/div><\/figure>\n\n\n\n<p class=\"wp-block-paragraph\">Nicholas Latifi continua na F\u00f3rmula 1 <a href=\"https:\/\/www.grandepremio.com\/br\/f1\/noticias\/williams-anuncia-alex-albon-substituto-george-russell-renova-nicholas-latifi-f1-2022\/\">por mais uma temporada<\/a>. Em an\u00fancio feito na manh\u00e3 desta quarta-feira (8), o piloto foi confirmado por mais um ano na Williams, o terceiro consecutivo. Apesar de ser uma decis\u00e3o esperada, faltava ainda a renova\u00e7\u00e3o do contrato.<\/p>\n\n\n\n<p class=\"wp-block-paragraph\">Latifi hegou ao time de Grove em 2020 trazendo consigo um polpudo patroc\u00ednio das empresas do seu pai, o bilion\u00e1rio iraniano Michael Latifi, radicado no Canad\u00e1. Mas a venda da equipe para o fundo norte-americano Dorilton Capital trouxe tamb\u00e9m calmaria em meio \u00e0s incertezas financeiras, a ponto de a Williams n\u00e3o depender mais de um piloto pagante a ponto do diretor Jost Capito colocar a perman\u00eancia de Nicholas em risco, algo que n\u00e3o se confirmou.<\/p>\n\n\n\n<p class=\"wp-block-paragraph\">&#8220;Estou empolgado pelo que est\u00e1 por vir, principalmente pelo novo carro da F\u00f3rmula 1 que vai chegar, mas tamb\u00e9m porque a equipe est\u00e1 claramente avan\u00e7ando para um caminho mais competitivo em todas as \u00e1reas. Acho que a Williams possui todos os ingredientes para crescer no grid e estou determinando a cumprir meu papel nesta jornada&#8221;, afirmou Latifi.<\/p>\n\n\n\n<figure class=\"wp-block-image size-large\"><img decoding=\"async\" src=\"https:\/\/www.grandepremio.com\/br\/wp-content\/uploads\/2021\/08\/williams-nicholaslatifi-02-1024x683.jpg\" alt=\"\" class=\"wp-image-495960\"\/><figcaption>Nicholas Latifi conquistou os primeiros pontos na F1 no GP da Hungria (Foto: Williams)<\/figcaption><\/figure>\n\n\n\n<p class=\"wp-block-paragraph\"><strong>Conhe\u00e7a o canal do Grande Pr\u00eamio no YouTube! Clique\u00a0<a rel=\"noreferrer noopener\" href=\"https:\/\/youtube.com\/GrandePremioTV\" target=\"_blank\">aqui<\/a>.<br>Siga o Grande Pr\u00eamio no\u00a0<a rel=\"noreferrer noopener\" href=\"https:\/\/twitter.com\/grandepremio\" target=\"_blank\">Twitter\u00a0<\/a>e no\u00a0<a rel=\"noreferrer noopener\" href=\"https:\/\/instagram.com\/grandepremio\" target=\"_blank\">Instagram<\/a>!<\/strong><\/p>\n\n\n\n<p class=\"wp-block-paragraph\">&#8220;Me sinto em casa na Williams desde o dia que cheguei e esse tem sido um fator crucial em meu desenvolvimento como piloto. Os resultados est\u00e3o no caminho certo, especialmente nos \u00faltimos meses, quando consegui meus primeiros pontos na F1. Meu foco \u00e9 continuar minha trajet\u00f3ria, manter o bom momento e melhorar em 2022&#8221;, completou.<\/p>\n\n\n\n<p class=\"wp-block-paragraph\">Na pr\u00f3xima temporada, no entanto, o canadense vai ter um novo companheiro de equipe. A Williams perdeu George Russell para a Mercedes e anunciou a chegada de Alex Albon, ex-Red Bull, para a segunda vaga em 2022. Nicholas comentou a mudan\u00e7a.<\/p>\n\n\n\n<p class=\"wp-block-paragraph\">&#8220;Ontem foi anunciado que o George est\u00e1 deixando a Williams para se juntar \u00e0 Mercedes na pr\u00f3xima temporada. Eu n\u00e3o poderia ficar mais feliz por ele, que merece essa oportunidade&#8221;, pontuou.<\/p>\n\n\n\n<p class=\"wp-block-paragraph\">&#8220;Tamb\u00e9m quero recebe meu novo companheiro de time, Alex Albon. Fomos parceiros em 2018, na DAMS, na F\u00f3rmula 2. Alex \u00e9 uma grande pessoa e uma \u00f3tima adi\u00e7\u00e3o para a equipe. Sempre nos demos bem fora das pistas, mas o importante \u00e9 que vamos nos ajudar dentro&#8221;, finalizou Latifi.<\/p>\n\n\n\n<figure class=\"wp-block-embed is-type-video is-provider-youtube wp-block-embed-youtube wp-embed-aspect-16-9 wp-has-aspect-ratio\"><div class=\"wp-block-embed__wrapper\">\n<iframe loading=\"lazy\" title=\"COMO A RED BULL CONTRA-ATACOU E FOI NO ERRO DA MERCEDES PARA VENCER O GP DA HOLANDA DE F1\" width=\"500\" height=\"281\" src=\"https:\/\/www.youtube.com\/embed\/MrQQqwwnLNc?feature=oembed\" frameborder=\"0\" allow=\"accelerometer; autoplay; clipboard-write; encrypted-media; gyroscope; picture-in-picture; web-share\" referrerpolicy=\"strict-origin-when-cross-origin\" allowfullscreen><\/iframe>\n<\/div><\/figure>\n","protected":false},"excerpt":{"rendered":"<p>Nicholas Latifi vai continuar na F\u00f3rmula 1 por mais um ano, o terceiro seguido, novamente com a Williams. Ap\u00f3s o an\u00fancio da equipe, o canadense comemorou a manuten\u00e7\u00e3o da vaga e recebeu Alex Albon, o novo companheiro<\/p>\n","protected":false},"author":0,"featured_media":1000492113,"comment_status":"closed","ping_status":"closed","sticky":false,"template":"","format":"standard","meta":{"42wp_featured_image_caption":"","42wp_featured_image_credits":"","42wp_featured_video":"","42wp_featured_image_hidden":false,"42wp_authors_list":[],"footnotes":""},"categories":[2],"tags":[147,156,1357,642,24837,26275,26841,801,29224,215],"42wp_author":[47135],"class_list":["post-118006","post","type-post","status-publish","format-standard","has-post-thumbnail","hentry","category-f1","tag-f1","tag-f1-2021","tag-f1-2022","tag-f1-ao-vivo","tag-formula-1-2","tag-formula-1-2021-3","tag-formula-1-2022","tag-nicholas-latifi","tag-temporada-f1-2022","tag-williams","42wp_author-pedro-luis-cuenca"],"_links":{"self":[{"href":"https:\/\/grandepremio.com\/br\/wp-json\/wp\/v2\/posts\/118006","targetHints":{"allow":["GET"]}}],"collection":[{"href":"https:\/\/grandepremio.com\/br\/wp-json\/wp\/v2\/posts"}],"about":[{"href":"https:\/\/grandepremio.com\/br\/wp-json\/wp\/v2\/types\/post"}],"replies":[{"embeddable":true,"href":"https:\/\/grandepremio.com\/br\/wp-json\/wp\/v2\/comments?post=118006"}],"version-history":[{"count":0,"href":"https:\/\/grandepremio.com\/br\/wp-json\/wp\/v2\/posts\/118006\/revisions"}],"wp:featuredmedia":[{"embeddable":true,"href":"https:\/\/grandepremio.com\/br\/wp-json\/wp\/v2\/media\/1000492113"}],"wp:attachment":[{"href":"https:\/\/grandepremio.com\/br\/wp-json\/wp\/v2\/media?parent=118006"}],"wp:term":[{"taxonomy":"category","embeddable":true,"href":"https:\/\/grandepremio.com\/br\/wp-json\/wp\/v2\/categories?post=118006"},{"taxonomy":"post_tag","embeddable":true,"href":"https:\/\/grandepremio.com\/br\/wp-json\/wp\/v2\/tags?post=118006"},{"taxonomy":"42wp_author","embeddable":true,"href":"https:\/\/grandepremio.com\/br\/wp-json\/wp\/v2\/42wp_author?post=118006"}],"curies":[{"name":"wp","href":"https:\/\/api.w.org\/{rel}","templated":true}]}}