{"id":118021,"date":"2021-09-07T13:08:54","date_gmt":"2021-09-07T16:08:54","guid":{"rendered":"https:\/\/grandepremio.com\/br\/noticias\/mclaren-pede-afrouxamento-dos-protocolos-de-covid-19-na-f1-a-partir-de-monza\/"},"modified":"2021-09-07T13:09:02","modified_gmt":"2021-09-07T16:09:02","slug":"mclaren-pede-afrouxamento-dos-protocolos-de-covid-19-na-f1-a-partir-de-monza","status":"publish","type":"post","link":"https:\/\/grandepremio.com\/br\/f1\/mclaren-pede-afrouxamento-dos-protocolos-de-covid-19-na-f1-a-partir-de-monza\/","title":{"rendered":"McLaren pede &#8220;afrouxamento&#8221; dos protocolos de Covid-19 na F1 a partir de Monza"},"content":{"rendered":"\n<figure class=\"wp-block-embed is-type-video is-provider-youtube wp-block-embed-youtube wp-embed-aspect-16-9 wp-has-aspect-ratio\"><div class=\"wp-block-embed__wrapper\">\n<iframe loading=\"lazy\" title=\"F1: O SHOW DE VERSTAPPEN NA HOLANDA E O AN\u00daNCIO DE BOTTAS NA ALFA ROMEO | PADDOCK GP #255\" width=\"500\" height=\"281\" src=\"https:\/\/www.youtube.com\/embed\/c8Ws6OrPXpU?feature=oembed\" frameborder=\"0\" allow=\"accelerometer; autoplay; clipboard-write; encrypted-media; gyroscope; picture-in-picture; web-share\" referrerpolicy=\"strict-origin-when-cross-origin\" allowfullscreen><\/iframe>\n<\/div><figcaption>F1: O SHOW DE VERSTAPPEN NA HOLANDA E O AN\u00daNCIO DE BOTTAS NA ALFA ROMEO | PADDOCK GP&nbsp;<a href=\"https:\/\/www.youtube.com\/hashtag\/255\">#255<\/a><br><\/figcaption><\/figure>\n\n\n\n<p class=\"wp-block-paragraph\">A organiza\u00e7\u00e3o da F\u00f3rmula 1 adotou um protocolo r\u00edgido para realizar corridas durante a pandemia \u2014 at\u00e9 o final da temporada 2020, de 78 mil testes, 78 deram resultado positivo em 17 etapas. Agora, com vacina\u00e7\u00e3o avan\u00e7ada e p\u00fablico nas arquibancadas, o diretor-executivo da McLaren Zak Brown pede por um &#8220;afrouxamento&#8221; dos protocolos j\u00e1 para o GP da It\u00e1lia, em Monza. <\/p>\n\n\n\n<p class=\"wp-block-paragraph\"><strong>\u25b6\ufe0f&nbsp;Inscreva-se nos dois canais do GRANDE PR\u00caMIO no YouTube:&nbsp;<a href=\"https:\/\/www.youtube.com\/channel\/UC9OlHEgxoaY6QY6nWPoiqQg?sub_confirmation=1\" target=\"_blank\" rel=\"noreferrer noopener\">GP<\/a>&nbsp;|&nbsp;<a href=\"https:\/\/www.youtube.com\/channel\/UC9csiS6q_C3C0FYhyr1rnFA?sub_confirmation=1\" target=\"_blank\" rel=\"noreferrer noopener\">GP2<\/a><\/strong><\/p>\n\n\n\n<p class=\"wp-block-paragraph\">Segundo comunicado oficial da FIA (Federa\u00e7\u00e3o Internacional do Automobilismo), foram realizados 6.691 testes de Covid-19 entre pilotos e equipes no GP da Holanda. Destes, apenas 16 deram positivo. <a href=\"https:\/\/www.grandepremio.com\/br\/f1\/noticias\/kimi-raikkonen-testa-positivo-covid-19-desfalca-alfa-romeo-holanda-robert-kubica-corre\/\" target=\"_blank\" rel=\"noreferrer noopener\">Entre eles, esteve Kimi R\u00e4ikk\u00f6nen, que deu lugar para o piloto reserva da Alfa Romeo, Robert Kubica, correr em seu lugar<\/a>. Por isso, Brown sugere que as regras ainda sejam aplicadas, mas de uma forma menos r\u00edgida. <\/p>\n\n\n\n<p class=\"wp-block-paragraph\">&#8220;Eu definitivamente acho que as restri\u00e7\u00f5es da Covid-19 deveriam ser aplicadas.\u00a0O que estou sugerindo \u00e9 que elas sejam facilitadas de acordo com os protocolos governamentais&#8221;, disse o mandat\u00e1rio, em entrevista \u00e0 ag\u00eancia Reuters.<\/p>\n\n\n\n<figure class=\"wp-block-image size-large\"><img decoding=\"async\" src=\"https:\/\/www.grandepremio.com\/br\/wp-content\/uploads\/2021\/04\/2021BahrainGrandPrixSundayGP2101_133750_56I5282-1024x683.jpg\" alt=\"ZAK BROWN; ANDREAS SEIDL; MCLAREN;\" class=\"wp-image-462916\"\/><figcaption>Zak Brown acredita que os protocolos para a Covid-19 na F1 precisam ser afrouxados (Foto: McLaren)<\/figcaption><\/figure>\n\n\n\n<p class=\"wp-block-paragraph\">&#8220;Foi um assunto deste final de semana, e Stefano [Domenicali, chef\u00e3o da F1] e a FIA reconheceram isto e deram a entender que far\u00e3o mais algumas mudan\u00e7as. Acho que o esporte reagir\u00e1&#8221;, acrescentou.<\/p>\n\n\n\n<p class=\"wp-block-paragraph\"><strong>Conhe\u00e7a o canal do Grande Pr\u00eamio no YouTube! Clique&nbsp;<a rel=\"noreferrer noopener\" href=\"https:\/\/youtube.com\/GrandePremioTV\" target=\"_blank\">aqui<\/a>.<br>Siga o Grande Pr\u00eamio no&nbsp;<a rel=\"noreferrer noopener\" href=\"https:\/\/twitter.com\/grandepremio\" target=\"_blank\">Twitter&nbsp;<\/a>e no&nbsp;<a rel=\"noreferrer noopener\" href=\"https:\/\/instagram.com\/grandepremio\" target=\"_blank\">Instagram<\/a>!<\/strong><\/p>\n\n\n\n<p class=\"wp-block-paragraph\">No entanto, a maior preocupa\u00e7\u00e3o na Europa neste momento \u00e9 alta de casos, desde o in\u00edcio de julho, em decorr\u00eancia da variante delta. O n\u00famero de de interna\u00e7\u00f5es, segundo o instituto alem\u00e3o Robert Koch, est\u00e1 crescendo entre a popula\u00e7\u00e3o de 35 a 59 anos. Mas, para Brown, a F1 precisa seguir com mais firmeza \u00e0s regras de cada pa\u00eds em rela\u00e7\u00e3o \u00e0 pandemia. <\/p>\n\n\n\n<p class=\"wp-block-paragraph\">&#8220;Acho que precisamos seguir as diretrizes do governo mais de perto. Agora que foi discutido e todas as equipes concordam que precisamos come\u00e7ar a afrouxar as regras, talvez d\u00ea para pensar em fazer algo j\u00e1 em Monza&#8221;, concluiu. <\/p>\n\n\n\n<figure class=\"wp-block-embed is-type-video is-provider-youtube wp-block-embed-youtube wp-embed-aspect-16-9 wp-has-aspect-ratio\"><div class=\"wp-block-embed__wrapper\">\n<iframe loading=\"lazy\" title=\"COMO BOTTAS TEM CHANCE NA ALFA ROMEO DE SER PROTAGONISTA DE SUA HIST\u00d3RIA NA F1\" width=\"500\" height=\"281\" src=\"https:\/\/www.youtube.com\/embed\/kH9-W6U3yms?feature=oembed\" frameborder=\"0\" allow=\"accelerometer; autoplay; clipboard-write; encrypted-media; gyroscope; picture-in-picture; web-share\" referrerpolicy=\"strict-origin-when-cross-origin\" allowfullscreen><\/iframe>\n<\/div><figcaption>COMO BOTTAS TEM CHANCE NA ALFA ROMEO DE SER PROTAGONISTA DE SUA HIST\u00d3RIA NA F1<\/figcaption><\/figure>\n","protected":false},"excerpt":{"rendered":"<p>Zak Brown, diretor-executivo da McLaren, pede \u00e0 F1 que &#8220;afrouxe&#8221; os protocolos de Covid-19. O dirigente quer alguns protocolos ainda em uso, mas sente que \u00e9 hora de revisar medidas<\/p>\n","protected":false},"author":0,"featured_media":1000500195,"comment_status":"closed","ping_status":"closed","sticky":false,"template":"","format":"standard","meta":{"42wp_featured_image_caption":"","42wp_featured_image_credits":"","42wp_featured_video":"","42wp_featured_image_hidden":false,"42wp_authors_list":[],"footnotes":""},"categories":[2],"tags":[24858,211,147,24837,25536,24898,24836,547,90,580],"42wp_author":[47139],"class_list":["post-118021","post","type-post","status-publish","format-standard","has-post-thumbnail","hentry","category-f1","tag-covid-19","tag-daniel-ricciardo","tag-f1","tag-formula-1-2","tag-formula-1-2021-2","tag-gp-da-italia","tag-grande-premio-2","tag-lando-norris","tag-mclaren","tag-zak-brown","42wp_author-ana-cerveira"],"_links":{"self":[{"href":"https:\/\/grandepremio.com\/br\/wp-json\/wp\/v2\/posts\/118021","targetHints":{"allow":["GET"]}}],"collection":[{"href":"https:\/\/grandepremio.com\/br\/wp-json\/wp\/v2\/posts"}],"about":[{"href":"https:\/\/grandepremio.com\/br\/wp-json\/wp\/v2\/types\/post"}],"replies":[{"embeddable":true,"href":"https:\/\/grandepremio.com\/br\/wp-json\/wp\/v2\/comments?post=118021"}],"version-history":[{"count":0,"href":"https:\/\/grandepremio.com\/br\/wp-json\/wp\/v2\/posts\/118021\/revisions"}],"wp:featuredmedia":[{"embeddable":true,"href":"https:\/\/grandepremio.com\/br\/wp-json\/wp\/v2\/media\/1000500195"}],"wp:attachment":[{"href":"https:\/\/grandepremio.com\/br\/wp-json\/wp\/v2\/media?parent=118021"}],"wp:term":[{"taxonomy":"category","embeddable":true,"href":"https:\/\/grandepremio.com\/br\/wp-json\/wp\/v2\/categories?post=118021"},{"taxonomy":"post_tag","embeddable":true,"href":"https:\/\/grandepremio.com\/br\/wp-json\/wp\/v2\/tags?post=118021"},{"taxonomy":"42wp_author","embeddable":true,"href":"https:\/\/grandepremio.com\/br\/wp-json\/wp\/v2\/42wp_author?post=118021"}],"curies":[{"name":"wp","href":"https:\/\/api.w.org\/{rel}","templated":true}]}}