{"id":118056,"date":"2021-09-06T07:25:46","date_gmt":"2021-09-06T10:25:46","guid":{"rendered":"https:\/\/grandepremio.com\/br\/noticias\/vacinado-kimi-raikkonen-recebe-ok-autoridades-deixa-holanda-perder-gp-covid-19\/"},"modified":"2021-09-06T07:27:07","modified_gmt":"2021-09-06T10:27:07","slug":"vacinado-kimi-raikkonen-recebe-ok-autoridades-deixa-holanda-perder-gp-covid-19","status":"publish","type":"post","link":"https:\/\/grandepremio.com\/br\/f1\/vacinado-kimi-raikkonen-recebe-ok-autoridades-deixa-holanda-perder-gp-covid-19\/","title":{"rendered":"Vacinado, R\u00e4ikk\u00f6nen \u00e9 autorizado a deixar Holanda ap\u00f3s perder GP por Covid-19"},"content":{"rendered":"\n<figure class=\"wp-block-embed is-type-video is-provider-youtube wp-block-embed-youtube wp-embed-aspect-16-9 wp-has-aspect-ratio\"><div class=\"wp-block-embed__wrapper\">\n<iframe loading=\"lazy\" title=\"COMO FOI O GP DA HOLANDA DA F1 2021 | Resumo, melhores momentos e resultado da F\u00f3rmula 1\" width=\"500\" height=\"281\" src=\"https:\/\/www.youtube.com\/embed\/0TwV5ee-FyQ?feature=oembed\" frameborder=\"0\" allow=\"accelerometer; autoplay; clipboard-write; encrypted-media; gyroscope; picture-in-picture; web-share\" referrerpolicy=\"strict-origin-when-cross-origin\" allowfullscreen><\/iframe>\n<\/div><figcaption>COMO FOI O GP DA HOLANDA DA F1 2021 | Resumo, melhores momentos e resultado da F\u00f3rmula 1<\/figcaption><\/figure>\n\n\n\n<p class=\"wp-block-paragraph\">Kimi R\u00e4ikk\u00f6nen foi liberado pelas autoridades de Holanda e Su\u00ed\u00e7a para voltar para casa. O finland\u00eas ficou de fora do GP em Zandvoort neste fim de semana ap\u00f3s <a href=\"https:\/\/www.grandepremio.com\/br\/f1\/noticias\/kimi-raikkonen-testa-positivo-covid-19-desfalca-alfa-romeo-holanda-robert-kubica-corre\/\" target=\"_blank\" rel=\"noreferrer noopener\">testar positivo para Covid-19<\/a>.<\/p>\n\n\n\n<p class=\"wp-block-paragraph\">Segundo a emissora su\u00ed\u00e7a SRF, R\u00e4ikk\u00f6nen j\u00e1 estava completamente vacinado com duas doses do imunizante produzido pela Pfizer, que foi oferecido aos integrantes da F\u00f3rmula 1 ainda em mar\u00e7o no Bahrein.<\/p>\n\n\n\n<p class=\"wp-block-paragraph\"><strong>LEIA TAMB\u00c9M<\/strong><br><strong><a href=\"https:\/\/www.grandepremio.com\/br\/f1\/noticias\/opiniao-gp-red-bull-aprende-a-contra-atacar-e-enrola-mercedes-em-vitoria-dominante\/\">+OPINI\u00c3O GP:\u00a0<\/a><a href=\"https:\/\/www.grandepremio.com\/br\/equipe\/f1\/2020\/red-bull-racing\/\" target=\"_blank\" rel=\"noreferrer noopener\">Red Bull<\/a><a href=\"https:\/\/www.grandepremio.com\/br\/f1\/noticias\/opiniao-gp-red-bull-aprende-a-contra-atacar-e-enrola-mercedes-em-vitoria-dominante\/\" target=\"_blank\" rel=\"noreferrer noopener\">\u00a0aprende a contra-atacar e enrola Mercedes em vit\u00f3ria dominante na Holanda<\/a><\/strong><\/p>\n\n\n\n<figure class=\"wp-block-image size-large\"><img decoding=\"async\" src=\"https:\/\/www.grandepremio.com\/br\/wp-content\/uploads\/2021\/08\/alfaromeo-kimiraikkonen-01-1-1024x680.jpg\" alt=\"\" class=\"wp-image-504081\"\/><figcaption>Kimi R\u00e4ikk\u00f6nen est\u00e1 vacinado com duas doses de imunizante (Foto: Alfa Romeo)<\/figcaption><\/figure>\n\n\n\n<p class=\"wp-block-paragraph\"><strong>\u25b6\ufe0f\u00a0Inscreva-se nos dois canais do GRANDE PR\u00caMIO no YouTube:\u00a0<a href=\"https:\/\/www.youtube.com\/channel\/UC9OlHEgxoaY6QY6nWPoiqQg?sub_confirmation=1\" target=\"_blank\" rel=\"noreferrer noopener\">GP<\/a>\u00a0|\u00a0<a href=\"https:\/\/www.youtube.com\/channel\/UC9csiS6q_C3C0FYhyr1rnFA?sub_confirmation=1\" target=\"_blank\" rel=\"noreferrer noopener\">GP2<\/a><\/strong><\/p>\n\n\n\n<p class=\"wp-block-paragraph\">Nenhuma vacina protege totalmente contra infec\u00e7\u00e3o, mas a chance de algu\u00e9m completamente vacinado desenvolver um quadro grave da doen\u00e7a reduz consideravelmente. Al\u00e9m disso, aqueles que est\u00e3o com o esquema vacinal completo tamb\u00e9m podem transmitir a doen\u00e7a, da\u00ed a necessidade do uso de m\u00e1scaras e do distanciamento social enquanto os \u00edndices de transmiss\u00e3o comunit\u00e1ria n\u00e3o estiverem praticamente zerados.<\/p>\n\n\n\n<p class=\"wp-block-paragraph\">\u201cRecebi a primeira dose no Bahrein. Caso contr\u00e1rio, teria recebido a vacina em algum momento na Su\u00ed\u00e7a ou na Finl\u00e2ndia\u201d, disse R\u00e4ikk\u00f6nen \u00e0 emissora su\u00ed\u00e7a SRF. \u201cViajamos tanto que podemos proteger as pessoas\u201d, seguiu.<\/p>\n\n\n\n<p class=\"wp-block-paragraph\">Por causa da infec\u00e7\u00e3o, Kimi teria de ficar em isolamento no quarto de um hotel, mas recebeu autoriza\u00e7\u00e3o das autoridades de Holanda e Su\u00ed\u00e7a para voltar para casa em um avi\u00e3o privado. O campe\u00e3o de 2007 da F1, por\u00e9m, est\u00e1 reagindo bem ao novo coronav\u00edrus.<\/p>\n\n\n\n<p class=\"wp-block-paragraph\">Para poder disputar o GP da It\u00e1lia do pr\u00f3ximo dia 12, R\u00e4ikk\u00f6nen vai precisar de dois exames negativos antes de poder reassumir o cockpit. Em Zandvoort, foi Robert Kubica quem correu com a Alfa Romeo.<\/p>\n\n\n\n<figure class=\"wp-block-embed is-type-rich is-provider-spotify wp-block-embed-spotify wp-embed-aspect-21-9 wp-has-aspect-ratio\"><div class=\"wp-block-embed__wrapper\">\n<iframe title=\"Spotify Embed: Paddockast #119 | F1 j\u00e1 fala em revisar regras ap\u00f3s GP da B\u00e9lgica: o que mudar?\" style=\"border-radius: 12px\" width=\"100%\" height=\"152\" frameborder=\"0\" allowfullscreen allow=\"autoplay; clipboard-write; encrypted-media; fullscreen; picture-in-picture\" loading=\"lazy\" src=\"https:\/\/open.spotify.com\/embed\/episode\/1onBd0BgpuuKLqxMnXBO2h?utm_source=oembed\"><\/iframe>\n<\/div><\/figure>\n\n\n\n<figure class=\"wp-block-embed is-type-video is-provider-youtube wp-block-embed-youtube wp-embed-aspect-16-9 wp-has-aspect-ratio\"><div class=\"wp-block-embed__wrapper\">\n<iframe loading=\"lazy\" title=\"AINDA H\u00c1 ESPA\u00c7O NA F1 PARA PILOTOS &amp;apos;RAIZ&amp;apos; AP\u00d3S A SA\u00cdDA DE R\u00c4IKK\u00d6NEN? | GP \u00e0s 10\" width=\"500\" height=\"281\" src=\"https:\/\/www.youtube.com\/embed\/pZjiOvCIDU4?feature=oembed\" frameborder=\"0\" allow=\"accelerometer; autoplay; clipboard-write; encrypted-media; gyroscope; picture-in-picture; web-share\" referrerpolicy=\"strict-origin-when-cross-origin\" allowfullscreen><\/iframe>\n<\/div><figcaption>AINDA H\u00c1 ESPA\u00c7O NA F1 PARA PILOTOS &#8216;RAIZ&#8217; AP\u00d3S A SA\u00cdDA DE R\u00c4IKK\u00d6NEN? | GP \u00e0s 10<\/figcaption><\/figure>\n","protected":false},"excerpt":{"rendered":"<p>O finland\u00eas p\u00f4de retornar \u00e0 Su\u00ed\u00e7a em um voo particular ap\u00f3s testar positivo para o novo coronav\u00edrus. O piloto da Alfa Romeo j\u00e1 recebeu as duas doses de vacina<\/p>\n","protected":false},"author":0,"featured_media":1000505252,"comment_status":"closed","ping_status":"closed","sticky":false,"template":"","format":"standard","meta":{"42wp_featured_image_caption":"","42wp_featured_image_credits":"","42wp_featured_video":"","42wp_featured_image_hidden":false,"42wp_authors_list":[],"footnotes":""},"categories":[2],"tags":[24858,147,156,24837,25536,26868,901,24834],"42wp_author":[47113],"class_list":["post-118056","post","type-post","status-publish","format-standard","has-post-thumbnail","hentry","category-f1","tag-covid-19","tag-f1","tag-f1-2021","tag-formula-1-2","tag-formula-1-2021-2","tag-formula-1-classificacao-2020","tag-holanda","tag-kimi-raikkonen-2","42wp_author-juliana-tesser"],"_links":{"self":[{"href":"https:\/\/grandepremio.com\/br\/wp-json\/wp\/v2\/posts\/118056","targetHints":{"allow":["GET"]}}],"collection":[{"href":"https:\/\/grandepremio.com\/br\/wp-json\/wp\/v2\/posts"}],"about":[{"href":"https:\/\/grandepremio.com\/br\/wp-json\/wp\/v2\/types\/post"}],"replies":[{"embeddable":true,"href":"https:\/\/grandepremio.com\/br\/wp-json\/wp\/v2\/comments?post=118056"}],"version-history":[{"count":0,"href":"https:\/\/grandepremio.com\/br\/wp-json\/wp\/v2\/posts\/118056\/revisions"}],"wp:featuredmedia":[{"embeddable":true,"href":"https:\/\/grandepremio.com\/br\/wp-json\/wp\/v2\/media\/1000505252"}],"wp:attachment":[{"href":"https:\/\/grandepremio.com\/br\/wp-json\/wp\/v2\/media?parent=118056"}],"wp:term":[{"taxonomy":"category","embeddable":true,"href":"https:\/\/grandepremio.com\/br\/wp-json\/wp\/v2\/categories?post=118056"},{"taxonomy":"post_tag","embeddable":true,"href":"https:\/\/grandepremio.com\/br\/wp-json\/wp\/v2\/tags?post=118056"},{"taxonomy":"42wp_author","embeddable":true,"href":"https:\/\/grandepremio.com\/br\/wp-json\/wp\/v2\/42wp_author?post=118056"}],"curies":[{"name":"wp","href":"https:\/\/api.w.org\/{rel}","templated":true}]}}