{"id":118082,"date":"2021-09-05T06:37:18","date_gmt":"2021-09-05T09:37:18","guid":{"rendered":"https:\/\/grandepremio.com\/br\/noticias\/dennis-hauger-vence-corrida-principal-formula-3-holanda-fica-perto-titulo\/"},"modified":"2021-09-05T06:57:04","modified_gmt":"2021-09-05T09:57:04","slug":"dennis-hauger-vence-corrida-principal-formula-3-holanda-fica-perto-titulo","status":"publish","type":"post","link":"https:\/\/grandepremio.com\/br\/f3\/dennis-hauger-vence-corrida-principal-formula-3-holanda-fica-perto-titulo\/","title":{"rendered":"Hauger vence f\u00e1cil corrida principal da F3 na Holanda e fica perto do t\u00edtulo"},"content":{"rendered":"\n<figure class=\"wp-block-video\"><video class=\"video-js vjs-big-play-centered\" data-gp-vjs=\"1\" controls src=\"https:\/\/www.grandepremio.com\/br\/wp-content\/uploads\/2021\/09\/SainzBatidaHolanda.mp4\"><\/video><figcaption>Carlos Sainz bateu forte a Ferrari na inclinada curva 3 do circuito de Zandvoort no treino livre 3 (V\u00eddeo: F1 TV)<\/figcaption><\/figure>\n\n\n\n<p class=\"wp-block-paragraph\">De ponta a ponta, Dennis Hauger fechou o fim de semana da pen\u00faltima etapa da temporada 2021 da F\u00f3rmula 3 com nova vit\u00f3ria, a sua quarta no campeonato. O piloto de 18 anos largou na pole-position da corrida principal da rodada tripla de Zandvoort, na Holanda, disputada na manh\u00e3 deste domingo (5), e n\u00e3o teve advers\u00e1rios desde a largada, partindo assim para um triunfo dominante. Desta forma, Hauger vai para S\u00f3chi, na R\u00fassia, palco da \u00faltima jornada da temporada, em tr\u00eas semanas, com uma m\u00e3o e meia na ta\u00e7a de campe\u00e3o da F\u00f3rmula 3.<\/p>\n\n\n\n<p class=\"wp-block-paragraph\">Se n\u00e3o houve uma luta real pela vit\u00f3ria, a prova em Zandvoort reservou algumas boas disputas mais atr\u00e1s. A mais importante delas envolveu David Schumacher e Victor Martins. O alem\u00e3o da Trident largou em segundo e lutou para manter a posi\u00e7\u00e3o na ra\u00e7a, mas teve de segurar a press\u00e3o feroz de <a href=\"https:\/\/www.grandepremio.com\/br\/f3\/noticias\/victor-martins-vence-primeira-f3-corrida-frenetica-holanda-lideres-nao-pontuam\/\">Martins, que no s\u00e1bado venceu pela primeira vez na F\u00f3rmula 3<\/a>. <\/p>\n\n\n\n<p class=\"wp-block-paragraph\">Valente, o filho de Ralf e sobrinho de Michael Schumacher resistiu aos ataques do franc\u00eas at\u00e9 onde foi poss\u00edvel. Mas quando restavam duas voltas para o fim da prova, o alem\u00e3o foi tocado pelo piloto da MP Motorsport na inclinada curva 3, perdeu o controle do carro e bateu na barreira de prote\u00e7\u00e3o. Fim de prova para David Schumacher, que xingou muito Martins.  O franc\u00eas admitiu: &#8220;Eu fodi tudo&#8221;.<\/p>\n\n\n\n<figure class=\"wp-block-image size-large\"><img decoding=\"async\" src=\"https:\/\/www.grandepremio.com\/br\/wp-content\/uploads\/2021\/09\/E-gmJbsWYAIOKSU-1024x566.jpg\" alt=\"DENNIS HAUGER; F\u00d3RMULA 3; HOLANDA; ZANDVOORT;\" class=\"wp-image-505788\"\/><figcaption>Nem mesmo na largada Hauger foi amea\u00e7ado. O noruegu\u00eas venceu pela quarta vez no campeonato (Foto: F\u00f3rmula 3)<\/figcaption><\/figure>\n\n\n\n<p class=\"wp-block-paragraph\"><strong>\u25b6\ufe0f&nbsp;Inscreva-se nos dois canais do GRANDE PR\u00caMIO no YouTube:&nbsp;<a href=\"https:\/\/www.youtube.com\/channel\/UC9OlHEgxoaY6QY6nWPoiqQg?sub_confirmation=1\" target=\"_blank\" rel=\"noreferrer noopener\">GP<\/a>&nbsp;|&nbsp;<a href=\"https:\/\/www.youtube.com\/channel\/UC9csiS6q_C3C0FYhyr1rnFA?sub_confirmation=1\" target=\"_blank\" rel=\"noreferrer noopener\">GP2<\/a><\/strong><\/p>\n\n\n\n<p class=\"wp-block-paragraph\">De candidato a um lugar no p\u00f3dio, Martins foi punido em 10s por ter causado a colis\u00e3o, terminando assim somente em d\u00e9cimo. Desta forma, depois do per\u00edodo em que a corrida ficou sob regime de safety-car virtual, o segundo lugar ficou com Cl\u00e9ment Novalak, da Trident, enquanto Alex Smolyar, da ART Grand Prix, completou o top-3.<\/p>\n\n\n\n<p class=\"wp-block-paragraph\">Quem tamb\u00e9m teve de lutar muito nesta manh\u00e3 foi Caio Collet. O \u00fanico brasileiro do grid da F\u00f3rmula 3 neste restante de temporada largou em sexto, mas ficou encaixotado em uma disputa por posi\u00e7\u00e3o na curva 3, chegou a ser tocado e perdeu duas posi\u00e7\u00f5es. Da\u00ed em diante, o piloto da MP Motorsport buscou a rea\u00e7\u00e3o, mas teve de enfrentar as naturais dificuldades para ultrapassar em Zandvoort. No fim das contas, Caio terminou em quinto lugar.<\/p>\n\n\n\n<p class=\"wp-block-paragraph\">A rela\u00e7\u00e3o dos dez primeiros na corrida deste domingo teve, al\u00e9m do p\u00f3dio formado por Hauger, Novalak e Smolyar, Jack Doohan, da Trident, em quarto lugar. O australiano, que ainda sustenta chances matem\u00e1ticas de t\u00edtulo, foi seguido por Collet e Logan Sargeant, em outro bom resultado com a Charouz na temporada. Jak Crawford foi o s\u00e9timo com a Hitech, enquanto Frederik Vesti, da ART Grand Prix, terminou em oitavo. Arthur Leclerc, da Prema, finalizou a disputa em nono, enquanto Martins, com a puni\u00e7\u00e3o, fechou apenas em d\u00e9cimo.<\/p>\n\n\n\n<figure class=\"wp-block-image size-large\"><img decoding=\"async\" src=\"https:\/\/www.grandepremio.com\/br\/wp-content\/uploads\/2021\/09\/E-gtxR_WEAgAggl-1024x576.jpg\" alt=\"DAVID SCHUMACHER; VICTOR MARTINS; HOLANDA; F\u00d3RMULA 3;\" class=\"wp-image-505790\"\/><figcaption>David Schumacher foi tocado por Victor Martins na luta pelo segundo lugar (Foto: F\u00f3rmula 3)<\/figcaption><\/figure>\n\n\n\n<p class=\"wp-block-paragraph\">Com tr\u00eas corridas para o fim do campeonato e 65 tentos ainda em jogo, Hauger abriu 43 pontos de vantagem para Jack Doohan e soma agora 193 pontos, contra 150 do australiano. Cl\u00e9ment Novalak tem 122, enquanto Victor Martins e Frederik Vesti est\u00e3o empatados com 117 tentos.<\/p>\n\n\n\n<p class=\"wp-block-paragraph\">Alex Smolyar soma 107 e \u00e9 o sexto, \u00e0 frente de Olli Caldwell \u2014 apenas 14\u00ba neste domingo \u2014, que acumula 92. Caio Collet continua em oitavo, agora com 87 pontos. Logan Sargeant, com 75, e Arthur Leclerc, com 67, fecham a rela\u00e7\u00e3o dos dez melhores na tabela de pontos do campeonato.<\/p>\n\n\n\n<p class=\"wp-block-paragraph\">A F\u00f3rmula 3 volta a acelerar e define seu novo campe\u00e3o entre os dias 24 e 26 de setembro no circuito instalado no Parque Ol\u00edmpico de S\u00f3chi, na R\u00fassia.<\/p>\n\n\n\n<figure class=\"wp-block-embed is-type-video is-provider-youtube wp-block-embed-youtube wp-embed-aspect-16-9 wp-has-aspect-ratio\"><div class=\"wp-block-embed__wrapper\">\n<iframe loading=\"lazy\" title=\"GP DA HOLANDA DE F1: VERSTAPPEN \u00c9 POLE E HAMILTON \u00c9 2\u00ba NO GRID DE LARGADA | Briefing\" width=\"500\" height=\"281\" src=\"https:\/\/www.youtube.com\/embed\/_Zfol3jTzx4?feature=oembed\" frameborder=\"0\" allow=\"accelerometer; autoplay; clipboard-write; encrypted-media; gyroscope; picture-in-picture; web-share\" referrerpolicy=\"strict-origin-when-cross-origin\" allowfullscreen><\/iframe>\n<\/div><figcaption>GP DA HOLANDA DE F1: VERSTAPPEN \u00c9 POLE E HAMILTON \u00c9 2\u00ba NO GRID DE LARGADA | Briefing<\/figcaption><\/figure>\n","protected":false},"excerpt":{"rendered":"<p>Dennis Hauger venceu com autoridade a principal corrida do fim de semana da F\u00f3rmula 3 em Zandvoort. Caio Collet finalizou a disputa deste domingo em quinto<\/p>\n","protected":false},"author":0,"featured_media":1000505789,"comment_status":"closed","ping_status":"closed","sticky":false,"template":"","format":"standard","meta":{"42wp_featured_image_caption":"","42wp_featured_image_credits":"","42wp_featured_video":"","42wp_featured_image_hidden":false,"42wp_authors_list":[],"footnotes":""},"categories":[10],"tags":[448,1581,1008,26641,24945,26907,24836,1389],"42wp_author":[47110],"class_list":["post-118082","post","type-post","status-publish","format-standard","has-post-thumbnail","hentry","category-f3","tag-caio-collet","tag-dennis-hauger","tag-f3","tag-f3-2021","tag-formula-3-2","tag-formula-3-2021","tag-grande-premio-2","tag-zandvoort","42wp_author-fernando-silva"],"_links":{"self":[{"href":"https:\/\/grandepremio.com\/br\/wp-json\/wp\/v2\/posts\/118082","targetHints":{"allow":["GET"]}}],"collection":[{"href":"https:\/\/grandepremio.com\/br\/wp-json\/wp\/v2\/posts"}],"about":[{"href":"https:\/\/grandepremio.com\/br\/wp-json\/wp\/v2\/types\/post"}],"replies":[{"embeddable":true,"href":"https:\/\/grandepremio.com\/br\/wp-json\/wp\/v2\/comments?post=118082"}],"version-history":[{"count":0,"href":"https:\/\/grandepremio.com\/br\/wp-json\/wp\/v2\/posts\/118082\/revisions"}],"wp:featuredmedia":[{"embeddable":true,"href":"https:\/\/grandepremio.com\/br\/wp-json\/wp\/v2\/media\/1000505789"}],"wp:attachment":[{"href":"https:\/\/grandepremio.com\/br\/wp-json\/wp\/v2\/media?parent=118082"}],"wp:term":[{"taxonomy":"category","embeddable":true,"href":"https:\/\/grandepremio.com\/br\/wp-json\/wp\/v2\/categories?post=118082"},{"taxonomy":"post_tag","embeddable":true,"href":"https:\/\/grandepremio.com\/br\/wp-json\/wp\/v2\/tags?post=118082"},{"taxonomy":"42wp_author","embeddable":true,"href":"https:\/\/grandepremio.com\/br\/wp-json\/wp\/v2\/42wp_author?post=118082"}],"curies":[{"name":"wp","href":"https:\/\/api.w.org\/{rel}","templated":true}]}}