{"id":118085,"date":"2021-09-04T20:00:12","date_gmt":"2021-09-04T23:00:12","guid":{"rendered":"https:\/\/grandepremio.com\/br\/noticias\/briefing-max-verstappen-e-pole-em-meio-ao-mar-laranja-e-ve-lewis-hamilton-e-valtteri-bottas-em-seu-encalco\/"},"modified":"2021-09-04T20:00:24","modified_gmt":"2021-09-04T23:00:24","slug":"briefing-max-verstappen-e-pole-em-meio-ao-mar-laranja-e-ve-lewis-hamilton-e-valtteri-bottas-em-seu-encalco","status":"publish","type":"post","link":"https:\/\/grandepremio.com\/br\/f1\/briefing-max-verstappen-e-pole-em-meio-ao-mar-laranja-e-ve-lewis-hamilton-e-valtteri-bottas-em-seu-encalco\/","title":{"rendered":"Briefing: Verstappen \u00e9 pole em meio ao \u2018mar laranja\u2019 e v\u00ea Hamilton e Bottas em seu encal\u00e7o"},"content":{"rendered":"\n<figure class=\"wp-block-embed is-type-video is-provider-youtube wp-block-embed-youtube wp-embed-aspect-16-9 wp-has-aspect-ratio\"><div class=\"wp-block-embed__wrapper\">\n<iframe loading=\"lazy\" title=\"GP DA HOLANDA DE F1: VERSTAPPEN \u00c9 POLE E HAMILTON \u00c9 2\u00ba NO GRID DE LARGADA | Briefing\" width=\"500\" height=\"281\" src=\"https:\/\/www.youtube.com\/embed\/_Zfol3jTzx4?start=292&amp;feature=oembed\" frameborder=\"0\" allow=\"accelerometer; autoplay; clipboard-write; encrypted-media; gyroscope; picture-in-picture; web-share\" referrerpolicy=\"strict-origin-when-cross-origin\" allowfullscreen><\/iframe>\n<\/div><figcaption>GP DA HOLANDA DE F1: VERSTAPPEN \u00c9 POLE E HAMILTON \u00c9 2\u00ba NO GRID DE LARGADA | Briefing<br><\/figcaption><\/figure>\n\n\n\n<p class=\"wp-block-paragraph\">Max Vestappen foi o her\u00f3i mais prov\u00e1vel para a classifica\u00e7\u00e3o do GP da Holanda. Em meio ao apoio do gigantesco &#8216;mar laranja&#8217;, o #33 brilhou, confirmou o favoritismo e conquistou a pole-position em Zandvoort. Mas foi por pouco que Lewis Hamilton, na \u00faltima volta, n\u00e3o fisgou a marca do holand\u00eas. <a href=\"https:\/\/www.grandepremio.com\/br\/f1\/noticias\/mercedes-aposta-ate-em-1-2-com-estrategia-no-gp-da-holanda-formula-1\/\" target=\"_blank\" rel=\"noreferrer noopener\">O heptacampe\u00e3o ficou a apenas 0s038 de superar Verstappen e mostrou um bom ritmo com a Mercedes, que chega forte com o W12 de Hamilton na primeira fila e o de Valtteri Bottas na segunda.<\/a><\/p>\n\n\n\n<p class=\"wp-block-paragraph\">Mas, ent\u00e3o, onde est\u00e1 Sergio P\u00e9rez? A resposta \u00e9: bem longe de seu companheiro de equipe. Isso porque o mexicano obteve seu pior resultado da temporada de 2021 ao nem avan\u00e7ar para o Q2 na classifica\u00e7\u00e3o, ficando com a 16\u00aa posi\u00e7\u00e3o. E, no final da tarde deste s\u00e1bado (4), <a href=\"https:\/\/www.grandepremio.com\/br\/f1\/noticias\/red-bull-decide-trocar-motor-e-faz-sergio-perez-largar-em-ultimo-no-gp-da-holanda\/\" target=\"_blank\" rel=\"noreferrer noopener\">Helmut Marko, consultor dos taurinos, revelou que a equipe far\u00e1 a troca do terceiro motor de &#8216;Checo&#8217;, o que o far\u00e1 ser punido e largar da \u00faltima posi\u00e7\u00e3o do grid.<\/a><\/p>\n\n\n\n<p class=\"wp-block-paragraph\"><strong>\u25b6\ufe0f&nbsp;Inscreva-se nos dois canais do GRANDE PR\u00caMIO no YouTube:&nbsp;<a href=\"https:\/\/www.youtube.com\/channel\/UC9OlHEgxoaY6QY6nWPoiqQg?sub_confirmation=1\" target=\"_blank\" rel=\"noreferrer noopener\">GP<\/a>&nbsp;|&nbsp;<a href=\"https:\/\/www.youtube.com\/channel\/UC9csiS6q_C3C0FYhyr1rnFA?sub_confirmation=1\" target=\"_blank\" rel=\"noreferrer noopener\">GP2<\/a><\/strong><\/p>\n\n\n\n<figure class=\"wp-block-image size-large\"><img decoding=\"async\" src=\"https:\/\/www.grandepremio.com\/br\/wp-content\/uploads\/2020\/05\/SI202109040792_news-scaled-e1630789258825-1024x666.jpg\" alt=\"\" class=\"wp-image-505714\"\/><figcaption>Max Verstappen vai largar da posi\u00e7\u00e3o de honra na corrida deste domingo (5) no GP da Holanda (Photo by Dan Mullan\/Getty Images) <\/figcaption><\/figure>\n\n\n\n<p class=\"wp-block-paragraph\"><strong>Conhe\u00e7a o canal do Grande Pr\u00eamio no YouTube! Clique&nbsp;<a rel=\"noreferrer noopener\" href=\"https:\/\/youtube.com\/GrandePremioTV\" target=\"_blank\">aqui<\/a>.<br>Siga o Grande Pr\u00eamio no&nbsp;<a rel=\"noreferrer noopener\" href=\"https:\/\/twitter.com\/grandepremio\" target=\"_blank\">Twitter&nbsp;<\/a>e no&nbsp;<a rel=\"noreferrer noopener\" href=\"https:\/\/instagram.com\/grandepremio\" target=\"_blank\">Instagram<\/a>!<\/strong><\/p>\n\n\n\n<p class=\"wp-block-paragraph\">Pierre Gasly e a dupla da Ferrari, Charles Leclerc e Carlos Sainz Jr., est\u00e3o atr\u00e1s, mas n\u00e3o prometem vida f\u00e1cil. O piloto da AlphaTauri j\u00e1 exibiu que corre bem na diferente pista holandesa,<a href=\"http:\/\/olanda-carlos-sainz-poe-5o-no-grid-na-conta-dos-mecanicos\/\" target=\"_blank\" rel=\"noreferrer noopener\"> e as SF21 tamb\u00e9m mostraram se dar bem em um circuito mais sinuoso<\/a>.<\/p>\n\n\n\n<p class=\"wp-block-paragraph\">Al\u00e9m disso, para o conjunto da obra, Antonio Giovinazzi, nome mais surpreendente do fim de semana, vai largar em s\u00e9timo lugar com a Alfa Romeo, ao lado da Alpine de Esteban Ocon. Fernando Alonso e Daniel Ricciardo completam a lista dos dez primeiros do grid.<\/p>\n\n\n\n<p class=\"wp-block-paragraph\">\u00c9 disso que o Briefing deste s\u00e1bado tratou, com Victor Martins, Evelyn Guimar\u00e3es e Ana Paula Cerveira.<\/p>\n\n\n\n<figure class=\"wp-block-embed is-type-rich is-provider-spotify wp-block-embed-spotify wp-embed-aspect-21-9 wp-has-aspect-ratio\"><div class=\"wp-block-embed__wrapper\">\n<iframe title=\"Spotify Embed: Paddockast #119 | F1 j\u00e1 fala em revisar regras ap\u00f3s GP da B\u00e9lgica: o que mudar?\" style=\"border-radius: 12px\" width=\"100%\" height=\"152\" frameborder=\"0\" allowfullscreen allow=\"autoplay; clipboard-write; encrypted-media; fullscreen; picture-in-picture\" loading=\"lazy\" src=\"https:\/\/open.spotify.com\/embed\/episode\/1onBd0BgpuuKLqxMnXBO2h?utm_source=oembed\"><\/iframe>\n<\/div><\/figure>\n","protected":false},"excerpt":{"rendered":"<p>O GRANDE PR\u00caMIO dissecou tudo sobre a classifica\u00e7\u00e3o do GP da Holanda de F\u00f3rmula 1 no Briefing deste s\u00e1bado (4)<\/p>\n","protected":false},"author":0,"featured_media":1000505648,"comment_status":"closed","ping_status":"closed","sticky":false,"template":"","format":"standard","meta":{"42wp_featured_image_caption":"","42wp_featured_image_credits":"","42wp_featured_video":"","42wp_featured_image_hidden":false,"42wp_authors_list":[],"footnotes":""},"categories":[2],"tags":[3350,147,24837,25536,1388,24836,87,203,27357,1389],"42wp_author":[47139],"class_list":["post-118085","post","type-post","status-publish","format-standard","has-post-thumbnail","hentry","category-f1","tag-briefing","tag-f1","tag-formula-1-2","tag-formula-1-2021-2","tag-gp-da-holanda","tag-grande-premio-2","tag-lewis-hamilton","tag-max-verstappen","tag-programas-grande-premio","tag-zandvoort","42wp_author-ana-cerveira"],"_links":{"self":[{"href":"https:\/\/grandepremio.com\/br\/wp-json\/wp\/v2\/posts\/118085","targetHints":{"allow":["GET"]}}],"collection":[{"href":"https:\/\/grandepremio.com\/br\/wp-json\/wp\/v2\/posts"}],"about":[{"href":"https:\/\/grandepremio.com\/br\/wp-json\/wp\/v2\/types\/post"}],"replies":[{"embeddable":true,"href":"https:\/\/grandepremio.com\/br\/wp-json\/wp\/v2\/comments?post=118085"}],"version-history":[{"count":0,"href":"https:\/\/grandepremio.com\/br\/wp-json\/wp\/v2\/posts\/118085\/revisions"}],"wp:featuredmedia":[{"embeddable":true,"href":"https:\/\/grandepremio.com\/br\/wp-json\/wp\/v2\/media\/1000505648"}],"wp:attachment":[{"href":"https:\/\/grandepremio.com\/br\/wp-json\/wp\/v2\/media?parent=118085"}],"wp:term":[{"taxonomy":"category","embeddable":true,"href":"https:\/\/grandepremio.com\/br\/wp-json\/wp\/v2\/categories?post=118085"},{"taxonomy":"post_tag","embeddable":true,"href":"https:\/\/grandepremio.com\/br\/wp-json\/wp\/v2\/tags?post=118085"},{"taxonomy":"42wp_author","embeddable":true,"href":"https:\/\/grandepremio.com\/br\/wp-json\/wp\/v2\/42wp_author?post=118085"}],"curies":[{"name":"wp","href":"https:\/\/api.w.org\/{rel}","templated":true}]}}