{"id":118092,"date":"2021-09-04T16:33:20","date_gmt":"2021-09-04T19:33:20","guid":{"rendered":"https:\/\/grandepremio.com\/br\/noticias\/liam-lawson-faz-prova-impecavel-austria-e-garante-vitoria-na-corrida-1-do-dtm\/"},"modified":"2021-09-04T16:49:24","modified_gmt":"2021-09-04T19:49:24","slug":"liam-lawson-faz-prova-impecavel-austria-e-garante-vitoria-na-corrida-1-do-dtm","status":"publish","type":"post","link":"https:\/\/grandepremio.com\/br\/dtm\/liam-lawson-faz-prova-impecavel-austria-e-garante-vitoria-na-corrida-1-do-dtm\/","title":{"rendered":"Lawson faz prova impec\u00e1vel na \u00c1ustria e garante vit\u00f3ria na corrida 1 do DTM"},"content":{"rendered":"\n<figure class=\"wp-block-video\"><video class=\"video-js vjs-big-play-centered\" data-gp-vjs=\"1\" controls src=\"https:\/\/www.grandepremio.com\/br\/wp-content\/uploads\/2021\/09\/SainzBatidaHolanda.mp4\"><\/video><figcaption>Carlos Sainz bateu forte a Ferrari na inclinada curva 3 do circuito de Zandvoort no treino livre 3 (V\u00eddeo: F1 TV)<\/figcaption><\/figure>\n\n\n\n<p class=\"wp-block-paragraph\">Depois de conquistar a pole-position para a corrida 1 da quinta etapa do DTM 2021, Liam Lawson, o piloto mais jovem do grid, sagrou-se vencedor. Correndo no Red Bull Ring, na \u00c1ustria, o neozeland\u00eas deu um passo importante na briga pelo t\u00edtulo. <\/p>\n\n\n\n<p class=\"wp-block-paragraph\"><strong>\u25b6\ufe0f&nbsp;Inscreva-se nos dois canais do GRANDE PR\u00caMIO no YouTube:&nbsp;<a href=\"https:\/\/www.youtube.com\/channel\/UC9OlHEgxoaY6QY6nWPoiqQg?sub_confirmation=1\" target=\"_blank\" rel=\"noreferrer noopener\">GP<\/a>&nbsp;|&nbsp;<a href=\"https:\/\/www.youtube.com\/channel\/UC9csiS6q_C3C0FYhyr1rnFA?sub_confirmation=1\" target=\"_blank\" rel=\"noreferrer noopener\">GP2<\/a><\/strong><\/p>\n\n\n\n<p class=\"wp-block-paragraph\">Maximilian G\u00f6tz ficou com apenas o segundo lugar da prova deste s\u00e1bado. O piloto da Mercedes deixou as coisas mais interessantes no final da prova, ap\u00f3s Lawson fazer seu pit-stop obrigat\u00f3rio. Mas o piloto da Ferrari \u2014  que veste as cores dos taurinos \u2014 seguiu com um desempenho s\u00f3lido e, enfim, conquistou sua segunda vit\u00f3ria na temporada.<\/p>\n\n\n\n<p class=\"wp-block-paragraph\">&#8220;Fiz uma boa corrida e o primeiro stint foi realmente a chave para a corrida para abrirmos a diferen\u00e7a o m\u00e1ximo que pod\u00edamos.&nbsp;Max teve um pit-stop melhor, ent\u00e3o a vantagem diminuiu depois disso.&nbsp;Mas fui constante durante a maior parte da corrida&#8221;, disse Lawson, em comunicado oficial da Ferrari.<\/p>\n\n\n\n<figure class=\"wp-block-image size-large\"><img decoding=\"async\" src=\"https:\/\/www.grandepremio.com\/br\/wp-content\/uploads\/2021\/09\/fjshkjf.png\" alt=\"\" class=\"wp-image-505684\"\/><figcaption>Liam Lawson conquistou sua primeira pole-position e segunda vit\u00f3ria em 2021 (Foto: DTM)<\/figcaption><\/figure>\n\n\n\n<p class=\"wp-block-paragraph\">&#8220;Quando pegamos tr\u00e2nsito, foi muito dif\u00edcil ultrapassar os carros mais lentos, e novamente ele [G\u00f6tz] se aproximou. Os pilotos da Mercedes est\u00e3o perto de n\u00f3s.&nbsp;Precisamos apenas nos concentrar.&nbsp;Amanh\u00e3 teremos o lastro, por isso vamos tentar fazer o melhor trabalho que pudermos com isso.&nbsp;\u00c9 bom ter a pole-position.&nbsp;Foi a nosso primeira da temporada.&nbsp;Ficamos tr\u00eas vezes com a segunda posi\u00e7\u00e3o, ent\u00e3o foi bom ter a pole&#8221;, acrescentou. <\/p>\n\n\n\n<p class=\"wp-block-paragraph\"><strong>Conhe\u00e7a o canal do Grande Pr\u00eamio no YouTube! Clique&nbsp;<a rel=\"noreferrer noopener\" href=\"https:\/\/youtube.com\/GrandePremioTV\" target=\"_blank\">aqui<\/a>.<br>Siga o Grande Pr\u00eamio no&nbsp;<a rel=\"noreferrer noopener\" href=\"https:\/\/twitter.com\/grandepremio\" target=\"_blank\">Twitter&nbsp;<\/a>e no&nbsp;<a rel=\"noreferrer noopener\" href=\"https:\/\/instagram.com\/grandepremio\" target=\"_blank\">Instagram<\/a>!<\/strong><br><strong>R\u00e4ikk\u00f6nen&nbsp;<a href=\"https:\/\/www.grandepremio.com\/br\/f1\/noticias\/kimi-raikkonen-testa-positivo-covid-19-desfalca-alfa-romeo-holanda-robert-kubica-corre\/\">testa positivo para Covid-19<\/a>&nbsp;e desfalca&nbsp;<a href=\"https:\/\/www.grandepremio.com\/br\/equipe\/f1\/2020\/alfa-romeo-racing\/\" target=\"_blank\" rel=\"noreferrer noopener\">Alfa Romeo<\/a>. Kubica corre<\/strong><\/p>\n\n\n\n<p class=\"wp-block-paragraph\">Philip Ellis fechou o p\u00f3dio e o top-3. Alexander Albon, vencedor da corrida 2 da \u00faltima etapa em N\u00fcrburgring, lutou com seu rival Kelvin van der Linde pela quinta posi\u00e7\u00e3o, levando a melhor. O sul-africano, Arjun Maini, Marco Wittmann, Lucas Auer, Vincent Abril e Timo Glock completaram os dez primeiros. <\/p>\n\n\n\n<p class=\"wp-block-paragraph\">No entanto, mesmo finalizando a primeira prova em sexto, Kelvin van der Linde segue na lideran\u00e7a com 139 pontos. G\u00f6tz vem atr\u00e1s com 116 tentos e est\u00e1 a apenas oito de Lawson, que agora tem 108. A classifica\u00e7\u00e3o para a corrida 2 acontece neste domingo, \u00e0s 05h15 (de Bras\u00edlia). A largada est\u00e1 marcada para 08h15. <\/p>\n\n\n\n<figure class=\"wp-block-embed is-type-video is-provider-youtube wp-block-embed-youtube wp-embed-aspect-16-9 wp-has-aspect-ratio\"><div class=\"wp-block-embed__wrapper\">\n<iframe loading=\"lazy\" title=\"GP DA HOLANDA DE F1: VERSTAPPEN \u00c9 POLE E HAMILTON \u00c9 2\u00ba NO GRID DE LARGADA | Briefing\" width=\"500\" height=\"281\" src=\"https:\/\/www.youtube.com\/embed\/_Zfol3jTzx4?start=292&amp;feature=oembed\" frameborder=\"0\" allow=\"accelerometer; autoplay; clipboard-write; encrypted-media; gyroscope; picture-in-picture; web-share\" referrerpolicy=\"strict-origin-when-cross-origin\" allowfullscreen><\/iframe>\n<\/div><figcaption>GP DA HOLANDA DE F1: VERSTAPPEN \u00c9 POLE E HAMILTON \u00c9 2\u00ba NO GRID DE LARGADA | Briefing<br><\/figcaption><\/figure>\n","protected":false},"excerpt":{"rendered":"<p>Pole-position, Liam Lawson teve uma manh\u00e3 impec\u00e1vel no Red Bull Ring e venceu a corrida 1 da quinta etapa do DTM 2021<\/p>\n","protected":false},"author":0,"featured_media":1000505682,"comment_status":"closed","ping_status":"closed","sticky":false,"template":"","format":"standard","meta":{"42wp_featured_image_caption":"","42wp_featured_image_credits":"","42wp_featured_video":"","42wp_featured_image_hidden":false,"42wp_authors_list":[],"footnotes":""},"categories":[13],"tags":[24892,412,3962,207,24836,28399,595,204,1763],"42wp_author":[47139],"class_list":["post-118092","post","type-post","status-publish","format-standard","has-post-thumbnail","hentry","category-dtm","tag-austria-2","tag-dtm","tag-dtm-2021","tag-ferrari","tag-grande-premio-2","tag-kelvin-van-der-linde","tag-liam-lawson","tag-red-bull","tag-red-bull-ring","42wp_author-ana-cerveira"],"_links":{"self":[{"href":"https:\/\/grandepremio.com\/br\/wp-json\/wp\/v2\/posts\/118092","targetHints":{"allow":["GET"]}}],"collection":[{"href":"https:\/\/grandepremio.com\/br\/wp-json\/wp\/v2\/posts"}],"about":[{"href":"https:\/\/grandepremio.com\/br\/wp-json\/wp\/v2\/types\/post"}],"replies":[{"embeddable":true,"href":"https:\/\/grandepremio.com\/br\/wp-json\/wp\/v2\/comments?post=118092"}],"version-history":[{"count":0,"href":"https:\/\/grandepremio.com\/br\/wp-json\/wp\/v2\/posts\/118092\/revisions"}],"wp:featuredmedia":[{"embeddable":true,"href":"https:\/\/grandepremio.com\/br\/wp-json\/wp\/v2\/media\/1000505682"}],"wp:attachment":[{"href":"https:\/\/grandepremio.com\/br\/wp-json\/wp\/v2\/media?parent=118092"}],"wp:term":[{"taxonomy":"category","embeddable":true,"href":"https:\/\/grandepremio.com\/br\/wp-json\/wp\/v2\/categories?post=118092"},{"taxonomy":"post_tag","embeddable":true,"href":"https:\/\/grandepremio.com\/br\/wp-json\/wp\/v2\/tags?post=118092"},{"taxonomy":"42wp_author","embeddable":true,"href":"https:\/\/grandepremio.com\/br\/wp-json\/wp\/v2\/42wp_author?post=118092"}],"curies":[{"name":"wp","href":"https:\/\/api.w.org\/{rel}","templated":true}]}}