{"id":118095,"date":"2021-09-04T15:17:05","date_gmt":"2021-09-04T18:17:05","guid":{"rendered":"https:\/\/grandepremio.com\/br\/noticias\/speed-trap-velocidades-maximas-cada-piloto-classificacao-gp-da-holanda\/"},"modified":"2021-09-04T15:17:12","modified_gmt":"2021-09-04T18:17:12","slug":"speed-trap-velocidades-maximas-cada-piloto-classificacao-gp-da-holanda","status":"publish","type":"post","link":"https:\/\/grandepremio.com\/br\/f1\/speed-trap-velocidades-maximas-cada-piloto-classificacao-gp-da-holanda\/","title":{"rendered":"Speed trap: velocidades m\u00e1ximas de cada piloto na classifica\u00e7\u00e3o do GP da Holanda"},"content":{"rendered":"\n<figure class=\"wp-block-video\"><video class=\"video-js vjs-big-play-centered\" data-gp-vjs=\"1\" controls src=\"https:\/\/www.grandepremio.com\/br\/wp-content\/uploads\/2021\/09\/SainzBatidaHolanda.mp4\"><\/video><figcaption>Carlos Sainz bateu forte a Ferrari na inclinada curva 3 do circuito de Zandvoort no treino livre 3 (V\u00eddeo: F1 TV)<\/figcaption><\/figure>\n\n\n\n<p class=\"wp-block-paragraph\"><a href=\"https:\/\/www.grandepremio.com\/br\/f1\/noticias\/nikita-mazepin-acusa-mick-schumacher-atrapalhar-volta-q1-proposito-puto-da-cara\/\" target=\"_blank\" rel=\"noreferrer noopener\">Apesar de se atrapalhar com Nikita Mazepin, seu companheiro de equipe,<\/a> Mick Schumacher registrou a maior velocidade na classifica\u00e7\u00e3o da\u00a0F\u00f3rmula 1\u00a0para o GP da Holanda deste s\u00e1bado (4) e liderou a tabela do speed trap. O piloto da\u00a0Haas atingiu 320.1 km\/h no caminho para a 19\u00aa coloca\u00e7\u00e3o no grid de largada.<\/p>\n\n\n\n<p class=\"wp-block-paragraph\">Nicholas Latifi fez 319.1 km\/h e ficou com o segundo posto na tabela de maiores velocidades, \u00e0 frente de\u00a0Sebastian Vettel e Daniel Ricciardo.\u00a0Antonio Giovinazzi ficou com a quinta coloca\u00e7\u00e3o, escoltado por\u00a0Lewis Hamilton. Seu parceiro de Mercedes, Valtteri Bottas, foi o sexto: 314.3 km\/h.<\/p>\n\n\n\n<p class=\"wp-block-paragraph\"><strong>\u25b6\ufe0f&nbsp;Inscreva-se nos dois canais do GRANDE PR\u00caMIO no YouTube:&nbsp;<a href=\"https:\/\/www.youtube.com\/channel\/UC9OlHEgxoaY6QY6nWPoiqQg?sub_confirmation=1\" target=\"_blank\" rel=\"noreferrer noopener\">GP<\/a>&nbsp;|&nbsp;<a href=\"https:\/\/www.youtube.com\/channel\/UC9csiS6q_C3C0FYhyr1rnFA?sub_confirmation=1\" target=\"_blank\" rel=\"noreferrer noopener\">GP2<\/a><\/strong><\/p>\n\n\n\n<figure class=\"wp-block-image size-large\"><img decoding=\"async\" src=\"https:\/\/www.grandepremio.com\/br\/wp-content\/uploads\/2020\/05\/000_9M893K-1024x747.jpg\" alt=\"\" class=\"wp-image-505567\"\/><figcaption>Max Verstappen foi o pole-position, mas \u00faltimo colocado no Speed trap (Photo by Francisco Seco \/ POOL \/ AFP)<\/figcaption><\/figure>\n\n\n\n<figure class=\"wp-block-embed is-type-rich is-provider-spotify wp-block-embed-spotify wp-embed-aspect-21-9 wp-has-aspect-ratio\"><div class=\"wp-block-embed__wrapper\">\n<iframe title=\"Spotify Embed: Paddockast #119 | F1 j\u00e1 fala em revisar regras ap\u00f3s GP da B\u00e9lgica: o que mudar?\" style=\"border-radius: 12px\" width=\"100%\" height=\"152\" frameborder=\"0\" allowfullscreen allow=\"autoplay; clipboard-write; encrypted-media; fullscreen; picture-in-picture\" loading=\"lazy\" src=\"https:\/\/open.spotify.com\/embed\/episode\/1onBd0BgpuuKLqxMnXBO2h?utm_source=oembed\"><\/iframe>\n<\/div><figcaption>Paddockast #119 | F1 j\u00e1 fala em revisar regras ap\u00f3s GP da B\u00e9lgica: o que mudar?<\/figcaption><\/figure>\n\n\n\n<p class=\"wp-block-paragraph\">Robert Kubica, <a href=\"https:\/\/www.grandepremio.com\/br\/f1\/noticias\/kimi-raikkonen-testa-positivo-covid-19-desfalca-alfa-romeo-holanda-robert-kubica-corre\/\">que substituiu Kimi R\u00e4ikk\u00f6nen por ter testado positivo para a Covid-19<\/a>, vai largar apenas na 18\u00aa coloca\u00e7\u00e3o, mas foi o oitavo mais veloz a 314.1 km\/h. Os dois pilotos da Alpine, Fernando Alonso e Esteban Ocon, ficaram com a nona e d\u00e9cima posi\u00e7\u00f5es, respectivamente, e fecham o top-10.<\/p>\n\n\n\n<p class=\"wp-block-paragraph\">Na segunda metade da lista, estiveram: George Russell, Lane Stroll, Pierre Gasly, Nikita Mazepin, Lando Norris, Charles Leclerc, Carlos Sainz Jr., Sergio P\u00e9rez, Yuki Tsunoda e, o pole-position, Max Verstappen. <\/p>\n\n\n\n<p class=\"wp-block-paragraph\">O&nbsp;<strong>GRANDE PR\u00caMIO<\/strong>&nbsp;acompanha todas as atividades do GP da Holanda deste fim de semana com transmiss\u00e3o&nbsp;<a href=\"https:\/\/www.grandepremio.com\/br\/f1\/ao-vivo\"><strong>AO VIVO<\/strong>&nbsp;e&nbsp;<strong>EM TEMPO REAL<\/strong><\/a>. No domingo, a largada est\u00e1 marcada para as 10h (de Bras\u00edlia).<\/p>\n\n\n\n<p class=\"wp-block-paragraph\"><strong>F1 2021, GP da Holanda, Zandvoort, Speed Trap:<\/strong><\/p>\n\n\n\n<figure class=\"wp-block-table\"><table><tbody><tr><td>1<\/td><td>M SCHUMACHER<\/td><td>320.1<\/td><\/tr><tr><td>2<\/td><td>N LATIFI<\/td><td>319.1<\/td><\/tr><tr><td>3<\/td><td>S VETTEL<\/td><td>316.4<\/td><\/tr><tr><td>4<\/td><td>D RICCIARDO<\/td><td>316<\/td><\/tr><tr><td>5<\/td><td>A GIOVINAZZI<\/td><td>315.8<\/td><\/tr><tr><td>6<\/td><td>L HAMILTON<\/td><td>314.5<\/td><\/tr><tr><td>7<\/td><td>V BOTTAS<\/td><td>314.3<\/td><\/tr><tr><td>8<\/td><td>R KUBICA<\/td><td>314.1<\/td><\/tr><tr><td>9<\/td><td>F ALONSO<\/td><td>313.7<\/td><\/tr><tr><td>10<\/td><td>E OCON<\/td><td>312.7<\/td><\/tr><tr><td>11<\/td><td>G RUSSELL<\/td><td>312.5<\/td><\/tr><tr><td>12<\/td><td>L STROLL<\/td><td>312.1<\/td><\/tr><tr><td>13<\/td><td>P GASLY<\/td><td>311.7<\/td><\/tr><tr><td>14<\/td><td>N MAZEPIN<\/td><td>311.3<\/td><\/tr><tr><td>15<\/td><td>L NORRIS<\/td><td>310.8<\/td><\/tr><tr><td>16<\/td><td>C LECLERC<\/td><td>310.6<\/td><\/tr><tr><td>17<\/td><td>C SAINZ<\/td><td>310.6<\/td><\/tr><tr><td>18<\/td><td>S P\u00c9REZ<\/td><td>310.1<\/td><\/tr><tr><td>19<\/td><td>Y TSUNODA<\/td><td>309.4<\/td><\/tr><tr><td>20<\/td><td>M VERSTAPPEN&nbsp;<\/td><td>308.7<\/td><\/tr><\/tbody><\/table><\/figure>\n\n\n\n<p class=\"wp-block-paragraph\"><strong>Conhe\u00e7a o canal do Grande Pr\u00eamio no YouTube! Clique&nbsp;<a rel=\"noreferrer noopener\" href=\"https:\/\/youtube.com\/GrandePremioTV\" target=\"_blank\">aqui<\/a>.<br>Siga o Grande Pr\u00eamio no&nbsp;<a rel=\"noreferrer noopener\" href=\"https:\/\/twitter.com\/grandepremio\" target=\"_blank\">Twitter&nbsp;<\/a>e no&nbsp;<a rel=\"noreferrer noopener\" href=\"https:\/\/instagram.com\/grandepremio\" target=\"_blank\">Instagram<\/a>!<\/strong><\/p>\n\n\n\n<figure class=\"wp-block-embed is-type-video is-provider-youtube wp-block-embed-youtube wp-embed-aspect-16-9 wp-has-aspect-ratio\"><div class=\"wp-block-embed__wrapper\">\n<iframe loading=\"lazy\" title=\"GP DA HOLANDA DE F1: VERSTAPPEN \u00c9 POLE E HAMILTON \u00c9 2\u00ba NO GRID DE LARGADA | Briefing\" width=\"500\" height=\"281\" src=\"https:\/\/www.youtube.com\/embed\/_Zfol3jTzx4?feature=oembed\" frameborder=\"0\" allow=\"accelerometer; autoplay; clipboard-write; encrypted-media; gyroscope; picture-in-picture; web-share\" referrerpolicy=\"strict-origin-when-cross-origin\" allowfullscreen><\/iframe>\n<\/div><figcaption>GP DA HOLANDA DE F1: TUDO SOBRE A CLASSIFICA\u00c7\u00c3O EM ZANDVOORT | Briefing<\/figcaption><\/figure>\n","protected":false},"excerpt":{"rendered":"<p>Com 320,1 km\/h, Mick Schumacher registrou a maior velocidade m\u00e1xima da classifica\u00e7\u00e3o da F\u00f3rmula 1 em Zandvoort. Nicholas Latifi e Sebastian Vettel formaram o top-3 do speed trap<\/p>\n","protected":false},"author":0,"featured_media":1000505276,"comment_status":"closed","ping_status":"closed","sticky":false,"template":"","format":"standard","meta":{"42wp_featured_image_caption":"","42wp_featured_image_credits":"","42wp_featured_video":"","42wp_featured_image_hidden":false,"42wp_authors_list":[],"footnotes":""},"categories":[2],"tags":[24837,1388,24836,119,1998,1389],"42wp_author":[47139],"class_list":["post-118095","post","type-post","status-publish","format-standard","has-post-thumbnail","hentry","category-f1","tag-formula-1-2","tag-gp-da-holanda","tag-grande-premio-2","tag-haas","tag-speed-trap","tag-zandvoort","42wp_author-ana-cerveira"],"_links":{"self":[{"href":"https:\/\/grandepremio.com\/br\/wp-json\/wp\/v2\/posts\/118095","targetHints":{"allow":["GET"]}}],"collection":[{"href":"https:\/\/grandepremio.com\/br\/wp-json\/wp\/v2\/posts"}],"about":[{"href":"https:\/\/grandepremio.com\/br\/wp-json\/wp\/v2\/types\/post"}],"replies":[{"embeddable":true,"href":"https:\/\/grandepremio.com\/br\/wp-json\/wp\/v2\/comments?post=118095"}],"version-history":[{"count":0,"href":"https:\/\/grandepremio.com\/br\/wp-json\/wp\/v2\/posts\/118095\/revisions"}],"wp:featuredmedia":[{"embeddable":true,"href":"https:\/\/grandepremio.com\/br\/wp-json\/wp\/v2\/media\/1000505276"}],"wp:attachment":[{"href":"https:\/\/grandepremio.com\/br\/wp-json\/wp\/v2\/media?parent=118095"}],"wp:term":[{"taxonomy":"category","embeddable":true,"href":"https:\/\/grandepremio.com\/br\/wp-json\/wp\/v2\/categories?post=118095"},{"taxonomy":"post_tag","embeddable":true,"href":"https:\/\/grandepremio.com\/br\/wp-json\/wp\/v2\/tags?post=118095"},{"taxonomy":"42wp_author","embeddable":true,"href":"https:\/\/grandepremio.com\/br\/wp-json\/wp\/v2\/42wp_author?post=118095"}],"curies":[{"name":"wp","href":"https:\/\/api.w.org\/{rel}","templated":true}]}}