{"id":118149,"date":"2021-09-02T12:10:42","date_gmt":"2021-09-02T15:10:42","guid":{"rendered":"https:\/\/grandepremio.com\/br\/noticias\/fernando-alonso-promete-primeiro-levantar-a-mao-pedir-sair-se-nao-for-mais-competitivo\/"},"modified":"2021-09-02T12:30:32","modified_gmt":"2021-09-02T15:30:32","slug":"fernando-alonso-promete-primeiro-levantar-a-mao-pedir-sair-se-nao-for-mais-competitivo","status":"publish","type":"post","link":"https:\/\/grandepremio.com\/br\/f1\/fernando-alonso-promete-primeiro-levantar-a-mao-pedir-sair-se-nao-for-mais-competitivo\/","title":{"rendered":"Alonso promete ser \u201cprimeiro a levantar a m\u00e3o\u201d e pedir para sair se n\u00e3o for mais competitivo"},"content":{"rendered":"\n<figure class=\"wp-block-embed is-type-video is-provider-youtube wp-block-embed-youtube wp-embed-aspect-16-9 wp-has-aspect-ratio\"><div class=\"wp-block-embed__wrapper\">\n<iframe loading=\"lazy\" title=\"R\u00c4IKK\u00d6NEN ANUNCIA APOSENTADORIA DA F1 + OUTRAS N\u00c3O CORRIDAS DA HIST\u00d3RIA | #TTGP\" width=\"500\" height=\"281\" src=\"https:\/\/www.youtube.com\/embed\/_Ez2bScrC6c?feature=oembed\" frameborder=\"0\" allow=\"accelerometer; autoplay; clipboard-write; encrypted-media; gyroscope; picture-in-picture; web-share\" referrerpolicy=\"strict-origin-when-cross-origin\" allowfullscreen><\/iframe>\n<\/div><\/figure>\n\n\n\n<p class=\"wp-block-paragraph\">Fernando Alonso garantiu que ser\u00e1 o primeiro a se manifestar e pedir para deixar a F\u00f3rmula 1 se n\u00e3o for mais competitivo. Ainda assim, o espanhol, que est\u00e1 prestes a se tornar o piloto mais velho do grid, disse torcer para seguir no Mundial em 20223.<\/p>\n\n\n\n<p class=\"wp-block-paragraph\">Depois de dois anos de aus\u00eancia, Alonso retornou ao grid da F1 em 2021 e j\u00e1 renovou com a Alpine para 2022, quando o campeonato passar\u00e1 por uma importante mudan\u00e7a de regulamento. Depois de um in\u00edcio de ano mais t\u00edmido, Fernando engatou uma boa sequ\u00eancia e pontuou em seis das \u00faltimas sete etapas.<\/p>\n\n\n\n<p class=\"wp-block-paragraph\"><strong>\u25b6\ufe0f\u00a0Inscreva-se nos dois canais do GRANDE PR\u00caMIO no YouTube:\u00a0<a href=\"https:\/\/www.youtube.com\/channel\/UC9OlHEgxoaY6QY6nWPoiqQg?sub_confirmation=1\" target=\"_blank\" rel=\"noreferrer noopener\">GP<\/a>\u00a0|\u00a0<a href=\"https:\/\/www.youtube.com\/channel\/UC9csiS6q_C3C0FYhyr1rnFA?sub_confirmation=1\" target=\"_blank\" rel=\"noreferrer noopener\">GP2<\/a><\/strong><\/p>\n\n\n\n<figure class=\"wp-block-image size-large\"><img decoding=\"async\" src=\"https:\/\/www.grandepremio.com\/br\/wp-content\/uploads\/2021\/08\/alpine-fernandoalonso-02-3-1024x683.jpg\" alt=\"\" class=\"wp-image-504092\"\/><figcaption>Alonso conhece muito bem a F\u00f3rmula 1. Corre na categoria desde 2001 (Foto: Alpine)<\/figcaption><\/figure>\n\n\n\n<p class=\"wp-block-paragraph\"><strong>Conhe\u00e7a o canal do Grande Pr\u00eamio no YouTube! Clique\u00a0<a rel=\"noreferrer noopener\" href=\"https:\/\/youtube.com\/GrandePremioTV\" target=\"_blank\">aqui<\/a>.<br>Siga o Grande Pr\u00eamio no\u00a0<a rel=\"noreferrer noopener\" href=\"https:\/\/twitter.com\/grandepremio\" target=\"_blank\">Twitter\u00a0<\/a>e no\u00a0<a rel=\"noreferrer noopener\" href=\"https:\/\/instagram.com\/grandepremio\" target=\"_blank\">Instagram<\/a>!<\/strong><\/p>\n\n\n\n<p class=\"wp-block-paragraph\">Aos 40 anos, Alonso torce para que a Alpine acerte a m\u00e3o no desenvolvimento do carro do pr\u00f3ximo, mas reconhece que as metas de 2021 n\u00e3o devem ser alcan\u00e7adas.<\/p>\n\n\n\n<p class=\"wp-block-paragraph\">\u201cTomara que no pr\u00f3ximo ano n\u00f3s tenhamos um pacote com que possamos lutar por posi\u00e7\u00f5es competitivas, um passo melhor do que neste ano\u201d, disse Alonso. \u201cDepois de p\u00f3dios da Renault no ano passado, t\u00ednhamos a expectativa de que poder\u00edamos lutar por tr\u00eas ou quatro p\u00f3dios na temporada e, provavelmente, n\u00e3o vamos conseguir isso\u201d, seguiu.<\/p>\n\n\n\n<p class=\"wp-block-paragraph\">\u201cA Ferrari melhorou muito, a AlphaTauri melhorou, a McLaren deu um passo \u00e0 frente com o motor Mercedes\u201d, apontou. \u201cEnt\u00e3o nos vemos entre a oitava posi\u00e7\u00e3o e a 12\u00aa, algo que queremos melhorar no pr\u00f3ximo ano. Essa ser\u00e1 a meta. Isso vai me encorajar a continuar depois disso\u201d, ponderou.<\/p>\n\n\n\n<p class=\"wp-block-paragraph\">Com a aposentadoria de Kimi R\u00e4ikk\u00f6nen, Alonso ser\u00e1 o piloto mais velho em atividade. Mas a idade n\u00e3o \u00e9 a preocupa\u00e7\u00e3o no momento.<\/p>\n\n\n\n<p class=\"wp-block-paragraph\">\u201cDo meu lado, preciso seguir melhorando. Como disse muitas vezes, provavelmente ainda n\u00e3o estou 100% e dias [como a classifica\u00e7\u00e3o na B\u00e9lgica] me mostram que preciso melhorar em algumas \u00e1reas\u201d, comentou. \u201cNo pr\u00f3ximo ano, se virmos progresso em mim e eu continuar melhorando e curtindo, por que n\u00e3o continuar? Se perceber que n\u00e3o tenho velocidade ou n\u00e3o estou fazendo um bom trabalho, serei o primeiro a levantar a m\u00e3o e dizer que talvez uma cara nova seja melhor para a equipe, mas espero que n\u00e3o\u201d, declarou.<\/p>\n\n\n\n<p class=\"wp-block-paragraph\">\u201cEspero que possa levantar a m\u00e3o e dizer que estou pronto para o desafio de 2023\u201d, completou.<\/p>\n\n\n\n<p class=\"wp-block-paragraph\">O\u00a0<strong>GRANDE PR\u00caMIO<\/strong>\u00a0cobre todas as atividades do GP da Holanda de F\u00f3rmula 1\u00a0<strong><a href=\"https:\/\/www.grandepremio.com\/br\/ao-vivo\/f1\/\">AO VIVO e em TEMPO REAL<\/a><\/strong>.\u00a0<strong><a href=\"https:\/\/www.grandepremio.com\/br\/f1\/\">Siga tudo aqui<\/a><\/strong>.<\/p>\n\n\n\n<figure class=\"wp-block-embed is-type-video is-provider-youtube wp-block-embed-youtube wp-embed-aspect-16-9 wp-has-aspect-ratio\"><div class=\"wp-block-embed__wrapper\">\n<iframe loading=\"lazy\" title=\"BOMBA NA F1 2022! RUSSELL NA MERCEDES, R\u00c4IKK\u00d6NEN E GIOVINAZZI FORA E ALFA ROMEO SEM FERRARI?\" width=\"500\" height=\"281\" src=\"https:\/\/www.youtube.com\/embed\/7_SqR63qc7c?start=3&amp;feature=oembed\" frameborder=\"0\" allow=\"accelerometer; autoplay; clipboard-write; encrypted-media; gyroscope; picture-in-picture; web-share\" referrerpolicy=\"strict-origin-when-cross-origin\" allowfullscreen><\/iframe>\n<\/div><\/figure>\n","protected":false},"excerpt":{"rendered":"<p>O piloto da Alpine disse torcer para estar no grid de 2023, mas garantiu que ser\u00e1 o primeiro a se manifestar se n\u00e3o for mais competitivo ou se n\u00e3o tiver mais velocidade<\/p>\n","protected":false},"author":0,"featured_media":1000502903,"comment_status":"closed","ping_status":"closed","sticky":false,"template":"","format":"standard","meta":{"42wp_featured_image_caption":"","42wp_featured_image_credits":"","42wp_featured_video":"","42wp_featured_image_hidden":false,"42wp_authors_list":[],"footnotes":""},"categories":[2],"tags":[147,156,176,24837,25536,26868],"42wp_author":[47113],"class_list":["post-118149","post","type-post","status-publish","format-standard","has-post-thumbnail","hentry","category-f1","tag-f1","tag-f1-2021","tag-fernando-alonso","tag-formula-1-2","tag-formula-1-2021-2","tag-formula-1-classificacao-2020","42wp_author-juliana-tesser"],"_links":{"self":[{"href":"https:\/\/grandepremio.com\/br\/wp-json\/wp\/v2\/posts\/118149","targetHints":{"allow":["GET"]}}],"collection":[{"href":"https:\/\/grandepremio.com\/br\/wp-json\/wp\/v2\/posts"}],"about":[{"href":"https:\/\/grandepremio.com\/br\/wp-json\/wp\/v2\/types\/post"}],"replies":[{"embeddable":true,"href":"https:\/\/grandepremio.com\/br\/wp-json\/wp\/v2\/comments?post=118149"}],"version-history":[{"count":0,"href":"https:\/\/grandepremio.com\/br\/wp-json\/wp\/v2\/posts\/118149\/revisions"}],"wp:featuredmedia":[{"embeddable":true,"href":"https:\/\/grandepremio.com\/br\/wp-json\/wp\/v2\/media\/1000502903"}],"wp:attachment":[{"href":"https:\/\/grandepremio.com\/br\/wp-json\/wp\/v2\/media?parent=118149"}],"wp:term":[{"taxonomy":"category","embeddable":true,"href":"https:\/\/grandepremio.com\/br\/wp-json\/wp\/v2\/categories?post=118149"},{"taxonomy":"post_tag","embeddable":true,"href":"https:\/\/grandepremio.com\/br\/wp-json\/wp\/v2\/tags?post=118149"},{"taxonomy":"42wp_author","embeddable":true,"href":"https:\/\/grandepremio.com\/br\/wp-json\/wp\/v2\/42wp_author?post=118149"}],"curies":[{"name":"wp","href":"https:\/\/api.w.org\/{rel}","templated":true}]}}