{"id":118152,"date":"2021-09-02T10:55:38","date_gmt":"2021-09-02T13:55:38","guid":{"rendered":"https:\/\/grandepremio.com\/br\/noticias\/sebastian-vettel-protestos-ambientais-gp-holanda-importante-chamar-atencao\/"},"modified":"2021-09-02T10:55:46","modified_gmt":"2021-09-02T13:55:46","slug":"sebastian-vettel-protestos-ambientais-gp-holanda-importante-chamar-atencao","status":"publish","type":"post","link":"https:\/\/grandepremio.com\/br\/f1\/sebastian-vettel-protestos-ambientais-gp-holanda-importante-chamar-atencao\/","title":{"rendered":"Vettel defende protestos ambientais durante GP da Holanda: &#8220;Importante chamar aten\u00e7\u00e3o&#8221;"},"content":{"rendered":"\n<figure class=\"wp-block-embed is-type-video is-provider-youtube wp-block-embed-youtube wp-embed-aspect-16-9 wp-has-aspect-ratio\"><div class=\"wp-block-embed__wrapper\">\n<iframe loading=\"lazy\" title=\"F1 ACERTA AO N\u00c3O CORRER NA B\u00c9LGICA. MAS PRECISA TRATAR OS F\u00c3S MELHOR\" width=\"500\" height=\"281\" src=\"https:\/\/www.youtube.com\/embed\/9SeQDO1ffz0?feature=oembed\" frameborder=\"0\" allow=\"accelerometer; autoplay; clipboard-write; encrypted-media; gyroscope; picture-in-picture; web-share\" referrerpolicy=\"strict-origin-when-cross-origin\" allowfullscreen><\/iframe>\n<\/div><figcaption>F1 ACERTA AO N\u00c3O CORRER NA B\u00c9LGICA. MAS PRECISA TRATAR OS F\u00c3S MELHOR<\/figcaption><\/figure>\n\n\n\n<p class=\"wp-block-paragraph\">Sebastian Vettel acenou de forma positiva com o protesto ambiental que acontecer\u00e1 em Zandvoort neste fim de semana. No retorno do GP da Holanda ao calend\u00e1rio da F\u00f3rmula 1, o grupo Extinction Rebellion promover\u00e1 uma manifesta\u00e7\u00e3o com bicicletas na cidade na tarde da corrida.<\/p>\n\n\n\n<p class=\"wp-block-paragraph\">O grupo classifica a prova como &#8220;exemplo de emiss\u00f5es desnecess\u00e1rias, perturba\u00e7\u00e3o da natureza e amea\u00e7a ao futuro&#8221;, e denomina o protesto de bicicletas como &#8220;F\u00f3rmula 0&#8221;. Vettel cr\u00ea que qualquer a\u00e7\u00e3o para chamar a aten\u00e7\u00e3o sobre problemas ambientais \u00e9 sempre aceita, e cr\u00ea que as a\u00e7\u00f5es da F\u00f3rmula 1 para tornar a categoria mais sustent\u00e1vel ainda n\u00e3o s\u00e3o suficientes.<\/p>\n\n\n\n<p class=\"wp-block-paragraph\"><strong>\u25b6\ufe0f\u00a0Inscreva-se nos dois canais do GRANDE PR\u00caMIO no YouTube:\u00a0<a href=\"https:\/\/www.youtube.com\/channel\/UC9OlHEgxoaY6QY6nWPoiqQg?sub_confirmation=1\" target=\"_blank\" rel=\"noreferrer noopener\">GP<\/a>\u00a0|\u00a0<a href=\"https:\/\/www.youtube.com\/channel\/UC9csiS6q_C3C0FYhyr1rnFA?sub_confirmation=1\" target=\"_blank\" rel=\"noreferrer noopener\">GP2<\/a><\/strong><\/p>\n\n\n\n<p class=\"wp-block-paragraph\">&#8220;Eu ouvi falar sobre. Vivemos em um tempo onde \u00e9 importante chamar a aten\u00e7\u00e3o, e \u00e9 isso que eles est\u00e3o fazendo, ent\u00e3o acho bom. Se voc\u00ea me perguntar como responderia, diria que t\u00eam v\u00e1rias coisas que a F\u00f3rmula 1 planeja fazer, algumas pequenas coisas que j\u00e1 est\u00e3o tomando a\u00e7\u00e3o, o que \u00e9 bom. Mas \u00e9 suficiente? N\u00e3o, n\u00e3o \u00e9 suficiente&#8221;, declarou o piloto da Aston Martin na coletiva de imprensa do GP da Holanda.<\/p>\n\n\n\n<figure class=\"wp-block-image size-large\"><img decoding=\"async\" src=\"https:\/\/www.grandepremio.com\/br\/wp-content\/uploads\/2021\/09\/000_9LP6MX-1024x695.jpg\" alt=\"\" class=\"wp-image-505006\"\/><figcaption>Zandvoort recebe a F1 (Foto: Robin Van Lonkhuijsen\/AFP)<\/figcaption><\/figure>\n\n\n\n<p class=\"wp-block-paragraph\"><strong>Conhe\u00e7a o canal do Grande Pr\u00eamio no YouTube! Clique\u00a0<a rel=\"noreferrer noopener\" href=\"https:\/\/youtube.com\/GrandePremioTV\" target=\"_blank\">aqui<\/a>.<br>Siga o Grande Pr\u00eamio no\u00a0<a rel=\"noreferrer noopener\" href=\"https:\/\/twitter.com\/grandepremio\" target=\"_blank\">Twitter\u00a0<\/a>e no\u00a0<a rel=\"noreferrer noopener\" href=\"https:\/\/instagram.com\/grandepremio\" target=\"_blank\">Instagram<\/a>!<\/strong><\/p>\n\n\n\n<p class=\"wp-block-paragraph\">&#8220;\u00c9 claro que \u00e9 bem diferente em cada pa\u00eds, e algumas na\u00e7\u00f5es est\u00e3o mais adiantadas do que outras, algumas pessoas est\u00e3o adiantadas ao abordar este t\u00f3pico do que outras. Mas, como toda a humanidade, estamos fazendo o suficiente? Provavelmente n\u00e3o. \u00c9 que entendemos o que est\u00e1 em jogo, e se n\u00e3o entendermos, ent\u00e3o acho que n\u00e3o h\u00e1 futuro&#8221;, seguiu Vettel.<\/p>\n\n\n\n<p class=\"wp-block-paragraph\">Quem tamb\u00e9m foi perguntado sobre o tema foi o heptacampe\u00e3o mundial Lewis Hamilton, da Mercedes, que constantemente levanta quest\u00f5es ambientais em suas plataformas. O ingl\u00eas conta com a F\u00f3rmula 1 para que as pequenas mudan\u00e7as na categoria sigam acontecendo.<\/p>\n\n\n\n<p class=\"wp-block-paragraph\">&#8220;N\u00e3o \u00e9 minha responsabilidade fazer uma apresenta\u00e7\u00e3o e explicar o que a F\u00f3rmula 1 est\u00e1 fazendo, mas j\u00e1 expressaram os passos que querem dar at\u00e9 2020. Naturalmente, estas coisas n\u00e3o mudam da noite para o dia, e acho que \u00e9 \u00f3timo que a F1 est\u00e1 aceitando a responsabilidade e percebendo que precisam realizar mais mudan\u00e7as para seguir em frente. Como pilotos, contamos com uma F1 e os organizadores para ter certeza que teremos impacto positivo nos lugares que vamos&#8221;, disse.<\/p>\n\n\n\n<p class=\"wp-block-paragraph\">Em 2019, a F\u00f3rmula 1 <a href=\"https:\/\/www.grandepremio.com\/br\/f1\/noticias\/como-f1-mira-eliminar-plasticos-e-zerar-emissao-de-carbono-ate-2030\/\">apresentou um projeto<\/a> que pretende tornar o esporte sustent\u00e1vel e livre da emiss\u00e3o de carbono at\u00e9 2030 com motores de combust\u00e3o interna. A categoria tamb\u00e9m planeja eliminar o consumo de pl\u00e1stico at\u00e9 2025.<\/p>\n\n\n\n<figure class=\"wp-block-embed is-type-video is-provider-youtube wp-block-embed-youtube wp-embed-aspect-16-9 wp-has-aspect-ratio\"><div class=\"wp-block-embed__wrapper\">\n<iframe loading=\"lazy\" title=\"CONFUS\u00c3O NA F1! COMO O GP DA B\u00c9LGICA DE F1 VALEU PONTOS SE S\u00d3 TEVE UMA VOLTA\" width=\"500\" height=\"281\" src=\"https:\/\/www.youtube.com\/embed\/PF7F22Rc1V8?feature=oembed\" frameborder=\"0\" allow=\"accelerometer; autoplay; clipboard-write; encrypted-media; gyroscope; picture-in-picture; web-share\" referrerpolicy=\"strict-origin-when-cross-origin\" allowfullscreen><\/iframe>\n<\/div><figcaption>COMO O GP DA B\u00c9LGICA DE F1 VALEU PONTOS SE S\u00d3 TEVE UMA VOLTA<\/figcaption><\/figure>\n","protected":false},"excerpt":{"rendered":"<p>Sebastian Vettel cr\u00ea que o protesto do grupo Extinction Rebellion em Zandvoort durante o GP da Holanda \u00e9 positivo para chamar aten\u00e7\u00e3o sobre problemas ambientais<\/p>\n","protected":false},"author":0,"featured_media":1000505007,"comment_status":"closed","ping_status":"closed","sticky":false,"template":"","format":"standard","meta":{"42wp_featured_image_caption":"","42wp_featured_image_credits":"","42wp_featured_video":"","42wp_featured_image_hidden":false,"42wp_authors_list":[],"footnotes":""},"categories":[2],"tags":[309,147,156,24837,1388,87,210,1389],"42wp_author":[47119],"class_list":["post-118152","post","type-post","status-publish","format-standard","has-post-thumbnail","hentry","category-f1","tag-aston-martin","tag-f1","tag-f1-2021","tag-formula-1-2","tag-gp-da-holanda","tag-lewis-hamilton","tag-sebastian-vettel","tag-zandvoort","42wp_author-gabriel-carvalho"],"_links":{"self":[{"href":"https:\/\/grandepremio.com\/br\/wp-json\/wp\/v2\/posts\/118152","targetHints":{"allow":["GET"]}}],"collection":[{"href":"https:\/\/grandepremio.com\/br\/wp-json\/wp\/v2\/posts"}],"about":[{"href":"https:\/\/grandepremio.com\/br\/wp-json\/wp\/v2\/types\/post"}],"replies":[{"embeddable":true,"href":"https:\/\/grandepremio.com\/br\/wp-json\/wp\/v2\/comments?post=118152"}],"version-history":[{"count":0,"href":"https:\/\/grandepremio.com\/br\/wp-json\/wp\/v2\/posts\/118152\/revisions"}],"wp:featuredmedia":[{"embeddable":true,"href":"https:\/\/grandepremio.com\/br\/wp-json\/wp\/v2\/media\/1000505007"}],"wp:attachment":[{"href":"https:\/\/grandepremio.com\/br\/wp-json\/wp\/v2\/media?parent=118152"}],"wp:term":[{"taxonomy":"category","embeddable":true,"href":"https:\/\/grandepremio.com\/br\/wp-json\/wp\/v2\/categories?post=118152"},{"taxonomy":"post_tag","embeddable":true,"href":"https:\/\/grandepremio.com\/br\/wp-json\/wp\/v2\/tags?post=118152"},{"taxonomy":"42wp_author","embeddable":true,"href":"https:\/\/grandepremio.com\/br\/wp-json\/wp\/v2\/42wp_author?post=118152"}],"curies":[{"name":"wp","href":"https:\/\/api.w.org\/{rel}","templated":true}]}}