{"id":118183,"date":"2021-09-01T09:43:21","date_gmt":"2021-09-01T12:43:21","guid":{"rendered":"https:\/\/grandepremio.com\/br\/noticias\/alpine-se-diz-aberta-apoiar-fernando-alonso-sonho-indy-500-seria-muito-bom-marca\/"},"modified":"2021-09-01T09:43:28","modified_gmt":"2021-09-01T12:43:28","slug":"alpine-se-diz-aberta-apoiar-fernando-alonso-sonho-indy-500-seria-muito-bom-marca","status":"publish","type":"post","link":"https:\/\/grandepremio.com\/br\/f1\/alpine-se-diz-aberta-apoiar-fernando-alonso-sonho-indy-500-seria-muito-bom-marca\/","title":{"rendered":"Alpine se diz aberta a apoiar Alonso no sonho da Indy 500: &#8220;Seria muito bom para marca&#8221;"},"content":{"rendered":"\n<figure class=\"wp-block-video\"><video class=\"video-js vjs-big-play-centered\" data-gp-vjs=\"1\" controls src=\"https:\/\/www.grandepremio.com\/br\/wp-content\/uploads\/l-videos\/resumoBelgicaDomingo.mp4\"><\/video><figcaption>Assista aos melhores momentos do GP da B\u00e9lgica deste domingo (V\u00ecdeo: GRANDE PR\u00caMIO com Reuters)<\/figcaption><\/figure>\n\n\n\n<p class=\"wp-block-paragraph\">Mesmo voltando \u00e0 F\u00f3rmula 1, Fernando Alonso nunca escondeu que ainda <a href=\"https:\/\/www.grandepremio.com\/br\/f1\/noticias\/fernando-alonso-mantem-foco-f1-mas-sonha-triplice-coroa-indy-500-lista-desejos\/\">tra\u00e7a planos<\/a> de incursionar na Indy e conquistar as 500 Milhas de Indian\u00e1polis. Afinal, o grande sonho do espanhol \u00e9 completar a Tr\u00edplice Coroa e se igualar ao lend\u00e1rio Graham Hill. Desta vez, o espanhol ganhou uma grande apoiadora: a Alpine, que confirmou que poder\u00e1, sim, auxiliar Alonso em Indiana.<\/p>\n\n\n\n<h5 class=\"wp-block-heading\"><strong>\u25b6\ufe0f&nbsp;Inscreva-se nos dois canais do GRANDE PR\u00caMIO no YouTube:&nbsp;<a href=\"https:\/\/www.youtube.com\/channel\/UC9OlHEgxoaY6QY6nWPoiqQg?sub_confirmation=1\" target=\"_blank\" rel=\"noreferrer noopener\">GP<\/a>&nbsp;|&nbsp;<a href=\"https:\/\/www.youtube.com\/channel\/UC9csiS6q_C3C0FYhyr1rnFA?sub_confirmation=1\" target=\"_blank\" rel=\"noreferrer noopener\">GP2<\/a><\/strong><\/h5>\n\n\n\n<p class=\"wp-block-paragraph\">Com as vit\u00f3rias de 2006 e 2007 no GP de M\u00f4naco da F1 e os triunfos em 2018 e 2019 nas 24 Horas de Le Mans, falta apenas a Indy 500 no curr\u00edculo do espanhol, que em duas tentativas n\u00e3o conseguiu conquist\u00e1-la. Na vis\u00e3o do diretor-executivo da Alpine, Laurent Rossi, o apoio serviria como um agradecimento aos servi\u00e7os prestados pelo espanhol e abriria uma vitrine nos Estados Unidos.\u00a0<\/p>\n\n\n\n<p class=\"wp-block-paragraph\">\u201cPode ser algo que iremos considerar, especialmente se Fernando se aposentar da F\u00f3rmula 1, o momento for bom e tivemos um carro. Podemos fazer isso, podemos fazer acontecer. Vamos considerar ficar de olho nisso, devemos muito ao Fernando e para a marca seria bom tamb\u00e9m. Mesmo que ainda n\u00e3o estejamos presente neste mercado (dos Estados Unidos), \u00e9 algo que seria muito bom para a marca\u201d, disse Rossi.<\/p>\n\n\n\n<p class=\"wp-block-paragraph\"><strong>Conhe\u00e7a o canal do Grande Pr\u00eamio no YouTube! Clique&nbsp;<a rel=\"noreferrer noopener\" href=\"https:\/\/youtube.com\/GrandePremioTV\" target=\"_blank\">aqui<\/a>.<br>Siga o Grande Pr\u00eamio no&nbsp;<a rel=\"noreferrer noopener\" href=\"https:\/\/twitter.com\/grandepremio\" target=\"_blank\">Twitter&nbsp;<\/a>e no&nbsp;<a rel=\"noreferrer noopener\" href=\"https:\/\/instagram.com\/grandepremio\" target=\"_blank\">Instagram<\/a>!<\/strong><\/p>\n\n\n\n<figure class=\"wp-block-image size-large\"><img decoding=\"async\" src=\"https:\/\/www.grandepremio.com\/br\/wp-content\/uploads\/2021\/08\/02521010_JDEL9305.JPG_-1024x683.jpg\" alt=\"LAURENT ROSSI; FERNANDO ALONSO; ALPINE; RENOVA\u00c7\u00c3O;\" class=\"wp-image-502349\"\/><figcaption>Laurent Rossi e Fernando Alonso selam a renova\u00e7\u00e3o com a Alpine at\u00e9 2022 (Foto: Alpine F1 Team)<\/figcaption><\/figure>\n\n\n\n<p class=\"wp-block-paragraph\">Ainda com os Estados Unidos em mente, Rossi citou a <a href=\"https:\/\/www.grandepremio.com\/br\/endurance\/noticias\/wec-imsa-oficializam-especificacao-conjunta-hipercarros-apos-luz-verde-fia\/\">fus\u00e3o das especifica\u00e7\u00f5es t\u00e9cnicas<\/a> do WEC e do IMSA, que entram em vigor a partir de 2023, como outra oportunidade dourada para a Alpine adentrar neste mercado. \u201cA LMDh [hipercarros] agora nos permite correr no IMSA e isso pode ser algo interessante se escolhermos esse caminho para termos Fernando, um piloto muito entusiasta do endurance, para refor\u00e7ar nosso time que j\u00e1 \u00e9 bem forte\u201d, projetou.<\/p>\n\n\n\n<p class=\"wp-block-paragraph\">Por fim, Rossi comentou a respeito de Alonso na F\u00f3rmula 1, que recentemente teve o contrato prolongado por mais uma temporada. Antes de ser 11\u00ba na n\u00e3o-corrida do GP da B\u00e9lgica, Alonso arrancou suspiros ao ser quarto colocado no GP da Hungria, ap\u00f3s protagonizar uma batalha feroz com Lewis Hamilton.<\/p>\n\n\n\n<p class=\"wp-block-paragraph\">\u201cGostaria de ter 20 pessoas como ele, que exige excel\u00eancia e traz performance em troca. Ele \u00e9 uma lenda do esporte. Se ele tiver esse desempenho ano que vem, ser\u00e1 um erro profissional meu n\u00e3o continuar com ele. Qual o motivo de eu n\u00e3o considerar isso? \u00c9 um luxo ter Fernando Alonso nesse n\u00edvel de performance\u201d, comentou Rossi.<\/p>\n\n\n\n<figure class=\"wp-block-embed is-type-video is-provider-youtube wp-block-embed-youtube wp-embed-aspect-16-9 wp-has-aspect-ratio\"><div class=\"wp-block-embed__wrapper\">\n<iframe loading=\"lazy\" title=\"F1 ACERTA AO N\u00c3O CORRER NA B\u00c9LGICA. MAS PRECISA TRATAR OS F\u00c3S MELHOR\" width=\"500\" height=\"281\" src=\"https:\/\/www.youtube.com\/embed\/9SeQDO1ffz0?feature=oembed\" frameborder=\"0\" allow=\"accelerometer; autoplay; clipboard-write; encrypted-media; gyroscope; picture-in-picture; web-share\" referrerpolicy=\"strict-origin-when-cross-origin\" allowfullscreen><\/iframe>\n<\/div><\/figure>\n","protected":false},"excerpt":{"rendered":"<p>Laurent Rossi, diretor-executivo da Alpine, confirmou o interesse em auxiliar Fernando Alonso em nova aventura na Indy 500. A corrida americana \u00e9 a que falta para conquistar a Tr\u00edplice Coroa<\/p>\n","protected":false},"author":0,"featured_media":1000504092,"comment_status":"closed","ping_status":"closed","sticky":false,"template":"","format":"standard","meta":{"42wp_featured_image_caption":"","42wp_featured_image_credits":"","42wp_featured_video":"","42wp_featured_image_hidden":false,"42wp_authors_list":[],"footnotes":""},"categories":[2],"tags":[20491,176,24837,25536,232,27073],"42wp_author":[47138],"class_list":["post-118183","post","type-post","status-publish","format-standard","has-post-thumbnail","hentry","category-f1","tag-alpine","tag-fernando-alonso","tag-formula-1-2","tag-formula-1-2021-2","tag-indy-500","tag-laurent-rossi","42wp_author-lucascouto"],"_links":{"self":[{"href":"https:\/\/grandepremio.com\/br\/wp-json\/wp\/v2\/posts\/118183","targetHints":{"allow":["GET"]}}],"collection":[{"href":"https:\/\/grandepremio.com\/br\/wp-json\/wp\/v2\/posts"}],"about":[{"href":"https:\/\/grandepremio.com\/br\/wp-json\/wp\/v2\/types\/post"}],"replies":[{"embeddable":true,"href":"https:\/\/grandepremio.com\/br\/wp-json\/wp\/v2\/comments?post=118183"}],"version-history":[{"count":0,"href":"https:\/\/grandepremio.com\/br\/wp-json\/wp\/v2\/posts\/118183\/revisions"}],"wp:featuredmedia":[{"embeddable":true,"href":"https:\/\/grandepremio.com\/br\/wp-json\/wp\/v2\/media\/1000504092"}],"wp:attachment":[{"href":"https:\/\/grandepremio.com\/br\/wp-json\/wp\/v2\/media?parent=118183"}],"wp:term":[{"taxonomy":"category","embeddable":true,"href":"https:\/\/grandepremio.com\/br\/wp-json\/wp\/v2\/categories?post=118183"},{"taxonomy":"post_tag","embeddable":true,"href":"https:\/\/grandepremio.com\/br\/wp-json\/wp\/v2\/tags?post=118183"},{"taxonomy":"42wp_author","embeddable":true,"href":"https:\/\/grandepremio.com\/br\/wp-json\/wp\/v2\/42wp_author?post=118183"}],"curies":[{"name":"wp","href":"https:\/\/api.w.org\/{rel}","templated":true}]}}