{"id":118198,"date":"2021-08-31T11:55:26","date_gmt":"2021-08-31T14:55:26","guid":{"rendered":"https:\/\/grandepremio.com\/br\/noticias\/fia-promete-rever-distribuicao-pontos-gps-interrompidos-apos-problemas-em-spa\/"},"modified":"2021-08-31T12:03:41","modified_gmt":"2021-08-31T15:03:41","slug":"fia-promete-rever-distribuicao-pontos-gps-interrompidos-apos-problemas-em-spa","status":"publish","type":"post","link":"https:\/\/grandepremio.com\/br\/f1\/fia-promete-rever-distribuicao-pontos-gps-interrompidos-apos-problemas-em-spa\/","title":{"rendered":"FIA promete rever distribui\u00e7\u00e3o de pontos em GPs interrompidos ap\u00f3s problemas em Spa"},"content":{"rendered":"\n<figure class=\"wp-block-video\"><video class=\"video-js vjs-big-play-centered\" data-gp-vjs=\"1\" controls src=\"https:\/\/www.grandepremio.com\/br\/wp-content\/uploads\/l-videos\/resumoBelgicaDomingo.mp4\"><\/video><figcaption>Assista aos melhores momentos do GP da B\u00e9lgica deste domingo (V\u00ecdeo: GRANDE PR\u00caMIO com Reuters)<\/figcaption><\/figure>\n\n\n\n<p class=\"wp-block-paragraph\">Duas voltas atr\u00e1s do safety-car em Spa-Francorchamps bastaram para a F\u00f3rmula 1 distribuir <strong><a href=\"https:\/\/www.grandepremio.com\/br\/f1\/noticias\/formula-1-encerra-nao-corrida-na-belgica-apos-3-horas-e-meia-2-voltas-e-max-verstappen-vencedor\/\">metade dos pontos no GP da B\u00e9lgica<\/a><\/strong>. A categoria ganhou um novo debate, com a decis\u00e3o da dire\u00e7\u00e3o de prova questionada por muitos. A Federa\u00e7\u00e3o Internacional de Automobilismo (FIA) embarcou nessa e prometeu revisar o regulamento esportivo nos pr\u00f3ximos meses.<\/p>\n\n\n\n<p class=\"wp-block-paragraph\">A decis\u00e3o foi confirmada por Jean Todt, presidente da FIA. O dirigente afirmou que a dire\u00e7\u00e3o de prova da F\u00f3rmula 1 agiu corretamente em Spa-Francorchamps, mas apontou para a necessidade de um debate mais aprofundado.<\/p>\n\n\n\n<p class=\"wp-block-paragraph\">&#8220;O GP da B\u00e9lgica deste ano trouxe desafios extraordin\u00e1rios para a F\u00f3rmula 1\u201d, disse Todt atrav\u00e9s de comunicado. \u201cAs condi\u00e7\u00f5es clim\u00e1ticas apontadas pela previs\u00e3o do tempo n\u00e3o se concretizaram ao longo do dia. Apesar de uma pequena janela aparecer no fim do dia, quando houve uma tentativa de come\u00e7ar a corrida, as condi\u00e7\u00f5es rapidamente pioraram. Pela falta de visibilidade, consequ\u00eancia do spray gerado pelos carros, n\u00e3o conseguimos disputar a corrida por completo em condi\u00e7\u00f5es seguras aos pilotos, fiscais e f\u00e3s que esperaram por horas na chuva, algo que lamento muito. Isso foi percebido por todos os acionistas&#8221;, seguiu.<\/p>\n\n\n\n<p class=\"wp-block-paragraph\"><strong>\u25b6\ufe0f&nbsp;Inscreva-se nos dois canais do GRANDE PR\u00caMIO no YouTube:&nbsp;<a href=\"https:\/\/www.youtube.com\/channel\/UC9OlHEgxoaY6QY6nWPoiqQg?sub_confirmation=1\" target=\"_blank\" rel=\"noreferrer noopener\">GP<\/a>&nbsp;|&nbsp;<a href=\"https:\/\/www.youtube.com\/channel\/UC9csiS6q_C3C0FYhyr1rnFA?sub_confirmation=1\" target=\"_blank\" rel=\"noreferrer noopener\">GP2<\/a><\/strong><\/p>\n\n\n\n<figure class=\"wp-block-image size-large\"><img decoding=\"async\" src=\"https:\/\/www.grandepremio.com\/br\/wp-content\/uploads\/2020\/12\/SI201406220547_hires_jpeg_24bit_rgb-1024x685.jpg\" alt=\"\" class=\"wp-image-443706\"\/><figcaption>Jean Todt refletiu sobre os dramas da F\u00f3rmula 1 em Spa (Foto: Getty Images\/Red Bull)<\/figcaption><\/figure>\n\n\n\n<p class=\"wp-block-paragraph\">&#8220;Os comiss\u00e1rios da FIA, com base no c\u00f3digo esportivo internacional, pararam a competi\u00e7\u00e3o para ganhar tempo e aumentar as chances de dar aos f\u00e3s uma corrida de F1. Apesar desses esfor\u00e7os, a corrida n\u00e3o p\u00f4de come\u00e7ar ap\u00f3s as voltas de safety-car, e o regulamento foi aplicado corretamente. Eu quero agradecer o pessoal da FIA, de Spa-Francorchamps e os volunt\u00e1rios pelo trabalho de qualidade. A FIA, junta da F\u00f3rmula 1 e das equipes, vai analisar a situa\u00e7\u00e3o para ver o que d\u00e1 para aprender e mudar no futuro. Os resultados, incluindo a quest\u00e3o da distribui\u00e7\u00e3o de pontos, ser\u00e3o debatidos na pr\u00f3xima comiss\u00e3o da F\u00f3rmula 1, marcada para 5 de outubro&#8221;, destacou.<\/p>\n\n\n\n<p class=\"wp-block-paragraph\">O GP da B\u00e9lgica foi v\u00edtima de uma chuva intensa em Spa-Francorchamps. A dire\u00e7\u00e3o de prova determinou que n\u00e3o havia condi\u00e7\u00f5es para correr, mas distribuiu pontos ap\u00f3s duas voltas de safety-car. A ordem do treino classificat\u00f3rio acabou essencialmente virando a ordem final da corrida, com Max Verstappen, George Russell e Lewis Hamilton no p\u00f3dio.<\/p>\n\n\n\n<p class=\"wp-block-paragraph\"><strong>Conhe\u00e7a o canal do Grande Pr\u00eamio no YouTube! Clique&nbsp;<a target=\"_blank\" href=\"https:\/\/youtube.com\/GrandePremioTV\" rel=\"noreferrer noopener\">aqui<\/a>.<\/strong><br><strong>Siga o Grande Pr\u00eamio no&nbsp;<a target=\"_blank\" href=\"https:\/\/twitter.com\/grandepremio\" rel=\"noreferrer noopener\">Twitter&nbsp;<\/a>e no&nbsp;<a target=\"_blank\" href=\"https:\/\/instagram.com\/grandepremio\" rel=\"noreferrer noopener\">Instagram<\/a>!<\/strong><\/p>\n","protected":false},"excerpt":{"rendered":"<p>Jean Todt, presidente da FIA, n\u00e3o faz cr\u00edticas \u00e0 dire\u00e7\u00e3o de prova da F\u00f3rmula 1 pela postura no GP da B\u00e9lgica, com duas voltas de safety-car e pontos pela metade. Dito isso, o dirigente quer rever o regulamento esportivo em reuni\u00e3o marcada para outubro<\/p>\n","protected":false},"author":0,"featured_media":1000504324,"comment_status":"closed","ping_status":"closed","sticky":false,"template":"","format":"standard","meta":{"42wp_featured_image_caption":"","42wp_featured_image_credits":"","42wp_featured_video":"","42wp_featured_image_hidden":false,"42wp_authors_list":[],"footnotes":""},"categories":[2],"tags":[1134,156,103,24837,24899,387,203,2646,108],"42wp_author":[47118],"class_list":["post-118198","post","type-post","status-publish","format-standard","has-post-thumbnail","hentry","category-f1","tag-chuva","tag-f1-2021","tag-fia","tag-formula-1-2","tag-gp-da-belgica-2","tag-jean-todt","tag-max-verstappen","tag-pontos","tag-spa-francorchamps","42wp_author-vitor-fazio"],"_links":{"self":[{"href":"https:\/\/grandepremio.com\/br\/wp-json\/wp\/v2\/posts\/118198","targetHints":{"allow":["GET"]}}],"collection":[{"href":"https:\/\/grandepremio.com\/br\/wp-json\/wp\/v2\/posts"}],"about":[{"href":"https:\/\/grandepremio.com\/br\/wp-json\/wp\/v2\/types\/post"}],"replies":[{"embeddable":true,"href":"https:\/\/grandepremio.com\/br\/wp-json\/wp\/v2\/comments?post=118198"}],"version-history":[{"count":0,"href":"https:\/\/grandepremio.com\/br\/wp-json\/wp\/v2\/posts\/118198\/revisions"}],"wp:featuredmedia":[{"embeddable":true,"href":"https:\/\/grandepremio.com\/br\/wp-json\/wp\/v2\/media\/1000504324"}],"wp:attachment":[{"href":"https:\/\/grandepremio.com\/br\/wp-json\/wp\/v2\/media?parent=118198"}],"wp:term":[{"taxonomy":"category","embeddable":true,"href":"https:\/\/grandepremio.com\/br\/wp-json\/wp\/v2\/categories?post=118198"},{"taxonomy":"post_tag","embeddable":true,"href":"https:\/\/grandepremio.com\/br\/wp-json\/wp\/v2\/tags?post=118198"},{"taxonomy":"42wp_author","embeddable":true,"href":"https:\/\/grandepremio.com\/br\/wp-json\/wp\/v2\/42wp_author?post=118198"}],"curies":[{"name":"wp","href":"https:\/\/api.w.org\/{rel}","templated":true}]}}