{"id":118254,"date":"2021-08-29T13:25:26","date_gmt":"2021-08-29T16:25:26","guid":{"rendered":"https:\/\/grandepremio.com\/br\/noticias\/marc-marquez-assume-culpa-acidente-jorge-martin-silverstone-foi-erro-meu\/"},"modified":"2021-08-29T13:25:32","modified_gmt":"2021-08-29T16:25:32","slug":"marc-marquez-assume-culpa-acidente-jorge-martin-silverstone-foi-erro-meu","status":"publish","type":"post","link":"https:\/\/grandepremio.com\/br\/motogp\/marc-marquez-assume-culpa-acidente-jorge-martin-silverstone-foi-erro-meu\/","title":{"rendered":"Marc M\u00e1rquez assume culpa por acidente com Mart\u00edn em Silverstone: &#8220;Foi erro meu&#8221;"},"content":{"rendered":"\n<p class=\"wp-block-paragraph\"><strong>\u25b6\ufe0f\u00a0Inscreva-se nos dois canais do GRANDE PR\u00caMIO no YouTube:\u00a0<a href=\"https:\/\/www.youtube.com\/channel\/UC9OlHEgxoaY6QY6nWPoiqQg?sub_confirmation=1\" target=\"_blank\" rel=\"noreferrer noopener\">GP<\/a>\u00a0|\u00a0<a href=\"https:\/\/www.youtube.com\/channel\/UC9csiS6q_C3C0FYhyr1rnFA?sub_confirmation=1\" target=\"_blank\" rel=\"noreferrer noopener\">GP2<\/a><\/strong><\/p>\n\n\n\n<figure class=\"wp-block-embed is-type-video is-provider-youtube wp-block-embed-youtube wp-embed-aspect-16-9 wp-has-aspect-ratio\"><div class=\"wp-block-embed__wrapper\">\n<iframe loading=\"lazy\" title=\"APRILIA RECEBE PRESENTE AO TER VI\u00d1ALES ANTES DO ESPERADO | GP \u00e0s 10\" width=\"500\" height=\"281\" src=\"https:\/\/www.youtube.com\/embed\/D07EHkxBu-w?feature=oembed\" frameborder=\"0\" allow=\"accelerometer; autoplay; clipboard-write; encrypted-media; gyroscope; picture-in-picture; web-share\" referrerpolicy=\"strict-origin-when-cross-origin\" allowfullscreen><\/iframe>\n<\/div><\/figure>\n\n\n\n<p class=\"wp-block-paragraph\">O GP da Gr\u00e3-Bretanha de Marc M\u00e1rquez <a href=\"https:\/\/www.grandepremio.com\/br\/motogp\/noticias\/fabio-quartararo-foge-vence-gra-bretanha-aleix-espargaro-aprilia-primeiro-podio-motogp\/\">n\u00e3o durou sequer uma volta completa<\/a>. O hexacampe\u00e3o da MotoGP se envolveu em um acidente com Jorge Mart\u00edn na curva Vale e abandonou logo ap\u00f3s a largada em Silverstone. Depois da corrida, sobraram lamenta\u00e7\u00f5es.<\/p>\n\n\n\n<p class=\"wp-block-paragraph\">Na primeira volta da prova, Mart\u00edn colocou por dentro e deu um leve toque em M\u00e1rquez, mas ambos seguiram na prova. Duas curvas depois, no entanto, o piloto da Honda mergulhou para dar o troco e acabou tirando os dois da disputa.<\/p>\n\n\n\n<p class=\"wp-block-paragraph\">&#8220;Quero me desculpar com o Mart\u00edn porque foi completamente erro meu. Fui muito otimista naquela manobra. \u00c9 verdade que \u00e9 uma situa\u00e7\u00e3o estranha, pois o [Fabio] Quartararo e o Mart\u00edn abriram a curva e eu esperava que ele, Mart\u00edn, escapasse da pista&#8221;, disse Marc M\u00e1rquez ap\u00f3s abandonar em Silverstone.<\/p>\n\n\n\n<figure class=\"wp-block-image size-large\"><img decoding=\"async\" src=\"https:\/\/www.grandepremio.com\/br\/wp-content\/uploads\/2021\/08\/000_9LV233-1024x689.jpg\" alt=\"\" class=\"wp-image-503841\"\/><figcaption>Marc M\u00e1rquez se envolveu em acidente com Jorge Mart\u00edn (Foto: AFP)<\/figcaption><\/figure>\n\n\n\n<p class=\"wp-block-paragraph\"><strong><br>Conhe\u00e7a o canal do Grande Pr\u00eamio no\u00a0<a href=\"https:\/\/www.youtube.com\/GrandePremioTV\">YouTube<\/a>.<br>Siga o Grande Pr\u00eamio no\u00a0<a rel=\"noreferrer noopener\" href=\"https:\/\/twitter.com\/grandepremio\" target=\"_blank\">Twitter\u00a0<\/a>e no\u00a0<a rel=\"noreferrer noopener\" href=\"https:\/\/instagram.com\/grandepremio\" target=\"_blank\">Instagram<\/a>.<\/strong><\/p>\n\n\n\n<p class=\"wp-block-paragraph\">&#8220;O que eu fiz foi apenas preparar a curva, depois coloquei a moto alinhada porque n\u00e3o tinha tempo para mudar para segunda marcha. Quando mudei, n\u00e3o tinha como colocar a terceiro, ent\u00e3o meus c\u00e1lculos n\u00e3o foram corretos. Foi um erro meu. Quero me desculpar com o Mart\u00edn e com a Pramac&#8221;, seguiu.<\/p>\n\n\n\n<p class=\"wp-block-paragraph\">Depois de tamb\u00e9m deixar a etapa brit\u00e2nica, Mart\u00edn analisou as imagens e concordou com o erro de M\u00e1rquez, inclusive aceitando as desculpas do rival mesmo sentindo que poderia brigar pela vit\u00f3ria neste domingo.<\/p>\n\n\n\n<p class=\"wp-block-paragraph\">&#8220;Estou decepcionado porque hoje eu me sentia muito bem com o ritmo e poderia ter brigado pelo segundo lugar, talvez at\u00e9 pela vit\u00f3ria&#8221;, destacou Jorge.<\/p>\n\n\n\n<p class=\"wp-block-paragraph\">&#8220;Ele [M\u00e1rquez] veio me pedir desculpas. \u00c9 um gesto bacana da parte dele, mas destruiu minha corrida. E esse \u00e9 o principal problema, ele n\u00e3o mediu as consequ\u00eancias, n\u00e3o tinha espa\u00e7o. Espero que possa aprender com esse acidente e mudar no futuro&#8221;, finalizou o piloto da Pramac.<\/p>\n\n\n\n<p class=\"wp-block-paragraph\">A MotoGP volta a acelerar no pr\u00f3ximo dia 12 de setembro, com o GP de\u00a0<a href=\"https:\/\/www.grandepremio.com\/br\/etapa\/motogp\/gp-de-aragao-2020\/\" target=\"_blank\" rel=\"noreferrer noopener\">Arag\u00e3o<\/a>, no MotorLand. O\u00a0<strong>GRANDE PR\u00caMIO<\/strong>\u00a0<a href=\"https:\/\/www.grandepremio.com\/br\/motogp\/ultimas-noticias\/\" target=\"_blank\" rel=\"noreferrer noopener\">acompanha todas as atividades<\/a>\u00a0do Mundial de\u00a0<a href=\"https:\/\/www.grandepremio.com\/br\/motogp\/\" target=\"_blank\" rel=\"noreferrer noopener\">Motovelocidade<\/a>\u00a02021.<\/p>\n\n\n\n<figure class=\"wp-block-video\"><video class=\"video-js vjs-big-play-centered\" data-gp-vjs=\"1\" controls src=\"https:\/\/www.grandepremio.com\/br\/wp-content\/uploads\/2021\/08\/MotoGP-2021-Gra-Bretanha-Silverstone-GP-Aleix-Espargaro.mp4\"><\/video><figcaption>A Aprilia era a \u00fanica construtora do grid atual que ainda n\u00e3o tinha ido ao p\u00f3dio na MotoGP (V\u00eddeo: MotoGP)<\/figcaption><\/figure>\n","protected":false},"excerpt":{"rendered":"<p>Marc M\u00e1rquez n\u00e3o completou a primeira volta do GP da Gr\u00e3-Bretanha ap\u00f3s toque com Jorge Mart\u00edn. Depois da corrida, o hexacampe\u00e3o da MotoGP se desculpou pelo acidente, mas o piloto da Pramac ficou irritado pela manobra realizada<\/p>\n","protected":false},"author":0,"featured_media":1000503842,"comment_status":"closed","ping_status":"closed","sticky":false,"template":"","format":"standard","meta":{"42wp_featured_image_caption":"","42wp_featured_image_credits":"","42wp_featured_video":"","42wp_featured_image_hidden":false,"42wp_authors_list":[],"footnotes":""},"categories":[8],"tags":[28578,130,25552,24996,79,78,490,24850,25819,26690,136,3632],"42wp_author":[47135],"class_list":["post-118254","post","type-post","status-publish","format-standard","has-post-thumbnail","hentry","category-motogp","tag-gp-da-gra-bretanha","tag-honda","tag-jorge-martin-2","tag-marc-marquez-2","tag-moto-gp","tag-motogp","tag-motogp-2021","tag-motogp-fox-sports","tag-motogp-hoje","tag-pilotos-motogp","tag-pramac","tag-silverstone","42wp_author-pedro-luis-cuenca"],"_links":{"self":[{"href":"https:\/\/grandepremio.com\/br\/wp-json\/wp\/v2\/posts\/118254","targetHints":{"allow":["GET"]}}],"collection":[{"href":"https:\/\/grandepremio.com\/br\/wp-json\/wp\/v2\/posts"}],"about":[{"href":"https:\/\/grandepremio.com\/br\/wp-json\/wp\/v2\/types\/post"}],"replies":[{"embeddable":true,"href":"https:\/\/grandepremio.com\/br\/wp-json\/wp\/v2\/comments?post=118254"}],"version-history":[{"count":0,"href":"https:\/\/grandepremio.com\/br\/wp-json\/wp\/v2\/posts\/118254\/revisions"}],"wp:featuredmedia":[{"embeddable":true,"href":"https:\/\/grandepremio.com\/br\/wp-json\/wp\/v2\/media\/1000503842"}],"wp:attachment":[{"href":"https:\/\/grandepremio.com\/br\/wp-json\/wp\/v2\/media?parent=118254"}],"wp:term":[{"taxonomy":"category","embeddable":true,"href":"https:\/\/grandepremio.com\/br\/wp-json\/wp\/v2\/categories?post=118254"},{"taxonomy":"post_tag","embeddable":true,"href":"https:\/\/grandepremio.com\/br\/wp-json\/wp\/v2\/tags?post=118254"},{"taxonomy":"42wp_author","embeddable":true,"href":"https:\/\/grandepremio.com\/br\/wp-json\/wp\/v2\/42wp_author?post=118254"}],"curies":[{"name":"wp","href":"https:\/\/api.w.org\/{rel}","templated":true}]}}