{"id":118263,"date":"2021-08-29T08:43:46","date_gmt":"2021-08-29T11:43:46","guid":{"rendered":"https:\/\/grandepremio.com\/br\/noticias\/briefing-previa-ao-vivo-gp-da-belgica-de-formula-1\/"},"modified":"2021-08-29T08:43:53","modified_gmt":"2021-08-29T11:43:53","slug":"briefing-previa-ao-vivo-gp-da-belgica-de-formula-1","status":"publish","type":"post","link":"https:\/\/grandepremio.com\/br\/f1\/briefing-previa-ao-vivo-gp-da-belgica-de-formula-1\/","title":{"rendered":"Briefing faz pr\u00e9via do GP da B\u00e9lgica de F1 e debate \u00faltimas informa\u00e7\u00f5es antes da largada"},"content":{"rendered":"\n<figure class=\"wp-block-embed is-type-video is-provider-youtube wp-block-embed-youtube wp-embed-aspect-16-9 wp-has-aspect-ratio\"><div class=\"wp-block-embed__wrapper\">\n<iframe loading=\"lazy\" title=\"GP DA B\u00c9LGICA DE F1: P\u00c9REZ BATE! O ESQUENTA DA CORRIDA EM SPA-FRANCORCHAMPS | Briefing\" width=\"500\" height=\"281\" src=\"https:\/\/www.youtube.com\/embed\/Hv1ybOdLwFw?feature=oembed\" frameborder=\"0\" allow=\"accelerometer; autoplay; clipboard-write; encrypted-media; gyroscope; picture-in-picture; web-share\" referrerpolicy=\"strict-origin-when-cross-origin\" allowfullscreen><\/iframe>\n<\/div><figcaption>GP DA B\u00c9LGICA DE F\u00d3RMULA 1: O ESQUENTA DA CORRIDA DESTE DOMINGO EM SPA-FRANCORCHAMPS | BRIEFING<\/figcaption><\/figure>\n\n\n\n<p class=\"wp-block-paragraph\">A F\u00f3rmula 1 disputa neste domingo (29) o GP da B\u00e9lgica, 12\u00aa etapa do campeonato, e o <strong>GRANDE PR\u00caMIO<\/strong> traz as \u00faltimas informa\u00e7\u00f5es antes da largada no quente circuito de Spa-Francorchamps. O <strong>BRIEFING<\/strong> traz a pr\u00e9via da prova e debate as \u00faltimas informa\u00e7\u00f5es do paddock. Tudo <strong><a href=\"https:\/\/www.youtube.com\/c\/GrandePremioTV\/\">AO VIVO na GPTV, o canal do GRANDE PR\u00caMIO no YouTube<\/a><\/strong>, a partir de 9h (de Bras\u00edlia).<\/p>\n\n\n\n<p class=\"wp-block-paragraph\"><strong>\u25b6\ufe0f\u00a0Inscreva-se nos dois canais do GRANDE PR\u00caMIO no YouTube:\u00a0<a href=\"https:\/\/www.youtube.com\/channel\/UC9OlHEgxoaY6QY6nWPoiqQg?sub_confirmation=1\" target=\"_blank\" rel=\"noreferrer noopener\">GP<\/a>\u00a0|\u00a0<a href=\"https:\/\/www.youtube.com\/channel\/UC9csiS6q_C3C0FYhyr1rnFA?sub_confirmation=1\" target=\"_blank\" rel=\"noreferrer noopener\">GP2<\/a><\/strong><\/p>\n\n\n\n<p class=\"wp-block-paragraph\">Spa-Francorchamps recebe mais uma etapa da F\u00f3rmula 1 e vai para o domingo com a expectativa de mais chuva depois de uma classifica\u00e7\u00e3o ca\u00f3tica, <a href=\"https:\/\/www.grandepremio.com\/br\/f1\/noticias\/max-verstappen-tira-pole-george-russell-larga-na-frente-belgica-acidente-lando-norris\/\">marcada pelo grave acidente sofrido por Lando Norris, mas tamb\u00e9m pela atua\u00e7\u00e3o soberba de George Russell e pela volta perfeita que garantiu a Max Verstappen<\/a> a pole-position do GP da B\u00e9lgica, a nona da carreira do holand\u00eas no Mundial. Lewis Hamilton, que luta com Max pelo t\u00edtulo, larga logo mais em terceiro.<\/p>\n\n\n\n<figure class=\"wp-block-image size-large\"><img decoding=\"async\" src=\"https:\/\/www.grandepremio.com\/br\/wp-content\/uploads\/2021\/08\/redbull-afp-maxverstappen-04-1024x683.jpg\" alt=\"\" class=\"wp-image-503434\"\/><figcaption>Verstappen comemorou a pole na B\u00e9lgica (Foto: Red Bull Content Pool\/Getty Images)<\/figcaption><\/figure>\n\n\n\n<p class=\"wp-block-paragraph\">A largada da prova em Spa-Francorchamps est\u00e1 marcada para as 10h (de Bras\u00edlia). Por isso, a partir das 9h (GMT-3), Victor Martins, Fernando Silva e Pedro Henrique Marum fazem a pr\u00e9via da etapa.<\/p>\n\n\n\n<p class=\"wp-block-paragraph\"><strong>Conhe\u00e7a o canal do Grande Pr\u00eamio no YouTube! Clique\u00a0<a rel=\"noreferrer noopener\" href=\"https:\/\/youtube.com\/GrandePremioTV\" target=\"_blank\">aqui<\/a>.<br>Siga o Grande Pr\u00eamio no\u00a0<a rel=\"noreferrer noopener\" href=\"https:\/\/twitter.com\/grandepremio\" target=\"_blank\">Twitter\u00a0<\/a>e no\u00a0<a rel=\"noreferrer noopener\" href=\"https:\/\/instagram.com\/grandepremio\" target=\"_blank\">Instagram<\/a>!<\/strong><\/p>\n\n\n\n<p class=\"wp-block-paragraph\">E assim que terminar a corrida, o <strong>GRANDE PR\u00caMIO<\/strong> volta a entrar <a href=\"https:\/\/www.youtube.com\/watch?v=Pd36Y-3juoU\">AO VIVO, desta vez com o BRIEFING p\u00f3s-GP<\/a>. Victor Martins segue na apresenta\u00e7\u00e3o do programa, que vai contar novamente com Evelyn Guimar\u00e3es e o convidado especial, Ubiratan Leal, nos coment\u00e1rios.<\/p>\n","protected":false},"excerpt":{"rendered":"<p>O GRANDE PR\u00caMIO abre o domingo (29) com o BRIEFING que vai trazer as \u00faltimas informa\u00e7\u00f5es antes da largada do GP da B\u00e9lgica, 12\u00aa etapa da temporada 2021 da F\u00f3rmula 1<\/p>\n","protected":false},"author":0,"featured_media":1000503362,"comment_status":"closed","ping_status":"closed","sticky":false,"template":"","format":"standard","meta":{"42wp_featured_image_caption":"","42wp_featured_image_credits":"","42wp_featured_video":"","42wp_featured_image_hidden":false,"42wp_authors_list":[],"footnotes":""},"categories":[2],"tags":[147,156,642,24837,25536,25823,800,24899,24836,87,203,1214,108],"42wp_author":[47110],"class_list":["post-118263","post","type-post","status-publish","format-standard","has-post-thumbnail","hentry","category-f1","tag-f1","tag-f1-2021","tag-f1-ao-vivo","tag-formula-1-2","tag-formula-1-2021-2","tag-formula-1-ao-vivo-2","tag-george-russell","tag-gp-da-belgica-2","tag-grande-premio-2","tag-lewis-hamilton","tag-max-verstappen","tag-pole-position","tag-spa-francorchamps","42wp_author-fernando-silva"],"_links":{"self":[{"href":"https:\/\/grandepremio.com\/br\/wp-json\/wp\/v2\/posts\/118263","targetHints":{"allow":["GET"]}}],"collection":[{"href":"https:\/\/grandepremio.com\/br\/wp-json\/wp\/v2\/posts"}],"about":[{"href":"https:\/\/grandepremio.com\/br\/wp-json\/wp\/v2\/types\/post"}],"replies":[{"embeddable":true,"href":"https:\/\/grandepremio.com\/br\/wp-json\/wp\/v2\/comments?post=118263"}],"version-history":[{"count":0,"href":"https:\/\/grandepremio.com\/br\/wp-json\/wp\/v2\/posts\/118263\/revisions"}],"wp:featuredmedia":[{"embeddable":true,"href":"https:\/\/grandepremio.com\/br\/wp-json\/wp\/v2\/media\/1000503362"}],"wp:attachment":[{"href":"https:\/\/grandepremio.com\/br\/wp-json\/wp\/v2\/media?parent=118263"}],"wp:term":[{"taxonomy":"category","embeddable":true,"href":"https:\/\/grandepremio.com\/br\/wp-json\/wp\/v2\/categories?post=118263"},{"taxonomy":"post_tag","embeddable":true,"href":"https:\/\/grandepremio.com\/br\/wp-json\/wp\/v2\/tags?post=118263"},{"taxonomy":"42wp_author","embeddable":true,"href":"https:\/\/grandepremio.com\/br\/wp-json\/wp\/v2\/42wp_author?post=118263"}],"curies":[{"name":"wp","href":"https:\/\/api.w.org\/{rel}","templated":true}]}}